{"id":21396,"date":"2022-05-17T18:09:34","date_gmt":"2022-05-17T22:09:34","guid":{"rendered":"http:\/\/pumahue.cl\/puerto-montt\/?p=21396"},"modified":"2022-05-17T18:09:34","modified_gmt":"2022-05-17T22:09:34","slug":"celebracion-dia-del-alumno-3","status":"publish","type":"post","link":"https:\/\/www.pumahue.cl\/puerto-montt\/noticias\/celebracion-dia-del-alumno-3\/","title":{"rendered":"Celebraci\u00f3n D\u00eda del Alumno"},"content":{"rendered":"<p>El pasado viernes 13 de mayo nuestros estudiantes celebraron el Dia del Alumno con mucho entusiasmo el d\u00eda del alumno.<\/p>\n<p>Los ciclos de Educaci\u00f3n Parvularia, B\u00e1sica y Media y el CAMPUR General de Alumnos, prepararon diferentes actividades para celebrar este d\u00eda tan importante.<\/p>\n<p style=\"text-align: center\"><strong>\u00a1Agradecemos a nuestros funcionarios, apoderados y alumnos por el entusiasmo!<\/strong><\/p>\n"},"excerpt":{"rendered":"<p>El pasado viernes 13 de mayo nuestros estudiantes celebraron el Dia del Alumno con mucho entusiasmo el d\u00eda del alumno. Los ciclos de Educaci\u00f3n Parvularia, B\u00e1sica y Media y el CAMPUR General de Alumnos, prepararon diferentes actividades para celebrar este d\u00eda tan importante. \u00a1Agradecemos a nuestros funcionarios, apoderados y alumnos por el entusiasmo!<\/p>\n","protected":false},"author":14,"featured_media":21435,"comment_status":"open","ping_status":"open","sticky":false,"template":"","format":"standard","meta":{"_acf_changed":false,"content-type":"","_jetpack_memberships_contains_paid_content":false,"footnotes":""},"categories":[1],"tags":[],"class_list":["post-21396","post","type-post","status-publish","format-standard","has-post-thumbnail","hentry","category-vida-escolar"],"acf":[],"yoast_head":"<!-- This site is optimized with the Yoast SEO plugin v27.1.1 - https:\/\/yoast.com\/product\/yoast-seo-wordpress\/ -->\n<title>Celebraci\u00f3n D\u00eda del Alumno - Colegio Pumahue Puerto Montt<\/title>\n<meta name=\"robots\" content=\"index, follow, max-snippet:-1, max-image-preview:large, max-video-preview:-1\" \/>\n<link rel=\"canonical\" href=\"https:\/\/www.pumahue.cl\/puerto-montt\/noticias\/celebracion-dia-del-alumno-3\/\" \/>\n<meta property=\"og:locale\" content=\"es_ES\" \/>\n<meta property=\"og:type\" content=\"article\" \/>\n<meta property=\"og:title\" content=\"Celebraci\u00f3n D\u00eda del Alumno - Colegio Pumahue Puerto Montt\" \/>\n<meta property=\"og:description\" content=\"El pasado viernes 13 de mayo nuestros estudiantes celebraron el Dia del Alumno con mucho entusiasmo el d\u00eda del alumno. Los ciclos de Educaci\u00f3n Parvularia, B\u00e1sica y Media y el CAMPUR General de Alumnos, prepararon diferentes actividades para celebrar este d\u00eda tan importante. \u00a1Agradecemos a nuestros funcionarios, apoderados y alumnos por el entusiasmo!\" \/>\n<meta property=\"og:url\" content=\"https:\/\/www.pumahue.cl\/puerto-montt\/noticias\/celebracion-dia-del-alumno-3\/\" \/>\n<meta property=\"og:site_name\" content=\"Colegio Pumahue Puerto Montt\" \/>\n<meta property=\"article:publisher\" content=\"http:\/\/www.facebook.com\/ColegiosPumahue\" \/>\n<meta property=\"article:published_time\" content=\"2022-05-17T22:09:34+00:00\" \/>\n<meta property=\"og:image\" content=\"https:\/\/www.pumahue.cl\/puerto-montt\/wp-content\/uploads\/sites\/50\/2022\/05\/38.jpg\" \/>\n\t<meta property=\"og:image:width\" content=\"836\" \/>\n\t<meta property=\"og:image:height\" content=\"523\" \/>\n\t<meta property=\"og:image:type\" content=\"image\/jpeg\" \/>\n<meta name=\"author\" content=\"jorgedelcampo\" \/>\n<meta name=\"twitter:card\" content=\"summary_large_image\" \/>\n<meta name=\"twitter:label1\" content=\"Escrito por\" \/>\n\t<meta name=\"twitter:data1\" content=\"jorgedelcampo\" \/>\n<script type=\"application\/ld+json\" class=\"yoast-schema-graph\">{\"@context\":\"https:\/\/schema.org\",\"@graph\":[{\"@type\":\"Article\",\"@id\":\"https:\/\/www.pumahue.cl\/puerto-montt\/noticias\/celebracion-dia-del-alumno-3\/#article\",\"isPartOf\":{\"@id\":\"https:\/\/www.pumahue.cl\/puerto-montt\/noticias\/celebracion-dia-del-alumno-3\/\"},\"author\":{\"name\":\"jorgedelcampo\",\"@id\":\"https:\/\/www.pumahue.cl\/puerto-montt\/#\/schema\/person\/0debeea140e397b5d490ee7e553255d8\"},\"headline\":\"Celebraci\u00f3n D\u00eda del Alumno\",\"datePublished\":\"2022-05-17T22:09:34+00:00\",\"mainEntityOfPage\":{\"@id\":\"https:\/\/www.pumahue.cl\/puerto-montt\/noticias\/celebracion-dia-del-alumno-3\/\"},\"wordCount\":62,\"commentCount\":0,\"publisher\":{\"@id\":\"https:\/\/www.pumahue.cl\/puerto-montt\/#organization\"},\"image\":{\"@id\":\"https:\/\/www.pumahue.cl\/puerto-montt\/noticias\/celebracion-dia-del-alumno-3\/#primaryimage\"},\"thumbnailUrl\":\"https:\/\/www.pumahue.cl\/puerto-montt\/wp-content\/uploads\/sites\/50\/2022\/05\/38.jpg\",\"articleSection\":[\"Vida escolar\"],\"inLanguage\":\"es\",\"potentialAction\":[{\"@type\":\"CommentAction\",\"name\":\"Comment\",\"target\":[\"https:\/\/www.pumahue.cl\/puerto-montt\/noticias\/celebracion-dia-del-alumno-3\/#respond\"]}]},{\"@type\":\"WebPage\",\"@id\":\"https:\/\/www.pumahue.cl\/puerto-montt\/noticias\/celebracion-dia-del-alumno-3\/\",\"url\":\"https:\/\/www.pumahue.cl\/puerto-montt\/noticias\/celebracion-dia-del-alumno-3\/\",\"name\":\"Celebraci\u00f3n D\u00eda del Alumno - Colegio Pumahue Puerto Montt\",\"isPartOf\":{\"@id\":\"https:\/\/www.pumahue.cl\/puerto-montt\/#website\"},\"primaryImageOfPage\":{\"@id\":\"https:\/\/www.pumahue.cl\/puerto-montt\/noticias\/celebracion-dia-del-alumno-3\/#primaryimage\"},\"image\":{\"@id\":\"https:\/\/www.pumahue.cl\/puerto-montt\/noticias\/celebracion-dia-del-alumno-3\/#primaryimage\"},\"thumbnailUrl\":\"https:\/\/www.pumahue.cl\/puerto-montt\/wp-content\/uploads\/sites\/50\/2022\/05\/38.jpg\",\"datePublished\":\"2022-05-17T22:09:34+00:00\",\"breadcrumb\":{\"@id\":\"https:\/\/www.pumahue.cl\/puerto-montt\/noticias\/celebracion-dia-del-alumno-3\/#breadcrumb\"},\"inLanguage\":\"es\",\"potentialAction\":[{\"@type\":\"ReadAction\",\"target\":[\"https:\/\/www.pumahue.cl\/puerto-montt\/noticias\/celebracion-dia-del-alumno-3\/\"]}]},{\"@type\":\"ImageObject\",\"inLanguage\":\"es\",\"@id\":\"https:\/\/www.pumahue.cl\/puerto-montt\/noticias\/celebracion-dia-del-alumno-3\/#primaryimage\",\"url\":\"https:\/\/www.pumahue.cl\/puerto-montt\/wp-content\/uploads\/sites\/50\/2022\/05\/38.jpg\",\"contentUrl\":\"https:\/\/www.pumahue.cl\/puerto-montt\/wp-content\/uploads\/sites\/50\/2022\/05\/38.jpg\",\"width\":836,\"height\":523},{\"@type\":\"BreadcrumbList\",\"@id\":\"https:\/\/www.pumahue.cl\/puerto-montt\/noticias\/celebracion-dia-del-alumno-3\/#breadcrumb\",\"itemListElement\":[{\"@type\":\"ListItem\",\"position\":1,\"name\":\"Home\",\"item\":\"https:\/\/www.pumahue.cl\/puerto-montt\/\"},{\"@type\":\"ListItem\",\"position\":2,\"name\":\"Celebraci\u00f3n D\u00eda del Alumno\"}]},{\"@type\":\"WebSite\",\"@id\":\"https:\/\/www.pumahue.cl\/puerto-montt\/#website\",\"url\":\"https:\/\/www.pumahue.cl\/puerto-montt\/\",\"name\":\"Colegio Pumahue Puerto Montt\",\"description\":\"Parte de Cognita Schools\",\"publisher\":{\"@id\":\"https:\/\/www.pumahue.cl\/puerto-montt\/#organization\"},\"potentialAction\":[{\"@type\":\"SearchAction\",\"target\":{\"@type\":\"EntryPoint\",\"urlTemplate\":\"https:\/\/www.pumahue.cl\/puerto-montt\/?s={search_term_string}\"},\"query-input\":{\"@type\":\"PropertyValueSpecification\",\"valueRequired\":true,\"valueName\":\"search_term_string\"}}],\"inLanguage\":\"es\"},{\"@type\":\"Organization\",\"@id\":\"https:\/\/www.pumahue.cl\/puerto-montt\/#organization\",\"name\":\"Colegio Pumahue Puerto Montt\",\"url\":\"https:\/\/www.pumahue.cl\/puerto-montt\/\",\"logo\":{\"@type\":\"ImageObject\",\"inLanguage\":\"es\",\"@id\":\"https:\/\/www.pumahue.cl\/puerto-montt\/#\/schema\/logo\/image\/\",\"url\":\"https:\/\/www.pumahue.cl\/puerto-montt\/wp-content\/uploads\/sites\/50\/2025\/02\/cropped-logo_Pumahue_.png\",\"contentUrl\":\"https:\/\/www.pumahue.cl\/puerto-montt\/wp-content\/uploads\/sites\/50\/2025\/02\/cropped-logo_Pumahue_.png\",\"width\":512,\"height\":512,\"caption\":\"Colegio Pumahue Puerto Montt\"},\"image\":{\"@id\":\"https:\/\/www.pumahue.cl\/puerto-montt\/#\/schema\/logo\/image\/\"},\"sameAs\":[\"http:\/\/www.facebook.com\/ColegiosPumahue\",\"https:\/\/www.instagram.com\/colegiopumahue_puertomontt\",\"https:\/\/www.youtube.com\/@CognitaChile\"]},{\"@type\":\"Person\",\"@id\":\"https:\/\/www.pumahue.cl\/puerto-montt\/#\/schema\/person\/0debeea140e397b5d490ee7e553255d8\",\"name\":\"jorgedelcampo\",\"image\":{\"@type\":\"ImageObject\",\"inLanguage\":\"es\",\"@id\":\"https:\/\/www.pumahue.cl\/puerto-montt\/#\/schema\/person\/image\/\",\"url\":\"https:\/\/secure.gravatar.com\/avatar\/4a315f521213b2dc91dbda9bf799f711c8a98ab6f5606ec42cf5b33d1e762e8a?s=96&d=mm&r=g\",\"contentUrl\":\"https:\/\/secure.gravatar.com\/avatar\/4a315f521213b2dc91dbda9bf799f711c8a98ab6f5606ec42cf5b33d1e762e8a?s=96&d=mm&r=g\",\"caption\":\"jorgedelcampo\"}}]}<\/script>\n<!-- \/ Yoast SEO plugin. -->","yoast_head_json":{"title":"Celebraci\u00f3n D\u00eda del Alumno - Colegio Pumahue Puerto Montt","robots":{"index":"index","follow":"follow","max-snippet":"max-snippet:-1","max-image-preview":"max-image-preview:large","max-video-preview":"max-video-preview:-1"},"canonical":"https:\/\/www.pumahue.cl\/puerto-montt\/noticias\/celebracion-dia-del-alumno-3\/","og_locale":"es_ES","og_type":"article","og_title":"Celebraci\u00f3n D\u00eda del Alumno - Colegio Pumahue Puerto Montt","og_description":"El pasado viernes 13 de mayo nuestros estudiantes celebraron el Dia del Alumno con mucho entusiasmo el d\u00eda del alumno. Los ciclos de Educaci\u00f3n Parvularia, B\u00e1sica y Media y el CAMPUR General de Alumnos, prepararon diferentes actividades para celebrar este d\u00eda tan importante. \u00a1Agradecemos a nuestros funcionarios, apoderados y alumnos por el entusiasmo!","og_url":"https:\/\/www.pumahue.cl\/puerto-montt\/noticias\/celebracion-dia-del-alumno-3\/","og_site_name":"Colegio Pumahue Puerto Montt","article_publisher":"http:\/\/www.facebook.com\/ColegiosPumahue","article_published_time":"2022-05-17T22:09:34+00:00","og_image":[{"width":836,"height":523,"url":"https:\/\/www.pumahue.cl\/puerto-montt\/wp-content\/uploads\/sites\/50\/2022\/05\/38.jpg","type":"image\/jpeg"}],"author":"jorgedelcampo","twitter_card":"summary_large_image","twitter_misc":{"Escrito por":"jorgedelcampo"},"schema":{"@context":"https:\/\/schema.org","@graph":[{"@type":"Article","@id":"https:\/\/www.pumahue.cl\/puerto-montt\/noticias\/celebracion-dia-del-alumno-3\/#article","isPartOf":{"@id":"https:\/\/www.pumahue.cl\/puerto-montt\/noticias\/celebracion-dia-del-alumno-3\/"},"author":{"name":"jorgedelcampo","@id":"https:\/\/www.pumahue.cl\/puerto-montt\/#\/schema\/person\/0debeea140e397b5d490ee7e553255d8"},"headline":"Celebraci\u00f3n D\u00eda del Alumno","datePublished":"2022-05-17T22:09:34+00:00","mainEntityOfPage":{"@id":"https:\/\/www.pumahue.cl\/puerto-montt\/noticias\/celebracion-dia-del-alumno-3\/"},"wordCount":62,"commentCount":0,"publisher":{"@id":"https:\/\/www.pumahue.cl\/puerto-montt\/#organization"},"image":{"@id":"https:\/\/www.pumahue.cl\/puerto-montt\/noticias\/celebracion-dia-del-alumno-3\/#primaryimage"},"thumbnailUrl":"https:\/\/www.pumahue.cl\/puerto-montt\/wp-content\/uploads\/sites\/50\/2022\/05\/38.jpg","articleSection":["Vida escolar"],"inLanguage":"es","potentialAction":[{"@type":"CommentAction","name":"Comment","target":["https:\/\/www.pumahue.cl\/puerto-montt\/noticias\/celebracion-dia-del-alumno-3\/#respond"]}]},{"@type":"WebPage","@id":"https:\/\/www.pumahue.cl\/puerto-montt\/noticias\/celebracion-dia-del-alumno-3\/","url":"https:\/\/www.pumahue.cl\/puerto-montt\/noticias\/celebracion-dia-del-alumno-3\/","name":"Celebraci\u00f3n D\u00eda del Alumno - Colegio Pumahue Puerto Montt","isPartOf":{"@id":"https:\/\/www.pumahue.cl\/puerto-montt\/#website"},"primaryImageOfPage":{"@id":"https:\/\/www.pumahue.cl\/puerto-montt\/noticias\/celebracion-dia-del-alumno-3\/#primaryimage"},"image":{"@id":"https:\/\/www.pumahue.cl\/puerto-montt\/noticias\/celebracion-dia-del-alumno-3\/#primaryimage"},"thumbnailUrl":"https:\/\/www.pumahue.cl\/puerto-montt\/wp-content\/uploads\/sites\/50\/2022\/05\/38.jpg","datePublished":"2022-05-17T22:09:34+00:00","breadcrumb":{"@id":"https:\/\/www.pumahue.cl\/puerto-montt\/noticias\/celebracion-dia-del-alumno-3\/#breadcrumb"},"inLanguage":"es","potentialAction":[{"@type":"ReadAction","target":["https:\/\/www.pumahue.cl\/puerto-montt\/noticias\/celebracion-dia-del-alumno-3\/"]}]},{"@type":"ImageObject","inLanguage":"es","@id":"https:\/\/www.pumahue.cl\/puerto-montt\/noticias\/celebracion-dia-del-alumno-3\/#primaryimage","url":"https:\/\/www.pumahue.cl\/puerto-montt\/wp-content\/uploads\/sites\/50\/2022\/05\/38.jpg","contentUrl":"https:\/\/www.pumahue.cl\/puerto-montt\/wp-content\/uploads\/sites\/50\/2022\/05\/38.jpg","width":836,"height":523},{"@type":"BreadcrumbList","@id":"https:\/\/www.pumahue.cl\/puerto-montt\/noticias\/celebracion-dia-del-alumno-3\/#breadcrumb","itemListElement":[{"@type":"ListItem","position":1,"name":"Home","item":"https:\/\/www.pumahue.cl\/puerto-montt\/"},{"@type":"ListItem","position":2,"name":"Celebraci\u00f3n D\u00eda del Alumno"}]},{"@type":"WebSite","@id":"https:\/\/www.pumahue.cl\/puerto-montt\/#website","url":"https:\/\/www.pumahue.cl\/puerto-montt\/","name":"Colegio Pumahue Puerto Montt","description":"Parte de Cognita Schools","publisher":{"@id":"https:\/\/www.pumahue.cl\/puerto-montt\/#organization"},"potentialAction":[{"@type":"SearchAction","target":{"@type":"EntryPoint","urlTemplate":"https:\/\/www.pumahue.cl\/puerto-montt\/?s={search_term_string}"},"query-input":{"@type":"PropertyValueSpecification","valueRequired":true,"valueName":"search_term_string"}}],"inLanguage":"es"},{"@type":"Organization","@id":"https:\/\/www.pumahue.cl\/puerto-montt\/#organization","name":"Colegio Pumahue Puerto Montt","url":"https:\/\/www.pumahue.cl\/puerto-montt\/","logo":{"@type":"ImageObject","inLanguage":"es","@id":"https:\/\/www.pumahue.cl\/puerto-montt\/#\/schema\/logo\/image\/","url":"https:\/\/www.pumahue.cl\/puerto-montt\/wp-content\/uploads\/sites\/50\/2025\/02\/cropped-logo_Pumahue_.png","contentUrl":"https:\/\/www.pumahue.cl\/puerto-montt\/wp-content\/uploads\/sites\/50\/2025\/02\/cropped-logo_Pumahue_.png","width":512,"height":512,"caption":"Colegio Pumahue Puerto Montt"},"image":{"@id":"https:\/\/www.pumahue.cl\/puerto-montt\/#\/schema\/logo\/image\/"},"sameAs":["http:\/\/www.facebook.com\/ColegiosPumahue","https:\/\/www.instagram.com\/colegiopumahue_puertomontt","https:\/\/www.youtube.com\/@CognitaChile"]},{"@type":"Person","@id":"https:\/\/www.pumahue.cl\/puerto-montt\/#\/schema\/person\/0debeea140e397b5d490ee7e553255d8","name":"jorgedelcampo","image":{"@type":"ImageObject","inLanguage":"es","@id":"https:\/\/www.pumahue.cl\/puerto-montt\/#\/schema\/person\/image\/","url":"https:\/\/secure.gravatar.com\/avatar\/4a315f521213b2dc91dbda9bf799f711c8a98ab6f5606ec42cf5b33d1e762e8a?s=96&d=mm&r=g","contentUrl":"https:\/\/secure.gravatar.com\/avatar\/4a315f521213b2dc91dbda9bf799f711c8a98ab6f5606ec42cf5b33d1e762e8a?s=96&d=mm&r=g","caption":"jorgedelcampo"}}]}},"jetpack_featured_media_url":"https:\/\/www.pumahue.cl\/puerto-montt\/wp-content\/uploads\/sites\/50\/2022\/05\/38.jpg","previous_post_ID":21388,"previous_post_title":"4B Biling\u00fce participa en laboratorio de ciencias junto a los Bi\u00f3logos de III Medio","previous_post_excerpt":"Los estudiantes del 4to B Biling\u00fce participaron de una entretenida clase en el laboratorio de Ciencias de nuestro colegio, junto a los estudiantes bi\u00f3logos de III Medio, quienes junto a Miss Ver\u00f3nica Gangas y M\u00edster Carlos Bravo, prepararon una l\u00fadica clase cuyo objetivo fue aprender a reconocer partes del sistema musculoesqueletico. &nbsp; \u00a1 Felicitaciones a [&hellip;]","previous_post_link":"https:\/\/www.pumahue.cl\/puerto-montt\/noticias\/4b-bilingue-participa-en-laboratorio-de-ciencias-junto-a-los-biologos-de-iii-medio\/","previous_post_class":["post-21388","post","type-post","status-publish","format-standard","has-post-thumbnail","hentry","category-vida-escolar"],"next_post_ID":21443,"next_post_title":"Conexi\u00f3n de nuestros estudiantes con ELIS Murcia - Espa\u00f1a","next_post_excerpt":"Desde el a\u00f1o pasado nuestros estudiantes han realizado conexiones con el colegio ELIS MURCIA, perteneciente a la Red Internacional de Colegios Cognita, ubicado en Espa\u00f1a. Los intercambios constan en generar instancias para compartir diferentes experiencias en el marco de proyectos realizados por nuestros estudiantes en el marco de los Programas Diferenciadores como lo es, Emprendimiento [&hellip;]","next_post_link":"https:\/\/www.pumahue.cl\/puerto-montt\/noticias\/21443-2\/","next_post_class":["post-21443","post","type-post","status-publish","format-standard","has-post-thumbnail","hentry","category-vida-escolar"],"jetpack_sharing_enabled":true,"_links":{"self":[{"href":"https:\/\/www.pumahue.cl\/puerto-montt\/wp-json\/wp\/v2\/posts\/21396","targetHints":{"allow":["GET"]}}],"collection":[{"href":"https:\/\/www.pumahue.cl\/puerto-montt\/wp-json\/wp\/v2\/posts"}],"about":[{"href":"https:\/\/www.pumahue.cl\/puerto-montt\/wp-json\/wp\/v2\/types\/post"}],"author":[{"embeddable":true,"href":"https:\/\/www.pumahue.cl\/puerto-montt\/wp-json\/wp\/v2\/users\/14"}],"replies":[{"embeddable":true,"href":"https:\/\/www.pumahue.cl\/puerto-montt\/wp-json\/wp\/v2\/comments?post=21396"}],"version-history":[{"count":0,"href":"https:\/\/www.pumahue.cl\/puerto-montt\/wp-json\/wp\/v2\/posts\/21396\/revisions"}],"wp:featuredmedia":[{"embeddable":true,"href":"https:\/\/www.pumahue.cl\/puerto-montt\/wp-json\/wp\/v2\/media\/21435"}],"wp:attachment":[{"href":"https:\/\/www.pumahue.cl\/puerto-montt\/wp-json\/wp\/v2\/media?parent=21396"}],"wp:term":[{"taxonomy":"category","embeddable":true,"href":"https:\/\/www.pumahue.cl\/puerto-montt\/wp-json\/wp\/v2\/categories?post=21396"},{"taxonomy":"post_tag","embeddable":true,"href":"https:\/\/www.pumahue.cl\/puerto-montt\/wp-json\/wp\/v2\/tags?post=21396"}],"curies":[{"name":"wp","href":"https:\/\/api.w.org\/{rel}","templated":true}]}}