{"id":22137,"date":"2022-08-10T19:34:20","date_gmt":"2022-08-10T23:34:20","guid":{"rendered":"http:\/\/pumahue.cl\/puerto-montt\/?p=22137"},"modified":"2022-08-10T19:34:20","modified_gmt":"2022-08-10T23:34:20","slug":"esquinazo-educacion-parvularia","status":"publish","type":"post","link":"https:\/\/www.pumahue.cl\/puerto-montt\/noticias\/esquinazo-educacion-parvularia\/","title":{"rendered":"Esquinazo Educaci\u00f3n Parvularia &#8211; Unidad EIYC Chile Mi Pa\u00eds"},"content":{"rendered":"<p>Ya nos acercamos al mes de la patria y nuestros alumnos de Educaci\u00f3n Parvularia, dieron inicio a la Unidad &#8220;Chile Mis Pa\u00eds&#8221; en el marco de EIYC.<\/p>\n<p>Miss Alejandra Garc\u00e9s y Mister Pedro Y\u00e1\u00f1ez dieron inicio a esta hermosa unidad que nuestros estudiantes disfrutar\u00e1n conociendo m\u00e1s de nuestra cultura Chilena.<\/p>\n<p>Como colegio queremos agradecer a nuestros apoderados, funcionarios y alumnos que participaron bailando hermosas demostraciones de nuestro baile t\u00edpico a todo nuestro ciclo de educaci\u00f3n parvularia.<\/p>\n<p>[multimedia id=&#8221;1&#8243;]<\/p>\n"},"excerpt":{"rendered":"<p>Ya nos acercamos al mes de la patria y nuestros alumnos de Educaci\u00f3n Parvularia, dieron inicio a la Unidad &#8220;Chile Mis Pa\u00eds&#8221; en el marco de EIYC. Miss Alejandra Garc\u00e9s y Mister Pedro Y\u00e1\u00f1ez dieron inicio a esta hermosa unidad que nuestros estudiantes disfrutar\u00e1n conociendo m\u00e1s de nuestra cultura Chilena. Como colegio queremos agradecer a [&hellip;]<\/p>\n","protected":false},"author":14,"featured_media":22144,"comment_status":"open","ping_status":"open","sticky":false,"template":"","format":"standard","meta":{"_acf_changed":false,"content-type":"","_jetpack_memberships_contains_paid_content":false,"footnotes":""},"categories":[1],"tags":[],"class_list":["post-22137","post","type-post","status-publish","format-standard","has-post-thumbnail","hentry","category-vida-escolar"],"acf":[],"yoast_head":"<!-- This site is optimized with the Yoast SEO plugin v27.1.1 - https:\/\/yoast.com\/product\/yoast-seo-wordpress\/ -->\n<title>Esquinazo Educaci\u00f3n Parvularia - Unidad EIYC Chile Mi Pa\u00eds - Colegio Pumahue Puerto Montt<\/title>\n<meta name=\"robots\" content=\"index, follow, max-snippet:-1, max-image-preview:large, max-video-preview:-1\" \/>\n<link rel=\"canonical\" href=\"https:\/\/www.pumahue.cl\/puerto-montt\/noticias\/esquinazo-educacion-parvularia\/\" \/>\n<meta property=\"og:locale\" content=\"es_ES\" \/>\n<meta property=\"og:type\" content=\"article\" \/>\n<meta property=\"og:title\" content=\"Esquinazo Educaci\u00f3n Parvularia - Unidad EIYC Chile Mi Pa\u00eds - Colegio Pumahue Puerto Montt\" \/>\n<meta property=\"og:description\" content=\"Ya nos acercamos al mes de la patria y nuestros alumnos de Educaci\u00f3n Parvularia, dieron inicio a la Unidad &#8220;Chile Mis Pa\u00eds&#8221; en el marco de EIYC. Miss Alejandra Garc\u00e9s y Mister Pedro Y\u00e1\u00f1ez dieron inicio a esta hermosa unidad que nuestros estudiantes disfrutar\u00e1n conociendo m\u00e1s de nuestra cultura Chilena. Como colegio queremos agradecer a [&hellip;]\" \/>\n<meta property=\"og:url\" content=\"https:\/\/www.pumahue.cl\/puerto-montt\/noticias\/esquinazo-educacion-parvularia\/\" \/>\n<meta property=\"og:site_name\" content=\"Colegio Pumahue Puerto Montt\" \/>\n<meta property=\"article:publisher\" content=\"http:\/\/www.facebook.com\/ColegiosPumahue\" \/>\n<meta property=\"article:published_time\" content=\"2022-08-10T23:34:20+00:00\" \/>\n<meta property=\"og:image\" content=\"https:\/\/www.pumahue.cl\/puerto-montt\/wp-content\/uploads\/sites\/50\/2022\/08\/7-1.jpg\" \/>\n\t<meta property=\"og:image:width\" content=\"836\" \/>\n\t<meta property=\"og:image:height\" content=\"523\" \/>\n\t<meta property=\"og:image:type\" content=\"image\/jpeg\" \/>\n<meta name=\"author\" content=\"jorgedelcampo\" \/>\n<meta name=\"twitter:card\" content=\"summary_large_image\" \/>\n<meta name=\"twitter:label1\" content=\"Escrito por\" \/>\n\t<meta name=\"twitter:data1\" content=\"jorgedelcampo\" \/>\n<script type=\"application\/ld+json\" class=\"yoast-schema-graph\">{\"@context\":\"https:\/\/schema.org\",\"@graph\":[{\"@type\":\"Article\",\"@id\":\"https:\/\/www.pumahue.cl\/puerto-montt\/noticias\/esquinazo-educacion-parvularia\/#article\",\"isPartOf\":{\"@id\":\"https:\/\/www.pumahue.cl\/puerto-montt\/noticias\/esquinazo-educacion-parvularia\/\"},\"author\":{\"name\":\"jorgedelcampo\",\"@id\":\"https:\/\/www.pumahue.cl\/puerto-montt\/#\/schema\/person\/0debeea140e397b5d490ee7e553255d8\"},\"headline\":\"Esquinazo Educaci\u00f3n Parvularia &#8211; Unidad EIYC Chile Mi Pa\u00eds\",\"datePublished\":\"2022-08-10T23:34:20+00:00\",\"mainEntityOfPage\":{\"@id\":\"https:\/\/www.pumahue.cl\/puerto-montt\/noticias\/esquinazo-educacion-parvularia\/\"},\"wordCount\":97,\"commentCount\":0,\"publisher\":{\"@id\":\"https:\/\/www.pumahue.cl\/puerto-montt\/#organization\"},\"image\":{\"@id\":\"https:\/\/www.pumahue.cl\/puerto-montt\/noticias\/esquinazo-educacion-parvularia\/#primaryimage\"},\"thumbnailUrl\":\"https:\/\/www.pumahue.cl\/puerto-montt\/wp-content\/uploads\/sites\/50\/2022\/08\/7-1.jpg\",\"articleSection\":[\"Vida escolar\"],\"inLanguage\":\"es\",\"potentialAction\":[{\"@type\":\"CommentAction\",\"name\":\"Comment\",\"target\":[\"https:\/\/www.pumahue.cl\/puerto-montt\/noticias\/esquinazo-educacion-parvularia\/#respond\"]}]},{\"@type\":\"WebPage\",\"@id\":\"https:\/\/www.pumahue.cl\/puerto-montt\/noticias\/esquinazo-educacion-parvularia\/\",\"url\":\"https:\/\/www.pumahue.cl\/puerto-montt\/noticias\/esquinazo-educacion-parvularia\/\",\"name\":\"Esquinazo Educaci\u00f3n Parvularia - Unidad EIYC Chile Mi Pa\u00eds - Colegio Pumahue Puerto Montt\",\"isPartOf\":{\"@id\":\"https:\/\/www.pumahue.cl\/puerto-montt\/#website\"},\"primaryImageOfPage\":{\"@id\":\"https:\/\/www.pumahue.cl\/puerto-montt\/noticias\/esquinazo-educacion-parvularia\/#primaryimage\"},\"image\":{\"@id\":\"https:\/\/www.pumahue.cl\/puerto-montt\/noticias\/esquinazo-educacion-parvularia\/#primaryimage\"},\"thumbnailUrl\":\"https:\/\/www.pumahue.cl\/puerto-montt\/wp-content\/uploads\/sites\/50\/2022\/08\/7-1.jpg\",\"datePublished\":\"2022-08-10T23:34:20+00:00\",\"breadcrumb\":{\"@id\":\"https:\/\/www.pumahue.cl\/puerto-montt\/noticias\/esquinazo-educacion-parvularia\/#breadcrumb\"},\"inLanguage\":\"es\",\"potentialAction\":[{\"@type\":\"ReadAction\",\"target\":[\"https:\/\/www.pumahue.cl\/puerto-montt\/noticias\/esquinazo-educacion-parvularia\/\"]}]},{\"@type\":\"ImageObject\",\"inLanguage\":\"es\",\"@id\":\"https:\/\/www.pumahue.cl\/puerto-montt\/noticias\/esquinazo-educacion-parvularia\/#primaryimage\",\"url\":\"https:\/\/www.pumahue.cl\/puerto-montt\/wp-content\/uploads\/sites\/50\/2022\/08\/7-1.jpg\",\"contentUrl\":\"https:\/\/www.pumahue.cl\/puerto-montt\/wp-content\/uploads\/sites\/50\/2022\/08\/7-1.jpg\",\"width\":836,\"height\":523},{\"@type\":\"BreadcrumbList\",\"@id\":\"https:\/\/www.pumahue.cl\/puerto-montt\/noticias\/esquinazo-educacion-parvularia\/#breadcrumb\",\"itemListElement\":[{\"@type\":\"ListItem\",\"position\":1,\"name\":\"Home\",\"item\":\"https:\/\/www.pumahue.cl\/puerto-montt\/\"},{\"@type\":\"ListItem\",\"position\":2,\"name\":\"Esquinazo Educaci\u00f3n Parvularia &#8211; Unidad EIYC Chile Mi Pa\u00eds\"}]},{\"@type\":\"WebSite\",\"@id\":\"https:\/\/www.pumahue.cl\/puerto-montt\/#website\",\"url\":\"https:\/\/www.pumahue.cl\/puerto-montt\/\",\"name\":\"Colegio Pumahue Puerto Montt\",\"description\":\"Parte de Cognita Schools\",\"publisher\":{\"@id\":\"https:\/\/www.pumahue.cl\/puerto-montt\/#organization\"},\"potentialAction\":[{\"@type\":\"SearchAction\",\"target\":{\"@type\":\"EntryPoint\",\"urlTemplate\":\"https:\/\/www.pumahue.cl\/puerto-montt\/?s={search_term_string}\"},\"query-input\":{\"@type\":\"PropertyValueSpecification\",\"valueRequired\":true,\"valueName\":\"search_term_string\"}}],\"inLanguage\":\"es\"},{\"@type\":\"Organization\",\"@id\":\"https:\/\/www.pumahue.cl\/puerto-montt\/#organization\",\"name\":\"Colegio Pumahue Puerto Montt\",\"url\":\"https:\/\/www.pumahue.cl\/puerto-montt\/\",\"logo\":{\"@type\":\"ImageObject\",\"inLanguage\":\"es\",\"@id\":\"https:\/\/www.pumahue.cl\/puerto-montt\/#\/schema\/logo\/image\/\",\"url\":\"https:\/\/www.pumahue.cl\/puerto-montt\/wp-content\/uploads\/sites\/50\/2025\/02\/cropped-logo_Pumahue_.png\",\"contentUrl\":\"https:\/\/www.pumahue.cl\/puerto-montt\/wp-content\/uploads\/sites\/50\/2025\/02\/cropped-logo_Pumahue_.png\",\"width\":512,\"height\":512,\"caption\":\"Colegio Pumahue Puerto Montt\"},\"image\":{\"@id\":\"https:\/\/www.pumahue.cl\/puerto-montt\/#\/schema\/logo\/image\/\"},\"sameAs\":[\"http:\/\/www.facebook.com\/ColegiosPumahue\",\"https:\/\/www.instagram.com\/colegiopumahue_puertomontt\",\"https:\/\/www.youtube.com\/@CognitaChile\"]},{\"@type\":\"Person\",\"@id\":\"https:\/\/www.pumahue.cl\/puerto-montt\/#\/schema\/person\/0debeea140e397b5d490ee7e553255d8\",\"name\":\"jorgedelcampo\",\"image\":{\"@type\":\"ImageObject\",\"inLanguage\":\"es\",\"@id\":\"https:\/\/www.pumahue.cl\/puerto-montt\/#\/schema\/person\/image\/\",\"url\":\"https:\/\/secure.gravatar.com\/avatar\/4a315f521213b2dc91dbda9bf799f711c8a98ab6f5606ec42cf5b33d1e762e8a?s=96&d=mm&r=g\",\"contentUrl\":\"https:\/\/secure.gravatar.com\/avatar\/4a315f521213b2dc91dbda9bf799f711c8a98ab6f5606ec42cf5b33d1e762e8a?s=96&d=mm&r=g\",\"caption\":\"jorgedelcampo\"}}]}<\/script>\n<!-- \/ Yoast SEO plugin. -->","yoast_head_json":{"title":"Esquinazo Educaci\u00f3n Parvularia - Unidad EIYC Chile Mi Pa\u00eds - Colegio Pumahue Puerto Montt","robots":{"index":"index","follow":"follow","max-snippet":"max-snippet:-1","max-image-preview":"max-image-preview:large","max-video-preview":"max-video-preview:-1"},"canonical":"https:\/\/www.pumahue.cl\/puerto-montt\/noticias\/esquinazo-educacion-parvularia\/","og_locale":"es_ES","og_type":"article","og_title":"Esquinazo Educaci\u00f3n Parvularia - Unidad EIYC Chile Mi Pa\u00eds - Colegio Pumahue Puerto Montt","og_description":"Ya nos acercamos al mes de la patria y nuestros alumnos de Educaci\u00f3n Parvularia, dieron inicio a la Unidad &#8220;Chile Mis Pa\u00eds&#8221; en el marco de EIYC. Miss Alejandra Garc\u00e9s y Mister Pedro Y\u00e1\u00f1ez dieron inicio a esta hermosa unidad que nuestros estudiantes disfrutar\u00e1n conociendo m\u00e1s de nuestra cultura Chilena. Como colegio queremos agradecer a [&hellip;]","og_url":"https:\/\/www.pumahue.cl\/puerto-montt\/noticias\/esquinazo-educacion-parvularia\/","og_site_name":"Colegio Pumahue Puerto Montt","article_publisher":"http:\/\/www.facebook.com\/ColegiosPumahue","article_published_time":"2022-08-10T23:34:20+00:00","og_image":[{"width":836,"height":523,"url":"https:\/\/www.pumahue.cl\/puerto-montt\/wp-content\/uploads\/sites\/50\/2022\/08\/7-1.jpg","type":"image\/jpeg"}],"author":"jorgedelcampo","twitter_card":"summary_large_image","twitter_misc":{"Escrito por":"jorgedelcampo"},"schema":{"@context":"https:\/\/schema.org","@graph":[{"@type":"Article","@id":"https:\/\/www.pumahue.cl\/puerto-montt\/noticias\/esquinazo-educacion-parvularia\/#article","isPartOf":{"@id":"https:\/\/www.pumahue.cl\/puerto-montt\/noticias\/esquinazo-educacion-parvularia\/"},"author":{"name":"jorgedelcampo","@id":"https:\/\/www.pumahue.cl\/puerto-montt\/#\/schema\/person\/0debeea140e397b5d490ee7e553255d8"},"headline":"Esquinazo Educaci\u00f3n Parvularia &#8211; Unidad EIYC Chile Mi Pa\u00eds","datePublished":"2022-08-10T23:34:20+00:00","mainEntityOfPage":{"@id":"https:\/\/www.pumahue.cl\/puerto-montt\/noticias\/esquinazo-educacion-parvularia\/"},"wordCount":97,"commentCount":0,"publisher":{"@id":"https:\/\/www.pumahue.cl\/puerto-montt\/#organization"},"image":{"@id":"https:\/\/www.pumahue.cl\/puerto-montt\/noticias\/esquinazo-educacion-parvularia\/#primaryimage"},"thumbnailUrl":"https:\/\/www.pumahue.cl\/puerto-montt\/wp-content\/uploads\/sites\/50\/2022\/08\/7-1.jpg","articleSection":["Vida escolar"],"inLanguage":"es","potentialAction":[{"@type":"CommentAction","name":"Comment","target":["https:\/\/www.pumahue.cl\/puerto-montt\/noticias\/esquinazo-educacion-parvularia\/#respond"]}]},{"@type":"WebPage","@id":"https:\/\/www.pumahue.cl\/puerto-montt\/noticias\/esquinazo-educacion-parvularia\/","url":"https:\/\/www.pumahue.cl\/puerto-montt\/noticias\/esquinazo-educacion-parvularia\/","name":"Esquinazo Educaci\u00f3n Parvularia - Unidad EIYC Chile Mi Pa\u00eds - Colegio Pumahue Puerto Montt","isPartOf":{"@id":"https:\/\/www.pumahue.cl\/puerto-montt\/#website"},"primaryImageOfPage":{"@id":"https:\/\/www.pumahue.cl\/puerto-montt\/noticias\/esquinazo-educacion-parvularia\/#primaryimage"},"image":{"@id":"https:\/\/www.pumahue.cl\/puerto-montt\/noticias\/esquinazo-educacion-parvularia\/#primaryimage"},"thumbnailUrl":"https:\/\/www.pumahue.cl\/puerto-montt\/wp-content\/uploads\/sites\/50\/2022\/08\/7-1.jpg","datePublished":"2022-08-10T23:34:20+00:00","breadcrumb":{"@id":"https:\/\/www.pumahue.cl\/puerto-montt\/noticias\/esquinazo-educacion-parvularia\/#breadcrumb"},"inLanguage":"es","potentialAction":[{"@type":"ReadAction","target":["https:\/\/www.pumahue.cl\/puerto-montt\/noticias\/esquinazo-educacion-parvularia\/"]}]},{"@type":"ImageObject","inLanguage":"es","@id":"https:\/\/www.pumahue.cl\/puerto-montt\/noticias\/esquinazo-educacion-parvularia\/#primaryimage","url":"https:\/\/www.pumahue.cl\/puerto-montt\/wp-content\/uploads\/sites\/50\/2022\/08\/7-1.jpg","contentUrl":"https:\/\/www.pumahue.cl\/puerto-montt\/wp-content\/uploads\/sites\/50\/2022\/08\/7-1.jpg","width":836,"height":523},{"@type":"BreadcrumbList","@id":"https:\/\/www.pumahue.cl\/puerto-montt\/noticias\/esquinazo-educacion-parvularia\/#breadcrumb","itemListElement":[{"@type":"ListItem","position":1,"name":"Home","item":"https:\/\/www.pumahue.cl\/puerto-montt\/"},{"@type":"ListItem","position":2,"name":"Esquinazo Educaci\u00f3n Parvularia &#8211; Unidad EIYC Chile Mi Pa\u00eds"}]},{"@type":"WebSite","@id":"https:\/\/www.pumahue.cl\/puerto-montt\/#website","url":"https:\/\/www.pumahue.cl\/puerto-montt\/","name":"Colegio Pumahue Puerto Montt","description":"Parte de Cognita Schools","publisher":{"@id":"https:\/\/www.pumahue.cl\/puerto-montt\/#organization"},"potentialAction":[{"@type":"SearchAction","target":{"@type":"EntryPoint","urlTemplate":"https:\/\/www.pumahue.cl\/puerto-montt\/?s={search_term_string}"},"query-input":{"@type":"PropertyValueSpecification","valueRequired":true,"valueName":"search_term_string"}}],"inLanguage":"es"},{"@type":"Organization","@id":"https:\/\/www.pumahue.cl\/puerto-montt\/#organization","name":"Colegio Pumahue Puerto Montt","url":"https:\/\/www.pumahue.cl\/puerto-montt\/","logo":{"@type":"ImageObject","inLanguage":"es","@id":"https:\/\/www.pumahue.cl\/puerto-montt\/#\/schema\/logo\/image\/","url":"https:\/\/www.pumahue.cl\/puerto-montt\/wp-content\/uploads\/sites\/50\/2025\/02\/cropped-logo_Pumahue_.png","contentUrl":"https:\/\/www.pumahue.cl\/puerto-montt\/wp-content\/uploads\/sites\/50\/2025\/02\/cropped-logo_Pumahue_.png","width":512,"height":512,"caption":"Colegio Pumahue Puerto Montt"},"image":{"@id":"https:\/\/www.pumahue.cl\/puerto-montt\/#\/schema\/logo\/image\/"},"sameAs":["http:\/\/www.facebook.com\/ColegiosPumahue","https:\/\/www.instagram.com\/colegiopumahue_puertomontt","https:\/\/www.youtube.com\/@CognitaChile"]},{"@type":"Person","@id":"https:\/\/www.pumahue.cl\/puerto-montt\/#\/schema\/person\/0debeea140e397b5d490ee7e553255d8","name":"jorgedelcampo","image":{"@type":"ImageObject","inLanguage":"es","@id":"https:\/\/www.pumahue.cl\/puerto-montt\/#\/schema\/person\/image\/","url":"https:\/\/secure.gravatar.com\/avatar\/4a315f521213b2dc91dbda9bf799f711c8a98ab6f5606ec42cf5b33d1e762e8a?s=96&d=mm&r=g","contentUrl":"https:\/\/secure.gravatar.com\/avatar\/4a315f521213b2dc91dbda9bf799f711c8a98ab6f5606ec42cf5b33d1e762e8a?s=96&d=mm&r=g","caption":"jorgedelcampo"}}]}},"jetpack_featured_media_url":"https:\/\/www.pumahue.cl\/puerto-montt\/wp-content\/uploads\/sites\/50\/2022\/08\/7-1.jpg","previous_post_ID":22103,"previous_post_title":"\u00a1Gracias a los emprendedores locales que participaron en la EXPO Invierno!","previous_post_excerpt":"M\u00e1s de 130 stand de emprendedores de la regi\u00f3n, asistieron el d\u00eda s\u00e1bado pasado a nuestra gran Expo Invierno. Esta actividad fue organizada por el CAMPUR General de Padres con el apoyo de nuestro colegio, en beneficio a nuestros IV Medios. \u00a1Agradecemos a todos los emprendedores que participaron y a quienes asistieron a apoyarlos! #puertomontt [&hellip;]","previous_post_link":"https:\/\/www.pumahue.cl\/puerto-montt\/noticias\/gracias-a-los-emprendedores-locales-que-participaron-en-la-expo-invierno\/","previous_post_class":["post-22103","post","type-post","status-publish","format-standard","has-post-thumbnail","hentry","category-vida-escolar"],"next_post_ID":22109,"next_post_title":"\u00a1Felicitaciones a nuestros estudiantes que participaron en el Campeonato Provincial de Atletismo!","next_post_excerpt":"Nuestros estudiantes el mi\u00e9rcoles 10 de agosto participaron en el Campeonato Provincial de Atletismo, realizando una excelente participaci\u00f3n representando a nuestro colegio en el IND (Instituto Nacional del Deporte). Felicitamos a: Francisca Chavez: 3er lugar en salto largo y 1er lugar en 80 metros valla Florencia Jara: 2do lugar en lanzamiento de la bala Agust\u00edn [&hellip;]","next_post_link":"https:\/\/www.pumahue.cl\/puerto-montt\/noticias\/felicitaciones-a-nuestros-estudiantes-que-participaron-en-el-campeonato-provincial-de-atletismo\/","next_post_class":["post-22109","post","type-post","status-publish","format-standard","has-post-thumbnail","hentry","category-vida-escolar"],"jetpack_sharing_enabled":true,"_links":{"self":[{"href":"https:\/\/www.pumahue.cl\/puerto-montt\/wp-json\/wp\/v2\/posts\/22137","targetHints":{"allow":["GET"]}}],"collection":[{"href":"https:\/\/www.pumahue.cl\/puerto-montt\/wp-json\/wp\/v2\/posts"}],"about":[{"href":"https:\/\/www.pumahue.cl\/puerto-montt\/wp-json\/wp\/v2\/types\/post"}],"author":[{"embeddable":true,"href":"https:\/\/www.pumahue.cl\/puerto-montt\/wp-json\/wp\/v2\/users\/14"}],"replies":[{"embeddable":true,"href":"https:\/\/www.pumahue.cl\/puerto-montt\/wp-json\/wp\/v2\/comments?post=22137"}],"version-history":[{"count":0,"href":"https:\/\/www.pumahue.cl\/puerto-montt\/wp-json\/wp\/v2\/posts\/22137\/revisions"}],"wp:featuredmedia":[{"embeddable":true,"href":"https:\/\/www.pumahue.cl\/puerto-montt\/wp-json\/wp\/v2\/media\/22144"}],"wp:attachment":[{"href":"https:\/\/www.pumahue.cl\/puerto-montt\/wp-json\/wp\/v2\/media?parent=22137"}],"wp:term":[{"taxonomy":"category","embeddable":true,"href":"https:\/\/www.pumahue.cl\/puerto-montt\/wp-json\/wp\/v2\/categories?post=22137"},{"taxonomy":"post_tag","embeddable":true,"href":"https:\/\/www.pumahue.cl\/puerto-montt\/wp-json\/wp\/v2\/tags?post=22137"}],"curies":[{"name":"wp","href":"https:\/\/api.w.org\/{rel}","templated":true}]}}