{"id":24327,"date":"2023-05-03T16:47:31","date_gmt":"2023-05-03T20:47:31","guid":{"rendered":"http:\/\/pumahue.cl\/puerto-montt\/?p=24327"},"modified":"2023-05-03T16:47:31","modified_gmt":"2023-05-03T20:47:31","slug":"catalogo-expo-mama-agenda-en-tu-calendario-el-13-de-mayo","status":"publish","type":"post","link":"https:\/\/www.pumahue.cl\/puerto-montt\/noticias\/catalogo-expo-mama-agenda-en-tu-calendario-el-13-de-mayo\/","title":{"rendered":"Cat\u00e1logo EXPO Mam\u00e1 \u2015 \u00a1Agenda en tu Calendario el s\u00e1bado 13 de mayo!"},"content":{"rendered":"<p>\u00a1AGENDA EN TU CALENDARIO EL S\u00c1BADO 13 DE MAYO!<\/p>\n<p>Horario: 11:00 a 20:00 horas, para todo p\u00fablico (entrada gratuita)<\/p>\n<p>Invitamos a la comunidad de Puerto Montt a visitar nuestra Expo Mam\u00e1 organizada por el CAMPUR General de Padres y los IV Medios.<\/p>\n<p>No te lo puedes perder, tendremos m\u00e1s de 140 emprendedores de la Regi\u00f3n: <strong>Patio de comidas \u201d\u201c Bisuter\u00eda \u201d\u201c Deco Hogar &#8211; Mascotas \u201d\u201c Infantil \u201d\u201c Papeler\u00eda \u201d\u201c Panader\u00eda \u201d\u201c Cosm\u00e9tica \u201d\u201c Tecnolog\u00eda \u201d\u201c Reposter\u00eda \u201d\u201c Bienestar y mucho m\u00e1s.<\/strong><\/p>\n<p>\u00f0\u0178\u201c\u008dEstamos ubicados en: Volc\u00e1n Puntiagudo <a href=\"https:\/\/www.instagram.com\/explore\/tags\/1700\/\">#1700<\/a>, Puerto Montt<\/p>\n<p>\u00a1Te esperamos y los invitamos a revisar los cat\u00e1logos de quienes estar\u00e1n presentes en el link de la Bio a contar de ma\u00f1ana!<\/p>\n<p><a href=\"https:\/\/www.instagram.com\/explore\/tags\/emprendedores\/\">#Emprendedores<\/a><br \/>\n<a href=\"https:\/\/www.instagram.com\/explore\/tags\/pumahuepuertomontt\/\">#PumahuePuertoMontt<\/a><br \/>\n<a href=\"https:\/\/www.instagram.com\/explore\/tags\/puertomontt\/\">#PuertoMontt<\/a><br \/>\n<a href=\"https:\/\/www.instagram.com\/explore\/tags\/surdechile\/\">#surdechile<\/a><br \/>\n<a href=\"https:\/\/www.instagram.com\/explore\/tags\/regi%C3%B3ndeloslagos\/\">#regi\u00f3ndeloslagos<\/a><\/p>\n<p>A continuaci\u00f3n los invitamos  a revisar el cat\u00e1logo de los emprendedores que participaran en nuestra gran EXPO MAM\u00c1:<\/p>\n<p>[multimedia id=&#8221;1&#8243;]<\/p>\n"},"excerpt":{"rendered":"<p>\u00a1AGENDA EN TU CALENDARIO EL S\u00c1BADO 13 DE MAYO! Horario: 11:00 a 20:00 horas, para todo p\u00fablico (entrada gratuita) Invitamos a la comunidad de Puerto Montt a visitar nuestra Expo Mam\u00e1 organizada por el CAMPUR General de Padres y los IV Medios. No te lo puedes perder, tendremos m\u00e1s de 140 emprendedores de la Regi\u00f3n: [&hellip;]<\/p>\n","protected":false},"author":14,"featured_media":25041,"comment_status":"open","ping_status":"open","sticky":false,"template":"","format":"standard","meta":{"_acf_changed":false,"content-type":"","_jetpack_memberships_contains_paid_content":false,"footnotes":""},"categories":[1],"tags":[],"class_list":["post-24327","post","type-post","status-publish","format-standard","has-post-thumbnail","hentry","category-vida-escolar"],"acf":[],"yoast_head":"<!-- This site is optimized with the Yoast SEO plugin v27.1.1 - https:\/\/yoast.com\/product\/yoast-seo-wordpress\/ -->\n<title>Cat\u00e1logo EXPO Mam\u00e1 \u2015 \u00a1Agenda en tu Calendario el s\u00e1bado 13 de mayo! - Colegio Pumahue Puerto Montt<\/title>\n<meta name=\"robots\" content=\"index, follow, max-snippet:-1, max-image-preview:large, max-video-preview:-1\" \/>\n<link rel=\"canonical\" href=\"https:\/\/www.pumahue.cl\/puerto-montt\/noticias\/catalogo-expo-mama-agenda-en-tu-calendario-el-13-de-mayo\/\" \/>\n<meta property=\"og:locale\" content=\"es_ES\" \/>\n<meta property=\"og:type\" content=\"article\" \/>\n<meta property=\"og:title\" content=\"Cat\u00e1logo EXPO Mam\u00e1 \u2015 \u00a1Agenda en tu Calendario el s\u00e1bado 13 de mayo! - Colegio Pumahue Puerto Montt\" \/>\n<meta property=\"og:description\" content=\"\u00a1AGENDA EN TU CALENDARIO EL S\u00c1BADO 13 DE MAYO! Horario: 11:00 a 20:00 horas, para todo p\u00fablico (entrada gratuita) Invitamos a la comunidad de Puerto Montt a visitar nuestra Expo Mam\u00e1 organizada por el CAMPUR General de Padres y los IV Medios. No te lo puedes perder, tendremos m\u00e1s de 140 emprendedores de la Regi\u00f3n: [&hellip;]\" \/>\n<meta property=\"og:url\" content=\"https:\/\/www.pumahue.cl\/puerto-montt\/noticias\/catalogo-expo-mama-agenda-en-tu-calendario-el-13-de-mayo\/\" \/>\n<meta property=\"og:site_name\" content=\"Colegio Pumahue Puerto Montt\" \/>\n<meta property=\"article:publisher\" content=\"http:\/\/www.facebook.com\/ColegiosPumahue\" \/>\n<meta property=\"article:published_time\" content=\"2023-05-03T20:47:31+00:00\" \/>\n<meta property=\"og:image\" content=\"https:\/\/www.pumahue.cl\/puerto-montt\/wp-content\/uploads\/sites\/50\/2023\/05\/CATALOGO-EXPO-MAMA.jpg\" \/>\n\t<meta property=\"og:image:width\" content=\"836\" \/>\n\t<meta property=\"og:image:height\" content=\"523\" \/>\n\t<meta property=\"og:image:type\" content=\"image\/jpeg\" \/>\n<meta name=\"author\" content=\"jorgedelcampo\" \/>\n<meta name=\"twitter:card\" content=\"summary_large_image\" \/>\n<meta name=\"twitter:label1\" content=\"Escrito por\" \/>\n\t<meta name=\"twitter:data1\" content=\"jorgedelcampo\" \/>\n\t<meta name=\"twitter:label2\" content=\"Tiempo de lectura\" \/>\n\t<meta name=\"twitter:data2\" content=\"1 minuto\" \/>\n<script type=\"application\/ld+json\" class=\"yoast-schema-graph\">{\"@context\":\"https:\/\/schema.org\",\"@graph\":[{\"@type\":\"Article\",\"@id\":\"https:\/\/www.pumahue.cl\/puerto-montt\/noticias\/catalogo-expo-mama-agenda-en-tu-calendario-el-13-de-mayo\/#article\",\"isPartOf\":{\"@id\":\"https:\/\/www.pumahue.cl\/puerto-montt\/noticias\/catalogo-expo-mama-agenda-en-tu-calendario-el-13-de-mayo\/\"},\"author\":{\"name\":\"jorgedelcampo\",\"@id\":\"https:\/\/www.pumahue.cl\/puerto-montt\/#\/schema\/person\/0debeea140e397b5d490ee7e553255d8\"},\"headline\":\"Cat\u00e1logo EXPO Mam\u00e1 \u2015 \u00a1Agenda en tu Calendario el s\u00e1bado 13 de mayo!\",\"datePublished\":\"2023-05-03T20:47:31+00:00\",\"mainEntityOfPage\":{\"@id\":\"https:\/\/www.pumahue.cl\/puerto-montt\/noticias\/catalogo-expo-mama-agenda-en-tu-calendario-el-13-de-mayo\/\"},\"wordCount\":155,\"commentCount\":0,\"publisher\":{\"@id\":\"https:\/\/www.pumahue.cl\/puerto-montt\/#organization\"},\"image\":{\"@id\":\"https:\/\/www.pumahue.cl\/puerto-montt\/noticias\/catalogo-expo-mama-agenda-en-tu-calendario-el-13-de-mayo\/#primaryimage\"},\"thumbnailUrl\":\"https:\/\/www.pumahue.cl\/puerto-montt\/wp-content\/uploads\/sites\/50\/2023\/05\/CATALOGO-EXPO-MAMA.jpg\",\"articleSection\":[\"Vida escolar\"],\"inLanguage\":\"es\",\"potentialAction\":[{\"@type\":\"CommentAction\",\"name\":\"Comment\",\"target\":[\"https:\/\/www.pumahue.cl\/puerto-montt\/noticias\/catalogo-expo-mama-agenda-en-tu-calendario-el-13-de-mayo\/#respond\"]}]},{\"@type\":\"WebPage\",\"@id\":\"https:\/\/www.pumahue.cl\/puerto-montt\/noticias\/catalogo-expo-mama-agenda-en-tu-calendario-el-13-de-mayo\/\",\"url\":\"https:\/\/www.pumahue.cl\/puerto-montt\/noticias\/catalogo-expo-mama-agenda-en-tu-calendario-el-13-de-mayo\/\",\"name\":\"Cat\u00e1logo EXPO Mam\u00e1 \u2015 \u00a1Agenda en tu Calendario el s\u00e1bado 13 de mayo! - Colegio Pumahue Puerto Montt\",\"isPartOf\":{\"@id\":\"https:\/\/www.pumahue.cl\/puerto-montt\/#website\"},\"primaryImageOfPage\":{\"@id\":\"https:\/\/www.pumahue.cl\/puerto-montt\/noticias\/catalogo-expo-mama-agenda-en-tu-calendario-el-13-de-mayo\/#primaryimage\"},\"image\":{\"@id\":\"https:\/\/www.pumahue.cl\/puerto-montt\/noticias\/catalogo-expo-mama-agenda-en-tu-calendario-el-13-de-mayo\/#primaryimage\"},\"thumbnailUrl\":\"https:\/\/www.pumahue.cl\/puerto-montt\/wp-content\/uploads\/sites\/50\/2023\/05\/CATALOGO-EXPO-MAMA.jpg\",\"datePublished\":\"2023-05-03T20:47:31+00:00\",\"breadcrumb\":{\"@id\":\"https:\/\/www.pumahue.cl\/puerto-montt\/noticias\/catalogo-expo-mama-agenda-en-tu-calendario-el-13-de-mayo\/#breadcrumb\"},\"inLanguage\":\"es\",\"potentialAction\":[{\"@type\":\"ReadAction\",\"target\":[\"https:\/\/www.pumahue.cl\/puerto-montt\/noticias\/catalogo-expo-mama-agenda-en-tu-calendario-el-13-de-mayo\/\"]}]},{\"@type\":\"ImageObject\",\"inLanguage\":\"es\",\"@id\":\"https:\/\/www.pumahue.cl\/puerto-montt\/noticias\/catalogo-expo-mama-agenda-en-tu-calendario-el-13-de-mayo\/#primaryimage\",\"url\":\"https:\/\/www.pumahue.cl\/puerto-montt\/wp-content\/uploads\/sites\/50\/2023\/05\/CATALOGO-EXPO-MAMA.jpg\",\"contentUrl\":\"https:\/\/www.pumahue.cl\/puerto-montt\/wp-content\/uploads\/sites\/50\/2023\/05\/CATALOGO-EXPO-MAMA.jpg\",\"width\":836,\"height\":523},{\"@type\":\"BreadcrumbList\",\"@id\":\"https:\/\/www.pumahue.cl\/puerto-montt\/noticias\/catalogo-expo-mama-agenda-en-tu-calendario-el-13-de-mayo\/#breadcrumb\",\"itemListElement\":[{\"@type\":\"ListItem\",\"position\":1,\"name\":\"Home\",\"item\":\"https:\/\/www.pumahue.cl\/puerto-montt\/\"},{\"@type\":\"ListItem\",\"position\":2,\"name\":\"Cat\u00e1logo EXPO Mam\u00e1 \u2015 \u00a1Agenda en tu Calendario el s\u00e1bado 13 de mayo!\"}]},{\"@type\":\"WebSite\",\"@id\":\"https:\/\/www.pumahue.cl\/puerto-montt\/#website\",\"url\":\"https:\/\/www.pumahue.cl\/puerto-montt\/\",\"name\":\"Colegio Pumahue Puerto Montt\",\"description\":\"Parte de Cognita Schools\",\"publisher\":{\"@id\":\"https:\/\/www.pumahue.cl\/puerto-montt\/#organization\"},\"potentialAction\":[{\"@type\":\"SearchAction\",\"target\":{\"@type\":\"EntryPoint\",\"urlTemplate\":\"https:\/\/www.pumahue.cl\/puerto-montt\/?s={search_term_string}\"},\"query-input\":{\"@type\":\"PropertyValueSpecification\",\"valueRequired\":true,\"valueName\":\"search_term_string\"}}],\"inLanguage\":\"es\"},{\"@type\":\"Organization\",\"@id\":\"https:\/\/www.pumahue.cl\/puerto-montt\/#organization\",\"name\":\"Colegio Pumahue Puerto Montt\",\"url\":\"https:\/\/www.pumahue.cl\/puerto-montt\/\",\"logo\":{\"@type\":\"ImageObject\",\"inLanguage\":\"es\",\"@id\":\"https:\/\/www.pumahue.cl\/puerto-montt\/#\/schema\/logo\/image\/\",\"url\":\"https:\/\/www.pumahue.cl\/puerto-montt\/wp-content\/uploads\/sites\/50\/2025\/02\/cropped-logo_Pumahue_.png\",\"contentUrl\":\"https:\/\/www.pumahue.cl\/puerto-montt\/wp-content\/uploads\/sites\/50\/2025\/02\/cropped-logo_Pumahue_.png\",\"width\":512,\"height\":512,\"caption\":\"Colegio Pumahue Puerto Montt\"},\"image\":{\"@id\":\"https:\/\/www.pumahue.cl\/puerto-montt\/#\/schema\/logo\/image\/\"},\"sameAs\":[\"http:\/\/www.facebook.com\/ColegiosPumahue\",\"https:\/\/www.instagram.com\/colegiopumahue_puertomontt\",\"https:\/\/www.youtube.com\/@CognitaChile\"]},{\"@type\":\"Person\",\"@id\":\"https:\/\/www.pumahue.cl\/puerto-montt\/#\/schema\/person\/0debeea140e397b5d490ee7e553255d8\",\"name\":\"jorgedelcampo\",\"image\":{\"@type\":\"ImageObject\",\"inLanguage\":\"es\",\"@id\":\"https:\/\/www.pumahue.cl\/puerto-montt\/#\/schema\/person\/image\/\",\"url\":\"https:\/\/secure.gravatar.com\/avatar\/4a315f521213b2dc91dbda9bf799f711c8a98ab6f5606ec42cf5b33d1e762e8a?s=96&d=mm&r=g\",\"contentUrl\":\"https:\/\/secure.gravatar.com\/avatar\/4a315f521213b2dc91dbda9bf799f711c8a98ab6f5606ec42cf5b33d1e762e8a?s=96&d=mm&r=g\",\"caption\":\"jorgedelcampo\"}}]}<\/script>\n<!-- \/ Yoast SEO plugin. -->","yoast_head_json":{"title":"Cat\u00e1logo EXPO Mam\u00e1 \u2015 \u00a1Agenda en tu Calendario el s\u00e1bado 13 de mayo! - Colegio Pumahue Puerto Montt","robots":{"index":"index","follow":"follow","max-snippet":"max-snippet:-1","max-image-preview":"max-image-preview:large","max-video-preview":"max-video-preview:-1"},"canonical":"https:\/\/www.pumahue.cl\/puerto-montt\/noticias\/catalogo-expo-mama-agenda-en-tu-calendario-el-13-de-mayo\/","og_locale":"es_ES","og_type":"article","og_title":"Cat\u00e1logo EXPO Mam\u00e1 \u2015 \u00a1Agenda en tu Calendario el s\u00e1bado 13 de mayo! - Colegio Pumahue Puerto Montt","og_description":"\u00a1AGENDA EN TU CALENDARIO EL S\u00c1BADO 13 DE MAYO! Horario: 11:00 a 20:00 horas, para todo p\u00fablico (entrada gratuita) Invitamos a la comunidad de Puerto Montt a visitar nuestra Expo Mam\u00e1 organizada por el CAMPUR General de Padres y los IV Medios. No te lo puedes perder, tendremos m\u00e1s de 140 emprendedores de la Regi\u00f3n: [&hellip;]","og_url":"https:\/\/www.pumahue.cl\/puerto-montt\/noticias\/catalogo-expo-mama-agenda-en-tu-calendario-el-13-de-mayo\/","og_site_name":"Colegio Pumahue Puerto Montt","article_publisher":"http:\/\/www.facebook.com\/ColegiosPumahue","article_published_time":"2023-05-03T20:47:31+00:00","og_image":[{"width":836,"height":523,"url":"https:\/\/www.pumahue.cl\/puerto-montt\/wp-content\/uploads\/sites\/50\/2023\/05\/CATALOGO-EXPO-MAMA.jpg","type":"image\/jpeg"}],"author":"jorgedelcampo","twitter_card":"summary_large_image","twitter_misc":{"Escrito por":"jorgedelcampo","Tiempo de lectura":"1 minuto"},"schema":{"@context":"https:\/\/schema.org","@graph":[{"@type":"Article","@id":"https:\/\/www.pumahue.cl\/puerto-montt\/noticias\/catalogo-expo-mama-agenda-en-tu-calendario-el-13-de-mayo\/#article","isPartOf":{"@id":"https:\/\/www.pumahue.cl\/puerto-montt\/noticias\/catalogo-expo-mama-agenda-en-tu-calendario-el-13-de-mayo\/"},"author":{"name":"jorgedelcampo","@id":"https:\/\/www.pumahue.cl\/puerto-montt\/#\/schema\/person\/0debeea140e397b5d490ee7e553255d8"},"headline":"Cat\u00e1logo EXPO Mam\u00e1 \u2015 \u00a1Agenda en tu Calendario el s\u00e1bado 13 de mayo!","datePublished":"2023-05-03T20:47:31+00:00","mainEntityOfPage":{"@id":"https:\/\/www.pumahue.cl\/puerto-montt\/noticias\/catalogo-expo-mama-agenda-en-tu-calendario-el-13-de-mayo\/"},"wordCount":155,"commentCount":0,"publisher":{"@id":"https:\/\/www.pumahue.cl\/puerto-montt\/#organization"},"image":{"@id":"https:\/\/www.pumahue.cl\/puerto-montt\/noticias\/catalogo-expo-mama-agenda-en-tu-calendario-el-13-de-mayo\/#primaryimage"},"thumbnailUrl":"https:\/\/www.pumahue.cl\/puerto-montt\/wp-content\/uploads\/sites\/50\/2023\/05\/CATALOGO-EXPO-MAMA.jpg","articleSection":["Vida escolar"],"inLanguage":"es","potentialAction":[{"@type":"CommentAction","name":"Comment","target":["https:\/\/www.pumahue.cl\/puerto-montt\/noticias\/catalogo-expo-mama-agenda-en-tu-calendario-el-13-de-mayo\/#respond"]}]},{"@type":"WebPage","@id":"https:\/\/www.pumahue.cl\/puerto-montt\/noticias\/catalogo-expo-mama-agenda-en-tu-calendario-el-13-de-mayo\/","url":"https:\/\/www.pumahue.cl\/puerto-montt\/noticias\/catalogo-expo-mama-agenda-en-tu-calendario-el-13-de-mayo\/","name":"Cat\u00e1logo EXPO Mam\u00e1 \u2015 \u00a1Agenda en tu Calendario el s\u00e1bado 13 de mayo! - Colegio Pumahue Puerto Montt","isPartOf":{"@id":"https:\/\/www.pumahue.cl\/puerto-montt\/#website"},"primaryImageOfPage":{"@id":"https:\/\/www.pumahue.cl\/puerto-montt\/noticias\/catalogo-expo-mama-agenda-en-tu-calendario-el-13-de-mayo\/#primaryimage"},"image":{"@id":"https:\/\/www.pumahue.cl\/puerto-montt\/noticias\/catalogo-expo-mama-agenda-en-tu-calendario-el-13-de-mayo\/#primaryimage"},"thumbnailUrl":"https:\/\/www.pumahue.cl\/puerto-montt\/wp-content\/uploads\/sites\/50\/2023\/05\/CATALOGO-EXPO-MAMA.jpg","datePublished":"2023-05-03T20:47:31+00:00","breadcrumb":{"@id":"https:\/\/www.pumahue.cl\/puerto-montt\/noticias\/catalogo-expo-mama-agenda-en-tu-calendario-el-13-de-mayo\/#breadcrumb"},"inLanguage":"es","potentialAction":[{"@type":"ReadAction","target":["https:\/\/www.pumahue.cl\/puerto-montt\/noticias\/catalogo-expo-mama-agenda-en-tu-calendario-el-13-de-mayo\/"]}]},{"@type":"ImageObject","inLanguage":"es","@id":"https:\/\/www.pumahue.cl\/puerto-montt\/noticias\/catalogo-expo-mama-agenda-en-tu-calendario-el-13-de-mayo\/#primaryimage","url":"https:\/\/www.pumahue.cl\/puerto-montt\/wp-content\/uploads\/sites\/50\/2023\/05\/CATALOGO-EXPO-MAMA.jpg","contentUrl":"https:\/\/www.pumahue.cl\/puerto-montt\/wp-content\/uploads\/sites\/50\/2023\/05\/CATALOGO-EXPO-MAMA.jpg","width":836,"height":523},{"@type":"BreadcrumbList","@id":"https:\/\/www.pumahue.cl\/puerto-montt\/noticias\/catalogo-expo-mama-agenda-en-tu-calendario-el-13-de-mayo\/#breadcrumb","itemListElement":[{"@type":"ListItem","position":1,"name":"Home","item":"https:\/\/www.pumahue.cl\/puerto-montt\/"},{"@type":"ListItem","position":2,"name":"Cat\u00e1logo EXPO Mam\u00e1 \u2015 \u00a1Agenda en tu Calendario el s\u00e1bado 13 de mayo!"}]},{"@type":"WebSite","@id":"https:\/\/www.pumahue.cl\/puerto-montt\/#website","url":"https:\/\/www.pumahue.cl\/puerto-montt\/","name":"Colegio Pumahue Puerto Montt","description":"Parte de Cognita Schools","publisher":{"@id":"https:\/\/www.pumahue.cl\/puerto-montt\/#organization"},"potentialAction":[{"@type":"SearchAction","target":{"@type":"EntryPoint","urlTemplate":"https:\/\/www.pumahue.cl\/puerto-montt\/?s={search_term_string}"},"query-input":{"@type":"PropertyValueSpecification","valueRequired":true,"valueName":"search_term_string"}}],"inLanguage":"es"},{"@type":"Organization","@id":"https:\/\/www.pumahue.cl\/puerto-montt\/#organization","name":"Colegio Pumahue Puerto Montt","url":"https:\/\/www.pumahue.cl\/puerto-montt\/","logo":{"@type":"ImageObject","inLanguage":"es","@id":"https:\/\/www.pumahue.cl\/puerto-montt\/#\/schema\/logo\/image\/","url":"https:\/\/www.pumahue.cl\/puerto-montt\/wp-content\/uploads\/sites\/50\/2025\/02\/cropped-logo_Pumahue_.png","contentUrl":"https:\/\/www.pumahue.cl\/puerto-montt\/wp-content\/uploads\/sites\/50\/2025\/02\/cropped-logo_Pumahue_.png","width":512,"height":512,"caption":"Colegio Pumahue Puerto Montt"},"image":{"@id":"https:\/\/www.pumahue.cl\/puerto-montt\/#\/schema\/logo\/image\/"},"sameAs":["http:\/\/www.facebook.com\/ColegiosPumahue","https:\/\/www.instagram.com\/colegiopumahue_puertomontt","https:\/\/www.youtube.com\/@CognitaChile"]},{"@type":"Person","@id":"https:\/\/www.pumahue.cl\/puerto-montt\/#\/schema\/person\/0debeea140e397b5d490ee7e553255d8","name":"jorgedelcampo","image":{"@type":"ImageObject","inLanguage":"es","@id":"https:\/\/www.pumahue.cl\/puerto-montt\/#\/schema\/person\/image\/","url":"https:\/\/secure.gravatar.com\/avatar\/4a315f521213b2dc91dbda9bf799f711c8a98ab6f5606ec42cf5b33d1e762e8a?s=96&d=mm&r=g","contentUrl":"https:\/\/secure.gravatar.com\/avatar\/4a315f521213b2dc91dbda9bf799f711c8a98ab6f5606ec42cf5b33d1e762e8a?s=96&d=mm&r=g","caption":"jorgedelcampo"}}]}},"jetpack_featured_media_url":"https:\/\/www.pumahue.cl\/puerto-montt\/wp-content\/uploads\/sites\/50\/2023\/05\/CATALOGO-EXPO-MAMA.jpg","previous_post_ID":24321,"previous_post_title":"Mes de la Seguridad en Pumahue Puerto Montt","previous_post_excerpt":"Este mes de mayo celebramos la segunda versi\u00f3n del Mes de la Seguridad en la red de colegios Cognita Chile. Tenemos la convicci\u00f3n de que asegurar la salud y seguridad de toda la comunidad educativa, es clave para cumplir nuestro compromiso con el bienestar integral de todos nuestros estudiantes. Les recordamos que el colegio cuenta [&hellip;]","previous_post_link":"https:\/\/www.pumahue.cl\/puerto-montt\/noticias\/mes-de-la-seguridad-en-pumahue-puerto-montt\/","previous_post_class":["post-24321","post","type-post","status-publish","format-standard","has-post-thumbnail","hentry","category-vida-escolar"],"next_post_ID":24369,"next_post_title":"Encargada del programa de ecolog\u00eda y sustentabilidad participa de Seminario Medio Ambiental","next_post_excerpt":"Nuestro Colegio a trav\u00e9s de la encargada del programa de Ecolog\u00eda y Sustentabilidad particip\u00f3 en el IX Seminario \u201cAire Limpio\u201d\u009d organizado por el departamento de educaci\u00f3n ambiental de la Municipalidad de Puerto Montt. Esta actividad tuvo por objetivo poder abordar la tem\u00e1tica de la contaminaci\u00f3n del aire desde la sala de clases y as\u00ed permear [&hellip;]","next_post_link":"https:\/\/www.pumahue.cl\/puerto-montt\/noticias\/encargada-del-programa-de-ecologia-y-sustentabilidad-participa-de-seminario-medio-ambiental\/","next_post_class":["post-24369","post","type-post","status-publish","format-standard","has-post-thumbnail","hentry","category-vida-escolar"],"jetpack_sharing_enabled":true,"_links":{"self":[{"href":"https:\/\/www.pumahue.cl\/puerto-montt\/wp-json\/wp\/v2\/posts\/24327","targetHints":{"allow":["GET"]}}],"collection":[{"href":"https:\/\/www.pumahue.cl\/puerto-montt\/wp-json\/wp\/v2\/posts"}],"about":[{"href":"https:\/\/www.pumahue.cl\/puerto-montt\/wp-json\/wp\/v2\/types\/post"}],"author":[{"embeddable":true,"href":"https:\/\/www.pumahue.cl\/puerto-montt\/wp-json\/wp\/v2\/users\/14"}],"replies":[{"embeddable":true,"href":"https:\/\/www.pumahue.cl\/puerto-montt\/wp-json\/wp\/v2\/comments?post=24327"}],"version-history":[{"count":0,"href":"https:\/\/www.pumahue.cl\/puerto-montt\/wp-json\/wp\/v2\/posts\/24327\/revisions"}],"wp:featuredmedia":[{"embeddable":true,"href":"https:\/\/www.pumahue.cl\/puerto-montt\/wp-json\/wp\/v2\/media\/25041"}],"wp:attachment":[{"href":"https:\/\/www.pumahue.cl\/puerto-montt\/wp-json\/wp\/v2\/media?parent=24327"}],"wp:term":[{"taxonomy":"category","embeddable":true,"href":"https:\/\/www.pumahue.cl\/puerto-montt\/wp-json\/wp\/v2\/categories?post=24327"},{"taxonomy":"post_tag","embeddable":true,"href":"https:\/\/www.pumahue.cl\/puerto-montt\/wp-json\/wp\/v2\/tags?post=24327"}],"curies":[{"name":"wp","href":"https:\/\/api.w.org\/{rel}","templated":true}]}}