{"id":24519,"date":"2023-05-19T16:44:55","date_gmt":"2023-05-19T20:44:55","guid":{"rendered":"http:\/\/pumahue.cl\/puerto-montt\/?p=24519"},"modified":"2023-05-19T16:44:55","modified_gmt":"2023-05-19T20:44:55","slug":"carabineros-de-chile-capacita-a-nuestros-patrol-2023","status":"publish","type":"post","link":"https:\/\/www.pumahue.cl\/puerto-montt\/noticias\/carabineros-de-chile-capacita-a-nuestros-patrol-2023\/","title":{"rendered":"Carabineros de Chile capacita a nuestros PATROL 2023"},"content":{"rendered":"<p>En el marco de nuestro Programa de Road Safety y el mes de la seguridad, nuestros nuevos PATROL 2023 fueron capacitados por Carabineros de Chile, con el fin que conozcan m\u00e1s sobre tem\u00e1ticas relacionadas a las leyes de tr\u00e1nsito y la responsabilidad de peatones y conductores.<\/p>\n<p>Esta es la primera capacitaci\u00f3n de nuestros nuevos PATROL, que con mucho orgullo este a\u00f1o tenemos m\u00e1s de 50 estudiantes que son parte de este grupo que promueve la educaci\u00f3n vial y seguridad entre sus pares.<\/p>\n<p style=\"text-align: center\"><strong>Agradecemos a la coordinadora del programa Miss Claudia Vera, quien a\u00f1o a a\u00f1o motiva y promueve la realizaci\u00f3n de este programa y diferentes actividades con nuestros estudiantes.<\/strong><\/p>\n<p>[multimedia id=&#8221;1&#8243;]<\/p>\n<p>&nbsp;<\/p>\n<p>&nbsp;<\/p>\n"},"excerpt":{"rendered":"<p>En el marco de nuestro Programa de Road Safety y el mes de la seguridad, nuestros nuevos PATROL 2023 fueron capacitados por Carabineros de Chile, con el fin que conozcan m\u00e1s sobre tem\u00e1ticas relacionadas a las leyes de tr\u00e1nsito y la responsabilidad de peatones y conductores. Esta es la primera capacitaci\u00f3n de nuestros nuevos PATROL, [&hellip;]<\/p>\n","protected":false},"author":14,"featured_media":24520,"comment_status":"open","ping_status":"open","sticky":false,"template":"","format":"standard","meta":{"_acf_changed":false,"content-type":"","_jetpack_memberships_contains_paid_content":false,"footnotes":""},"categories":[1],"tags":[],"class_list":["post-24519","post","type-post","status-publish","format-standard","has-post-thumbnail","hentry","category-vida-escolar"],"acf":[],"yoast_head":"<!-- This site is optimized with the Yoast SEO plugin v27.1.1 - https:\/\/yoast.com\/product\/yoast-seo-wordpress\/ -->\n<title>Carabineros de Chile capacita a nuestros PATROL 2023 - Colegio Pumahue Puerto Montt<\/title>\n<meta name=\"robots\" content=\"index, follow, max-snippet:-1, max-image-preview:large, max-video-preview:-1\" \/>\n<link rel=\"canonical\" href=\"https:\/\/www.pumahue.cl\/puerto-montt\/noticias\/carabineros-de-chile-capacita-a-nuestros-patrol-2023\/\" \/>\n<meta property=\"og:locale\" content=\"es_ES\" \/>\n<meta property=\"og:type\" content=\"article\" \/>\n<meta property=\"og:title\" content=\"Carabineros de Chile capacita a nuestros PATROL 2023 - Colegio Pumahue Puerto Montt\" \/>\n<meta property=\"og:description\" content=\"En el marco de nuestro Programa de Road Safety y el mes de la seguridad, nuestros nuevos PATROL 2023 fueron capacitados por Carabineros de Chile, con el fin que conozcan m\u00e1s sobre tem\u00e1ticas relacionadas a las leyes de tr\u00e1nsito y la responsabilidad de peatones y conductores. Esta es la primera capacitaci\u00f3n de nuestros nuevos PATROL, [&hellip;]\" \/>\n<meta property=\"og:url\" content=\"https:\/\/www.pumahue.cl\/puerto-montt\/noticias\/carabineros-de-chile-capacita-a-nuestros-patrol-2023\/\" \/>\n<meta property=\"og:site_name\" content=\"Colegio Pumahue Puerto Montt\" \/>\n<meta property=\"article:publisher\" content=\"http:\/\/www.facebook.com\/ColegiosPumahue\" \/>\n<meta property=\"article:published_time\" content=\"2023-05-19T20:44:55+00:00\" \/>\n<meta property=\"og:image\" content=\"https:\/\/www.pumahue.cl\/puerto-montt\/wp-content\/uploads\/sites\/50\/2023\/05\/1-6.jpg\" \/>\n\t<meta property=\"og:image:width\" content=\"836\" \/>\n\t<meta property=\"og:image:height\" content=\"523\" \/>\n\t<meta property=\"og:image:type\" content=\"image\/jpeg\" \/>\n<meta name=\"author\" content=\"jorgedelcampo\" \/>\n<meta name=\"twitter:card\" content=\"summary_large_image\" \/>\n<meta name=\"twitter:label1\" content=\"Escrito por\" \/>\n\t<meta name=\"twitter:data1\" content=\"jorgedelcampo\" \/>\n\t<meta name=\"twitter:label2\" content=\"Tiempo de lectura\" \/>\n\t<meta name=\"twitter:data2\" content=\"1 minuto\" \/>\n<script type=\"application\/ld+json\" class=\"yoast-schema-graph\">{\"@context\":\"https:\/\/schema.org\",\"@graph\":[{\"@type\":\"Article\",\"@id\":\"https:\/\/www.pumahue.cl\/puerto-montt\/noticias\/carabineros-de-chile-capacita-a-nuestros-patrol-2023\/#article\",\"isPartOf\":{\"@id\":\"https:\/\/www.pumahue.cl\/puerto-montt\/noticias\/carabineros-de-chile-capacita-a-nuestros-patrol-2023\/\"},\"author\":{\"name\":\"jorgedelcampo\",\"@id\":\"https:\/\/www.pumahue.cl\/puerto-montt\/#\/schema\/person\/0debeea140e397b5d490ee7e553255d8\"},\"headline\":\"Carabineros de Chile capacita a nuestros PATROL 2023\",\"datePublished\":\"2023-05-19T20:44:55+00:00\",\"mainEntityOfPage\":{\"@id\":\"https:\/\/www.pumahue.cl\/puerto-montt\/noticias\/carabineros-de-chile-capacita-a-nuestros-patrol-2023\/\"},\"wordCount\":128,\"commentCount\":0,\"publisher\":{\"@id\":\"https:\/\/www.pumahue.cl\/puerto-montt\/#organization\"},\"image\":{\"@id\":\"https:\/\/www.pumahue.cl\/puerto-montt\/noticias\/carabineros-de-chile-capacita-a-nuestros-patrol-2023\/#primaryimage\"},\"thumbnailUrl\":\"https:\/\/www.pumahue.cl\/puerto-montt\/wp-content\/uploads\/sites\/50\/2023\/05\/1-6.jpg\",\"articleSection\":[\"Vida escolar\"],\"inLanguage\":\"es\",\"potentialAction\":[{\"@type\":\"CommentAction\",\"name\":\"Comment\",\"target\":[\"https:\/\/www.pumahue.cl\/puerto-montt\/noticias\/carabineros-de-chile-capacita-a-nuestros-patrol-2023\/#respond\"]}]},{\"@type\":\"WebPage\",\"@id\":\"https:\/\/www.pumahue.cl\/puerto-montt\/noticias\/carabineros-de-chile-capacita-a-nuestros-patrol-2023\/\",\"url\":\"https:\/\/www.pumahue.cl\/puerto-montt\/noticias\/carabineros-de-chile-capacita-a-nuestros-patrol-2023\/\",\"name\":\"Carabineros de Chile capacita a nuestros PATROL 2023 - Colegio Pumahue Puerto Montt\",\"isPartOf\":{\"@id\":\"https:\/\/www.pumahue.cl\/puerto-montt\/#website\"},\"primaryImageOfPage\":{\"@id\":\"https:\/\/www.pumahue.cl\/puerto-montt\/noticias\/carabineros-de-chile-capacita-a-nuestros-patrol-2023\/#primaryimage\"},\"image\":{\"@id\":\"https:\/\/www.pumahue.cl\/puerto-montt\/noticias\/carabineros-de-chile-capacita-a-nuestros-patrol-2023\/#primaryimage\"},\"thumbnailUrl\":\"https:\/\/www.pumahue.cl\/puerto-montt\/wp-content\/uploads\/sites\/50\/2023\/05\/1-6.jpg\",\"datePublished\":\"2023-05-19T20:44:55+00:00\",\"breadcrumb\":{\"@id\":\"https:\/\/www.pumahue.cl\/puerto-montt\/noticias\/carabineros-de-chile-capacita-a-nuestros-patrol-2023\/#breadcrumb\"},\"inLanguage\":\"es\",\"potentialAction\":[{\"@type\":\"ReadAction\",\"target\":[\"https:\/\/www.pumahue.cl\/puerto-montt\/noticias\/carabineros-de-chile-capacita-a-nuestros-patrol-2023\/\"]}]},{\"@type\":\"ImageObject\",\"inLanguage\":\"es\",\"@id\":\"https:\/\/www.pumahue.cl\/puerto-montt\/noticias\/carabineros-de-chile-capacita-a-nuestros-patrol-2023\/#primaryimage\",\"url\":\"https:\/\/www.pumahue.cl\/puerto-montt\/wp-content\/uploads\/sites\/50\/2023\/05\/1-6.jpg\",\"contentUrl\":\"https:\/\/www.pumahue.cl\/puerto-montt\/wp-content\/uploads\/sites\/50\/2023\/05\/1-6.jpg\",\"width\":836,\"height\":523},{\"@type\":\"BreadcrumbList\",\"@id\":\"https:\/\/www.pumahue.cl\/puerto-montt\/noticias\/carabineros-de-chile-capacita-a-nuestros-patrol-2023\/#breadcrumb\",\"itemListElement\":[{\"@type\":\"ListItem\",\"position\":1,\"name\":\"Home\",\"item\":\"https:\/\/www.pumahue.cl\/puerto-montt\/\"},{\"@type\":\"ListItem\",\"position\":2,\"name\":\"Carabineros de Chile capacita a nuestros PATROL 2023\"}]},{\"@type\":\"WebSite\",\"@id\":\"https:\/\/www.pumahue.cl\/puerto-montt\/#website\",\"url\":\"https:\/\/www.pumahue.cl\/puerto-montt\/\",\"name\":\"Colegio Pumahue Puerto Montt\",\"description\":\"Parte de Cognita Schools\",\"publisher\":{\"@id\":\"https:\/\/www.pumahue.cl\/puerto-montt\/#organization\"},\"potentialAction\":[{\"@type\":\"SearchAction\",\"target\":{\"@type\":\"EntryPoint\",\"urlTemplate\":\"https:\/\/www.pumahue.cl\/puerto-montt\/?s={search_term_string}\"},\"query-input\":{\"@type\":\"PropertyValueSpecification\",\"valueRequired\":true,\"valueName\":\"search_term_string\"}}],\"inLanguage\":\"es\"},{\"@type\":\"Organization\",\"@id\":\"https:\/\/www.pumahue.cl\/puerto-montt\/#organization\",\"name\":\"Colegio Pumahue Puerto Montt\",\"url\":\"https:\/\/www.pumahue.cl\/puerto-montt\/\",\"logo\":{\"@type\":\"ImageObject\",\"inLanguage\":\"es\",\"@id\":\"https:\/\/www.pumahue.cl\/puerto-montt\/#\/schema\/logo\/image\/\",\"url\":\"https:\/\/www.pumahue.cl\/puerto-montt\/wp-content\/uploads\/sites\/50\/2025\/02\/cropped-logo_Pumahue_.png\",\"contentUrl\":\"https:\/\/www.pumahue.cl\/puerto-montt\/wp-content\/uploads\/sites\/50\/2025\/02\/cropped-logo_Pumahue_.png\",\"width\":512,\"height\":512,\"caption\":\"Colegio Pumahue Puerto Montt\"},\"image\":{\"@id\":\"https:\/\/www.pumahue.cl\/puerto-montt\/#\/schema\/logo\/image\/\"},\"sameAs\":[\"http:\/\/www.facebook.com\/ColegiosPumahue\",\"https:\/\/www.instagram.com\/colegiopumahue_puertomontt\",\"https:\/\/www.youtube.com\/@CognitaChile\"]},{\"@type\":\"Person\",\"@id\":\"https:\/\/www.pumahue.cl\/puerto-montt\/#\/schema\/person\/0debeea140e397b5d490ee7e553255d8\",\"name\":\"jorgedelcampo\",\"image\":{\"@type\":\"ImageObject\",\"inLanguage\":\"es\",\"@id\":\"https:\/\/www.pumahue.cl\/puerto-montt\/#\/schema\/person\/image\/\",\"url\":\"https:\/\/secure.gravatar.com\/avatar\/4a315f521213b2dc91dbda9bf799f711c8a98ab6f5606ec42cf5b33d1e762e8a?s=96&d=mm&r=g\",\"contentUrl\":\"https:\/\/secure.gravatar.com\/avatar\/4a315f521213b2dc91dbda9bf799f711c8a98ab6f5606ec42cf5b33d1e762e8a?s=96&d=mm&r=g\",\"caption\":\"jorgedelcampo\"}}]}<\/script>\n<!-- \/ Yoast SEO plugin. -->","yoast_head_json":{"title":"Carabineros de Chile capacita a nuestros PATROL 2023 - Colegio Pumahue Puerto Montt","robots":{"index":"index","follow":"follow","max-snippet":"max-snippet:-1","max-image-preview":"max-image-preview:large","max-video-preview":"max-video-preview:-1"},"canonical":"https:\/\/www.pumahue.cl\/puerto-montt\/noticias\/carabineros-de-chile-capacita-a-nuestros-patrol-2023\/","og_locale":"es_ES","og_type":"article","og_title":"Carabineros de Chile capacita a nuestros PATROL 2023 - Colegio Pumahue Puerto Montt","og_description":"En el marco de nuestro Programa de Road Safety y el mes de la seguridad, nuestros nuevos PATROL 2023 fueron capacitados por Carabineros de Chile, con el fin que conozcan m\u00e1s sobre tem\u00e1ticas relacionadas a las leyes de tr\u00e1nsito y la responsabilidad de peatones y conductores. Esta es la primera capacitaci\u00f3n de nuestros nuevos PATROL, [&hellip;]","og_url":"https:\/\/www.pumahue.cl\/puerto-montt\/noticias\/carabineros-de-chile-capacita-a-nuestros-patrol-2023\/","og_site_name":"Colegio Pumahue Puerto Montt","article_publisher":"http:\/\/www.facebook.com\/ColegiosPumahue","article_published_time":"2023-05-19T20:44:55+00:00","og_image":[{"width":836,"height":523,"url":"https:\/\/www.pumahue.cl\/puerto-montt\/wp-content\/uploads\/sites\/50\/2023\/05\/1-6.jpg","type":"image\/jpeg"}],"author":"jorgedelcampo","twitter_card":"summary_large_image","twitter_misc":{"Escrito por":"jorgedelcampo","Tiempo de lectura":"1 minuto"},"schema":{"@context":"https:\/\/schema.org","@graph":[{"@type":"Article","@id":"https:\/\/www.pumahue.cl\/puerto-montt\/noticias\/carabineros-de-chile-capacita-a-nuestros-patrol-2023\/#article","isPartOf":{"@id":"https:\/\/www.pumahue.cl\/puerto-montt\/noticias\/carabineros-de-chile-capacita-a-nuestros-patrol-2023\/"},"author":{"name":"jorgedelcampo","@id":"https:\/\/www.pumahue.cl\/puerto-montt\/#\/schema\/person\/0debeea140e397b5d490ee7e553255d8"},"headline":"Carabineros de Chile capacita a nuestros PATROL 2023","datePublished":"2023-05-19T20:44:55+00:00","mainEntityOfPage":{"@id":"https:\/\/www.pumahue.cl\/puerto-montt\/noticias\/carabineros-de-chile-capacita-a-nuestros-patrol-2023\/"},"wordCount":128,"commentCount":0,"publisher":{"@id":"https:\/\/www.pumahue.cl\/puerto-montt\/#organization"},"image":{"@id":"https:\/\/www.pumahue.cl\/puerto-montt\/noticias\/carabineros-de-chile-capacita-a-nuestros-patrol-2023\/#primaryimage"},"thumbnailUrl":"https:\/\/www.pumahue.cl\/puerto-montt\/wp-content\/uploads\/sites\/50\/2023\/05\/1-6.jpg","articleSection":["Vida escolar"],"inLanguage":"es","potentialAction":[{"@type":"CommentAction","name":"Comment","target":["https:\/\/www.pumahue.cl\/puerto-montt\/noticias\/carabineros-de-chile-capacita-a-nuestros-patrol-2023\/#respond"]}]},{"@type":"WebPage","@id":"https:\/\/www.pumahue.cl\/puerto-montt\/noticias\/carabineros-de-chile-capacita-a-nuestros-patrol-2023\/","url":"https:\/\/www.pumahue.cl\/puerto-montt\/noticias\/carabineros-de-chile-capacita-a-nuestros-patrol-2023\/","name":"Carabineros de Chile capacita a nuestros PATROL 2023 - Colegio Pumahue Puerto Montt","isPartOf":{"@id":"https:\/\/www.pumahue.cl\/puerto-montt\/#website"},"primaryImageOfPage":{"@id":"https:\/\/www.pumahue.cl\/puerto-montt\/noticias\/carabineros-de-chile-capacita-a-nuestros-patrol-2023\/#primaryimage"},"image":{"@id":"https:\/\/www.pumahue.cl\/puerto-montt\/noticias\/carabineros-de-chile-capacita-a-nuestros-patrol-2023\/#primaryimage"},"thumbnailUrl":"https:\/\/www.pumahue.cl\/puerto-montt\/wp-content\/uploads\/sites\/50\/2023\/05\/1-6.jpg","datePublished":"2023-05-19T20:44:55+00:00","breadcrumb":{"@id":"https:\/\/www.pumahue.cl\/puerto-montt\/noticias\/carabineros-de-chile-capacita-a-nuestros-patrol-2023\/#breadcrumb"},"inLanguage":"es","potentialAction":[{"@type":"ReadAction","target":["https:\/\/www.pumahue.cl\/puerto-montt\/noticias\/carabineros-de-chile-capacita-a-nuestros-patrol-2023\/"]}]},{"@type":"ImageObject","inLanguage":"es","@id":"https:\/\/www.pumahue.cl\/puerto-montt\/noticias\/carabineros-de-chile-capacita-a-nuestros-patrol-2023\/#primaryimage","url":"https:\/\/www.pumahue.cl\/puerto-montt\/wp-content\/uploads\/sites\/50\/2023\/05\/1-6.jpg","contentUrl":"https:\/\/www.pumahue.cl\/puerto-montt\/wp-content\/uploads\/sites\/50\/2023\/05\/1-6.jpg","width":836,"height":523},{"@type":"BreadcrumbList","@id":"https:\/\/www.pumahue.cl\/puerto-montt\/noticias\/carabineros-de-chile-capacita-a-nuestros-patrol-2023\/#breadcrumb","itemListElement":[{"@type":"ListItem","position":1,"name":"Home","item":"https:\/\/www.pumahue.cl\/puerto-montt\/"},{"@type":"ListItem","position":2,"name":"Carabineros de Chile capacita a nuestros PATROL 2023"}]},{"@type":"WebSite","@id":"https:\/\/www.pumahue.cl\/puerto-montt\/#website","url":"https:\/\/www.pumahue.cl\/puerto-montt\/","name":"Colegio Pumahue Puerto Montt","description":"Parte de Cognita Schools","publisher":{"@id":"https:\/\/www.pumahue.cl\/puerto-montt\/#organization"},"potentialAction":[{"@type":"SearchAction","target":{"@type":"EntryPoint","urlTemplate":"https:\/\/www.pumahue.cl\/puerto-montt\/?s={search_term_string}"},"query-input":{"@type":"PropertyValueSpecification","valueRequired":true,"valueName":"search_term_string"}}],"inLanguage":"es"},{"@type":"Organization","@id":"https:\/\/www.pumahue.cl\/puerto-montt\/#organization","name":"Colegio Pumahue Puerto Montt","url":"https:\/\/www.pumahue.cl\/puerto-montt\/","logo":{"@type":"ImageObject","inLanguage":"es","@id":"https:\/\/www.pumahue.cl\/puerto-montt\/#\/schema\/logo\/image\/","url":"https:\/\/www.pumahue.cl\/puerto-montt\/wp-content\/uploads\/sites\/50\/2025\/02\/cropped-logo_Pumahue_.png","contentUrl":"https:\/\/www.pumahue.cl\/puerto-montt\/wp-content\/uploads\/sites\/50\/2025\/02\/cropped-logo_Pumahue_.png","width":512,"height":512,"caption":"Colegio Pumahue Puerto Montt"},"image":{"@id":"https:\/\/www.pumahue.cl\/puerto-montt\/#\/schema\/logo\/image\/"},"sameAs":["http:\/\/www.facebook.com\/ColegiosPumahue","https:\/\/www.instagram.com\/colegiopumahue_puertomontt","https:\/\/www.youtube.com\/@CognitaChile"]},{"@type":"Person","@id":"https:\/\/www.pumahue.cl\/puerto-montt\/#\/schema\/person\/0debeea140e397b5d490ee7e553255d8","name":"jorgedelcampo","image":{"@type":"ImageObject","inLanguage":"es","@id":"https:\/\/www.pumahue.cl\/puerto-montt\/#\/schema\/person\/image\/","url":"https:\/\/secure.gravatar.com\/avatar\/4a315f521213b2dc91dbda9bf799f711c8a98ab6f5606ec42cf5b33d1e762e8a?s=96&d=mm&r=g","contentUrl":"https:\/\/secure.gravatar.com\/avatar\/4a315f521213b2dc91dbda9bf799f711c8a98ab6f5606ec42cf5b33d1e762e8a?s=96&d=mm&r=g","caption":"jorgedelcampo"}}]}},"jetpack_featured_media_url":"https:\/\/www.pumahue.cl\/puerto-montt\/wp-content\/uploads\/sites\/50\/2023\/05\/1-6.jpg","previous_post_ID":24506,"previous_post_title":"Charla manejo del estr\u00e9s","previous_post_excerpt":"En el marco de nuestro Programa de Orientaci\u00f3n Vocacional se realiz\u00f3 un taller a los 1\u00b0 medios, por parte del equipo psicoeducativo y a cargo de una de las psic\u00f3logas del colegio, Miss Catalina Almonacid. Frente a la necesidad de los alumnos en conocer m\u00e1s sobre esta tem\u00e1tica de salud mental, se les explic\u00f3 en [&hellip;]","previous_post_link":"https:\/\/www.pumahue.cl\/puerto-montt\/noticias\/charla-manejo-del-estres\/","previous_post_class":["post-24506","post","type-post","status-publish","format-standard","has-post-thumbnail","hentry","category-vida-escolar"],"next_post_ID":24541,"next_post_title":"Nuestros estudiantes de los Programas de Liderazgo y Emprendimiento participan de feria del reciclaje","next_post_excerpt":"Los estudiantes de Liderazgo y Emprendimiento, pertenecientes a II\u00b0 y III\u00b0, respectivamente participaron de feria que conmemora d\u00eda internacional del reciclaje en Arena Puerto Montt, adem\u00e1s de participar en un foro junto a estudiantes de establecimientos educacionales de la provincia de Llanquihue. &nbsp; \u00a1Agradecemos a nuestros encargados de ambos programas quienes acompa\u00f1aron a los alumnos [&hellip;]","next_post_link":"https:\/\/www.pumahue.cl\/puerto-montt\/noticias\/nuestros-estudiantes-de-los-programas-de-liderazgo-y-emprendimiento-participan-de-feria-del-reciclaje\/","next_post_class":["post-24541","post","type-post","status-publish","format-standard","has-post-thumbnail","hentry","category-vida-escolar"],"jetpack_sharing_enabled":true,"_links":{"self":[{"href":"https:\/\/www.pumahue.cl\/puerto-montt\/wp-json\/wp\/v2\/posts\/24519","targetHints":{"allow":["GET"]}}],"collection":[{"href":"https:\/\/www.pumahue.cl\/puerto-montt\/wp-json\/wp\/v2\/posts"}],"about":[{"href":"https:\/\/www.pumahue.cl\/puerto-montt\/wp-json\/wp\/v2\/types\/post"}],"author":[{"embeddable":true,"href":"https:\/\/www.pumahue.cl\/puerto-montt\/wp-json\/wp\/v2\/users\/14"}],"replies":[{"embeddable":true,"href":"https:\/\/www.pumahue.cl\/puerto-montt\/wp-json\/wp\/v2\/comments?post=24519"}],"version-history":[{"count":0,"href":"https:\/\/www.pumahue.cl\/puerto-montt\/wp-json\/wp\/v2\/posts\/24519\/revisions"}],"wp:featuredmedia":[{"embeddable":true,"href":"https:\/\/www.pumahue.cl\/puerto-montt\/wp-json\/wp\/v2\/media\/24520"}],"wp:attachment":[{"href":"https:\/\/www.pumahue.cl\/puerto-montt\/wp-json\/wp\/v2\/media?parent=24519"}],"wp:term":[{"taxonomy":"category","embeddable":true,"href":"https:\/\/www.pumahue.cl\/puerto-montt\/wp-json\/wp\/v2\/categories?post=24519"},{"taxonomy":"post_tag","embeddable":true,"href":"https:\/\/www.pumahue.cl\/puerto-montt\/wp-json\/wp\/v2\/tags?post=24519"}],"curies":[{"name":"wp","href":"https:\/\/api.w.org\/{rel}","templated":true}]}}