{"id":127360,"date":"2025-05-09T16:27:12","date_gmt":"2025-05-09T20:27:12","guid":{"rendered":"https:\/\/www.pumahue.cl\/temuco\/?p=127360"},"modified":"2025-06-19T16:30:12","modified_gmt":"2025-06-19T20:30:12","slug":"iv-medios-participaron-en-jornada-de-orientacion-vocacional-junto-a-sur-joven","status":"publish","type":"post","link":"https:\/\/www.pumahue.cl\/temuco\/noticias\/iv-medios-participaron-en-jornada-de-orientacion-vocacional-junto-a-sur-joven\/","title":{"rendered":"IV\u00b0 Medios participaron en jornada de orientaci\u00f3n vocacional junto a Sur Joven"},"content":{"rendered":"<p data-start=\"174\" data-end=\"397\">El pasado martes 6 de mayo, los estudiantes de <strong data-start=\"221\" data-end=\"261\">IV medio del Colegio Pumahue Temuco<\/strong> vivieron una enriquecedora jornada dedicada a la orientaci\u00f3n vocacional y el proyecto de vida, guiada por el experto <strong data-start=\"379\" data-end=\"396\">Juan Gonz\u00e1lez<\/strong>.<\/p>\n<p data-start=\"399\" data-end=\"723\">La actividad, organizada en conjunto con la entidad <strong data-start=\"451\" data-end=\"464\">Sur Joven<\/strong>, se realiza por segundo a\u00f1o consecutivo y tiene como prop\u00f3sito acompa\u00f1ar a los j\u00f3venes en el proceso de identificaci\u00f3n de sus intereses, aptitudes y valores, promoviendo una toma de decisiones informada y consciente respecto a su futuro acad\u00e9mico y personal.<\/p>\n<p data-start=\"725\" data-end=\"932\">Este espacio se enmarca en el trabajo del \u00e1rea de Orientaci\u00f3n del colegio, que busca entregar herramientas significativas para el desarrollo integral de nuestros estudiantes en esta etapa clave de sus vidas.<\/p>\n<p data-start=\"934\" data-end=\"1051\">Agradecemos a Sur Joven por su compromiso y a todos quienes hicieron posible esta jornada de reflexi\u00f3n y crecimiento.<\/p>\n"},"excerpt":{"rendered":"<p>El pasado martes 6 de mayo, los estudiantes de IV medio del Colegio Pumahue Temuco vivieron una enriquecedora jornada dedicada a la orientaci\u00f3n vocacional y el proyecto de vida, guiada por el experto Juan Gonz\u00e1lez. La actividad, organizada en conjunto con la entidad Sur Joven, se realiza por segundo a\u00f1o consecutivo y tiene como prop\u00f3sito [&hellip;]<\/p>\n","protected":false},"author":34,"featured_media":127361,"comment_status":"open","ping_status":"open","sticky":false,"template":"","format":"standard","meta":{"_acf_changed":false,"content-type":"","_jetpack_memberships_contains_paid_content":false,"footnotes":""},"categories":[1],"tags":[],"class_list":["post-127360","post","type-post","status-publish","format-standard","has-post-thumbnail","hentry","category-vida-escolar"],"acf":[],"yoast_head":"<!-- This site is optimized with the Yoast SEO plugin v27.1.1 - https:\/\/yoast.com\/product\/yoast-seo-wordpress\/ -->\n<title>IV\u00b0 Medios participaron en jornada de orientaci\u00f3n vocacional junto a Sur Joven - Colegio Pumahue Temuco<\/title>\n<meta name=\"robots\" content=\"index, follow, max-snippet:-1, max-image-preview:large, max-video-preview:-1\" \/>\n<link rel=\"canonical\" href=\"https:\/\/www.pumahue.cl\/temuco\/noticias\/iv-medios-participaron-en-jornada-de-orientacion-vocacional-junto-a-sur-joven\/\" \/>\n<meta property=\"og:locale\" content=\"es_ES\" \/>\n<meta property=\"og:type\" content=\"article\" \/>\n<meta property=\"og:title\" content=\"IV\u00b0 Medios participaron en jornada de orientaci\u00f3n vocacional junto a Sur Joven - Colegio Pumahue Temuco\" \/>\n<meta property=\"og:description\" content=\"El pasado martes 6 de mayo, los estudiantes de IV medio del Colegio Pumahue Temuco vivieron una enriquecedora jornada dedicada a la orientaci\u00f3n vocacional y el proyecto de vida, guiada por el experto Juan Gonz\u00e1lez. La actividad, organizada en conjunto con la entidad Sur Joven, se realiza por segundo a\u00f1o consecutivo y tiene como prop\u00f3sito [&hellip;]\" \/>\n<meta property=\"og:url\" content=\"https:\/\/www.pumahue.cl\/temuco\/noticias\/iv-medios-participaron-en-jornada-de-orientacion-vocacional-junto-a-sur-joven\/\" \/>\n<meta property=\"og:site_name\" content=\"Colegio Pumahue Temuco\" \/>\n<meta property=\"article:publisher\" content=\"http:\/\/www.facebook.com\/ColegiosPumahue\" \/>\n<meta property=\"article:published_time\" content=\"2025-05-09T20:27:12+00:00\" \/>\n<meta property=\"article:modified_time\" content=\"2025-06-19T20:30:12+00:00\" \/>\n<meta property=\"og:image\" content=\"https:\/\/www.pumahue.cl\/temuco\/wp-content\/uploads\/sites\/49\/2025\/06\/Charla-Vocacional-Pumahue-Temuco.png\" \/>\n\t<meta property=\"og:image:width\" content=\"1116\" \/>\n\t<meta property=\"og:image:height\" content=\"550\" \/>\n\t<meta property=\"og:image:type\" content=\"image\/png\" \/>\n<meta name=\"author\" content=\"danielacastro\" \/>\n<meta name=\"twitter:card\" content=\"summary_large_image\" \/>\n<meta name=\"twitter:label1\" content=\"Escrito por\" \/>\n\t<meta name=\"twitter:data1\" content=\"danielacastro\" \/>\n\t<meta name=\"twitter:label2\" content=\"Tiempo de lectura\" \/>\n\t<meta name=\"twitter:data2\" content=\"1 minuto\" \/>\n<script type=\"application\/ld+json\" class=\"yoast-schema-graph\">{\"@context\":\"https:\/\/schema.org\",\"@graph\":[{\"@type\":\"Article\",\"@id\":\"https:\/\/www.pumahue.cl\/temuco\/noticias\/iv-medios-participaron-en-jornada-de-orientacion-vocacional-junto-a-sur-joven\/#article\",\"isPartOf\":{\"@id\":\"https:\/\/www.pumahue.cl\/temuco\/noticias\/iv-medios-participaron-en-jornada-de-orientacion-vocacional-junto-a-sur-joven\/\"},\"author\":{\"name\":\"danielacastro\",\"@id\":\"https:\/\/www.pumahue.cl\/temuco\/#\/schema\/person\/5eb92a7b45165cdbdbb271bcdacc9d9e\"},\"headline\":\"IV\u00b0 Medios participaron en jornada de orientaci\u00f3n vocacional junto a Sur Joven\",\"datePublished\":\"2025-05-09T20:27:12+00:00\",\"dateModified\":\"2025-06-19T20:30:12+00:00\",\"mainEntityOfPage\":{\"@id\":\"https:\/\/www.pumahue.cl\/temuco\/noticias\/iv-medios-participaron-en-jornada-de-orientacion-vocacional-junto-a-sur-joven\/\"},\"wordCount\":158,\"commentCount\":0,\"publisher\":{\"@id\":\"https:\/\/www.pumahue.cl\/temuco\/#organization\"},\"image\":{\"@id\":\"https:\/\/www.pumahue.cl\/temuco\/noticias\/iv-medios-participaron-en-jornada-de-orientacion-vocacional-junto-a-sur-joven\/#primaryimage\"},\"thumbnailUrl\":\"https:\/\/www.pumahue.cl\/temuco\/wp-content\/uploads\/sites\/49\/2025\/06\/Charla-Vocacional-Pumahue-Temuco.png\",\"articleSection\":[\"Vida Escolar\"],\"inLanguage\":\"es\",\"potentialAction\":[{\"@type\":\"CommentAction\",\"name\":\"Comment\",\"target\":[\"https:\/\/www.pumahue.cl\/temuco\/noticias\/iv-medios-participaron-en-jornada-de-orientacion-vocacional-junto-a-sur-joven\/#respond\"]}]},{\"@type\":\"WebPage\",\"@id\":\"https:\/\/www.pumahue.cl\/temuco\/noticias\/iv-medios-participaron-en-jornada-de-orientacion-vocacional-junto-a-sur-joven\/\",\"url\":\"https:\/\/www.pumahue.cl\/temuco\/noticias\/iv-medios-participaron-en-jornada-de-orientacion-vocacional-junto-a-sur-joven\/\",\"name\":\"IV\u00b0 Medios participaron en jornada de orientaci\u00f3n vocacional junto a Sur Joven - Colegio Pumahue Temuco\",\"isPartOf\":{\"@id\":\"https:\/\/www.pumahue.cl\/temuco\/#website\"},\"primaryImageOfPage\":{\"@id\":\"https:\/\/www.pumahue.cl\/temuco\/noticias\/iv-medios-participaron-en-jornada-de-orientacion-vocacional-junto-a-sur-joven\/#primaryimage\"},\"image\":{\"@id\":\"https:\/\/www.pumahue.cl\/temuco\/noticias\/iv-medios-participaron-en-jornada-de-orientacion-vocacional-junto-a-sur-joven\/#primaryimage\"},\"thumbnailUrl\":\"https:\/\/www.pumahue.cl\/temuco\/wp-content\/uploads\/sites\/49\/2025\/06\/Charla-Vocacional-Pumahue-Temuco.png\",\"datePublished\":\"2025-05-09T20:27:12+00:00\",\"dateModified\":\"2025-06-19T20:30:12+00:00\",\"breadcrumb\":{\"@id\":\"https:\/\/www.pumahue.cl\/temuco\/noticias\/iv-medios-participaron-en-jornada-de-orientacion-vocacional-junto-a-sur-joven\/#breadcrumb\"},\"inLanguage\":\"es\",\"potentialAction\":[{\"@type\":\"ReadAction\",\"target\":[\"https:\/\/www.pumahue.cl\/temuco\/noticias\/iv-medios-participaron-en-jornada-de-orientacion-vocacional-junto-a-sur-joven\/\"]}]},{\"@type\":\"ImageObject\",\"inLanguage\":\"es\",\"@id\":\"https:\/\/www.pumahue.cl\/temuco\/noticias\/iv-medios-participaron-en-jornada-de-orientacion-vocacional-junto-a-sur-joven\/#primaryimage\",\"url\":\"https:\/\/www.pumahue.cl\/temuco\/wp-content\/uploads\/sites\/49\/2025\/06\/Charla-Vocacional-Pumahue-Temuco.png\",\"contentUrl\":\"https:\/\/www.pumahue.cl\/temuco\/wp-content\/uploads\/sites\/49\/2025\/06\/Charla-Vocacional-Pumahue-Temuco.png\",\"width\":1116,\"height\":550},{\"@type\":\"BreadcrumbList\",\"@id\":\"https:\/\/www.pumahue.cl\/temuco\/noticias\/iv-medios-participaron-en-jornada-de-orientacion-vocacional-junto-a-sur-joven\/#breadcrumb\",\"itemListElement\":[{\"@type\":\"ListItem\",\"position\":1,\"name\":\"Home\",\"item\":\"https:\/\/www.pumahue.cl\/temuco\/\"},{\"@type\":\"ListItem\",\"position\":2,\"name\":\"IV\u00b0 Medios participaron en jornada de orientaci\u00f3n vocacional junto a Sur Joven\"}]},{\"@type\":\"WebSite\",\"@id\":\"https:\/\/www.pumahue.cl\/temuco\/#website\",\"url\":\"https:\/\/www.pumahue.cl\/temuco\/\",\"name\":\"Colegio Pumahue Temuco\",\"description\":\"Parte de Cognita Schools\",\"publisher\":{\"@id\":\"https:\/\/www.pumahue.cl\/temuco\/#organization\"},\"potentialAction\":[{\"@type\":\"SearchAction\",\"target\":{\"@type\":\"EntryPoint\",\"urlTemplate\":\"https:\/\/www.pumahue.cl\/temuco\/?s={search_term_string}\"},\"query-input\":{\"@type\":\"PropertyValueSpecification\",\"valueRequired\":true,\"valueName\":\"search_term_string\"}}],\"inLanguage\":\"es\"},{\"@type\":\"Organization\",\"@id\":\"https:\/\/www.pumahue.cl\/temuco\/#organization\",\"name\":\"Colegio Pumahue Temuco\",\"url\":\"https:\/\/www.pumahue.cl\/temuco\/\",\"logo\":{\"@type\":\"ImageObject\",\"inLanguage\":\"es\",\"@id\":\"https:\/\/www.pumahue.cl\/temuco\/#\/schema\/logo\/image\/\",\"url\":\"https:\/\/www.pumahue.cl\/temuco\/wp-content\/uploads\/sites\/49\/2025\/02\/cropped-logo_Pumahue_.png\",\"contentUrl\":\"https:\/\/www.pumahue.cl\/temuco\/wp-content\/uploads\/sites\/49\/2025\/02\/cropped-logo_Pumahue_.png\",\"width\":512,\"height\":512,\"caption\":\"Colegio Pumahue Temuco\"},\"image\":{\"@id\":\"https:\/\/www.pumahue.cl\/temuco\/#\/schema\/logo\/image\/\"},\"sameAs\":[\"http:\/\/www.facebook.com\/ColegiosPumahue\",\"https:\/\/www.instagram.com\/colegiopumahue_temuco\",\"https:\/\/www.youtube.com\/@CognitaChile\"]},{\"@type\":\"Person\",\"@id\":\"https:\/\/www.pumahue.cl\/temuco\/#\/schema\/person\/5eb92a7b45165cdbdbb271bcdacc9d9e\",\"name\":\"danielacastro\",\"image\":{\"@type\":\"ImageObject\",\"inLanguage\":\"es\",\"@id\":\"https:\/\/www.pumahue.cl\/temuco\/#\/schema\/person\/image\/\",\"url\":\"https:\/\/secure.gravatar.com\/avatar\/16a603f2cc3ad485cabfe7c59b923050a809d8344cba940b4148737780592211?s=96&d=mm&r=g\",\"contentUrl\":\"https:\/\/secure.gravatar.com\/avatar\/16a603f2cc3ad485cabfe7c59b923050a809d8344cba940b4148737780592211?s=96&d=mm&r=g\",\"caption\":\"danielacastro\"}}]}<\/script>\n<!-- \/ Yoast SEO plugin. -->","yoast_head_json":{"title":"IV\u00b0 Medios participaron en jornada de orientaci\u00f3n vocacional junto a Sur Joven - Colegio Pumahue Temuco","robots":{"index":"index","follow":"follow","max-snippet":"max-snippet:-1","max-image-preview":"max-image-preview:large","max-video-preview":"max-video-preview:-1"},"canonical":"https:\/\/www.pumahue.cl\/temuco\/noticias\/iv-medios-participaron-en-jornada-de-orientacion-vocacional-junto-a-sur-joven\/","og_locale":"es_ES","og_type":"article","og_title":"IV\u00b0 Medios participaron en jornada de orientaci\u00f3n vocacional junto a Sur Joven - Colegio Pumahue Temuco","og_description":"El pasado martes 6 de mayo, los estudiantes de IV medio del Colegio Pumahue Temuco vivieron una enriquecedora jornada dedicada a la orientaci\u00f3n vocacional y el proyecto de vida, guiada por el experto Juan Gonz\u00e1lez. La actividad, organizada en conjunto con la entidad Sur Joven, se realiza por segundo a\u00f1o consecutivo y tiene como prop\u00f3sito [&hellip;]","og_url":"https:\/\/www.pumahue.cl\/temuco\/noticias\/iv-medios-participaron-en-jornada-de-orientacion-vocacional-junto-a-sur-joven\/","og_site_name":"Colegio Pumahue Temuco","article_publisher":"http:\/\/www.facebook.com\/ColegiosPumahue","article_published_time":"2025-05-09T20:27:12+00:00","article_modified_time":"2025-06-19T20:30:12+00:00","og_image":[{"width":1116,"height":550,"url":"https:\/\/www.pumahue.cl\/temuco\/wp-content\/uploads\/sites\/49\/2025\/06\/Charla-Vocacional-Pumahue-Temuco.png","type":"image\/png"}],"author":"danielacastro","twitter_card":"summary_large_image","twitter_misc":{"Escrito por":"danielacastro","Tiempo de lectura":"1 minuto"},"schema":{"@context":"https:\/\/schema.org","@graph":[{"@type":"Article","@id":"https:\/\/www.pumahue.cl\/temuco\/noticias\/iv-medios-participaron-en-jornada-de-orientacion-vocacional-junto-a-sur-joven\/#article","isPartOf":{"@id":"https:\/\/www.pumahue.cl\/temuco\/noticias\/iv-medios-participaron-en-jornada-de-orientacion-vocacional-junto-a-sur-joven\/"},"author":{"name":"danielacastro","@id":"https:\/\/www.pumahue.cl\/temuco\/#\/schema\/person\/5eb92a7b45165cdbdbb271bcdacc9d9e"},"headline":"IV\u00b0 Medios participaron en jornada de orientaci\u00f3n vocacional junto a Sur Joven","datePublished":"2025-05-09T20:27:12+00:00","dateModified":"2025-06-19T20:30:12+00:00","mainEntityOfPage":{"@id":"https:\/\/www.pumahue.cl\/temuco\/noticias\/iv-medios-participaron-en-jornada-de-orientacion-vocacional-junto-a-sur-joven\/"},"wordCount":158,"commentCount":0,"publisher":{"@id":"https:\/\/www.pumahue.cl\/temuco\/#organization"},"image":{"@id":"https:\/\/www.pumahue.cl\/temuco\/noticias\/iv-medios-participaron-en-jornada-de-orientacion-vocacional-junto-a-sur-joven\/#primaryimage"},"thumbnailUrl":"https:\/\/www.pumahue.cl\/temuco\/wp-content\/uploads\/sites\/49\/2025\/06\/Charla-Vocacional-Pumahue-Temuco.png","articleSection":["Vida Escolar"],"inLanguage":"es","potentialAction":[{"@type":"CommentAction","name":"Comment","target":["https:\/\/www.pumahue.cl\/temuco\/noticias\/iv-medios-participaron-en-jornada-de-orientacion-vocacional-junto-a-sur-joven\/#respond"]}]},{"@type":"WebPage","@id":"https:\/\/www.pumahue.cl\/temuco\/noticias\/iv-medios-participaron-en-jornada-de-orientacion-vocacional-junto-a-sur-joven\/","url":"https:\/\/www.pumahue.cl\/temuco\/noticias\/iv-medios-participaron-en-jornada-de-orientacion-vocacional-junto-a-sur-joven\/","name":"IV\u00b0 Medios participaron en jornada de orientaci\u00f3n vocacional junto a Sur Joven - Colegio Pumahue Temuco","isPartOf":{"@id":"https:\/\/www.pumahue.cl\/temuco\/#website"},"primaryImageOfPage":{"@id":"https:\/\/www.pumahue.cl\/temuco\/noticias\/iv-medios-participaron-en-jornada-de-orientacion-vocacional-junto-a-sur-joven\/#primaryimage"},"image":{"@id":"https:\/\/www.pumahue.cl\/temuco\/noticias\/iv-medios-participaron-en-jornada-de-orientacion-vocacional-junto-a-sur-joven\/#primaryimage"},"thumbnailUrl":"https:\/\/www.pumahue.cl\/temuco\/wp-content\/uploads\/sites\/49\/2025\/06\/Charla-Vocacional-Pumahue-Temuco.png","datePublished":"2025-05-09T20:27:12+00:00","dateModified":"2025-06-19T20:30:12+00:00","breadcrumb":{"@id":"https:\/\/www.pumahue.cl\/temuco\/noticias\/iv-medios-participaron-en-jornada-de-orientacion-vocacional-junto-a-sur-joven\/#breadcrumb"},"inLanguage":"es","potentialAction":[{"@type":"ReadAction","target":["https:\/\/www.pumahue.cl\/temuco\/noticias\/iv-medios-participaron-en-jornada-de-orientacion-vocacional-junto-a-sur-joven\/"]}]},{"@type":"ImageObject","inLanguage":"es","@id":"https:\/\/www.pumahue.cl\/temuco\/noticias\/iv-medios-participaron-en-jornada-de-orientacion-vocacional-junto-a-sur-joven\/#primaryimage","url":"https:\/\/www.pumahue.cl\/temuco\/wp-content\/uploads\/sites\/49\/2025\/06\/Charla-Vocacional-Pumahue-Temuco.png","contentUrl":"https:\/\/www.pumahue.cl\/temuco\/wp-content\/uploads\/sites\/49\/2025\/06\/Charla-Vocacional-Pumahue-Temuco.png","width":1116,"height":550},{"@type":"BreadcrumbList","@id":"https:\/\/www.pumahue.cl\/temuco\/noticias\/iv-medios-participaron-en-jornada-de-orientacion-vocacional-junto-a-sur-joven\/#breadcrumb","itemListElement":[{"@type":"ListItem","position":1,"name":"Home","item":"https:\/\/www.pumahue.cl\/temuco\/"},{"@type":"ListItem","position":2,"name":"IV\u00b0 Medios participaron en jornada de orientaci\u00f3n vocacional junto a Sur Joven"}]},{"@type":"WebSite","@id":"https:\/\/www.pumahue.cl\/temuco\/#website","url":"https:\/\/www.pumahue.cl\/temuco\/","name":"Colegio Pumahue Temuco","description":"Parte de Cognita Schools","publisher":{"@id":"https:\/\/www.pumahue.cl\/temuco\/#organization"},"potentialAction":[{"@type":"SearchAction","target":{"@type":"EntryPoint","urlTemplate":"https:\/\/www.pumahue.cl\/temuco\/?s={search_term_string}"},"query-input":{"@type":"PropertyValueSpecification","valueRequired":true,"valueName":"search_term_string"}}],"inLanguage":"es"},{"@type":"Organization","@id":"https:\/\/www.pumahue.cl\/temuco\/#organization","name":"Colegio Pumahue Temuco","url":"https:\/\/www.pumahue.cl\/temuco\/","logo":{"@type":"ImageObject","inLanguage":"es","@id":"https:\/\/www.pumahue.cl\/temuco\/#\/schema\/logo\/image\/","url":"https:\/\/www.pumahue.cl\/temuco\/wp-content\/uploads\/sites\/49\/2025\/02\/cropped-logo_Pumahue_.png","contentUrl":"https:\/\/www.pumahue.cl\/temuco\/wp-content\/uploads\/sites\/49\/2025\/02\/cropped-logo_Pumahue_.png","width":512,"height":512,"caption":"Colegio Pumahue Temuco"},"image":{"@id":"https:\/\/www.pumahue.cl\/temuco\/#\/schema\/logo\/image\/"},"sameAs":["http:\/\/www.facebook.com\/ColegiosPumahue","https:\/\/www.instagram.com\/colegiopumahue_temuco","https:\/\/www.youtube.com\/@CognitaChile"]},{"@type":"Person","@id":"https:\/\/www.pumahue.cl\/temuco\/#\/schema\/person\/5eb92a7b45165cdbdbb271bcdacc9d9e","name":"danielacastro","image":{"@type":"ImageObject","inLanguage":"es","@id":"https:\/\/www.pumahue.cl\/temuco\/#\/schema\/person\/image\/","url":"https:\/\/secure.gravatar.com\/avatar\/16a603f2cc3ad485cabfe7c59b923050a809d8344cba940b4148737780592211?s=96&d=mm&r=g","contentUrl":"https:\/\/secure.gravatar.com\/avatar\/16a603f2cc3ad485cabfe7c59b923050a809d8344cba940b4148737780592211?s=96&d=mm&r=g","caption":"danielacastro"}}]}},"jetpack_featured_media_url":"https:\/\/www.pumahue.cl\/temuco\/wp-content\/uploads\/sites\/49\/2025\/06\/Charla-Vocacional-Pumahue-Temuco.png","previous_post_ID":127369,"previous_post_title":"\u00a1Orgullo deportivo! Equipo de nataci\u00f3n obtiene 3\u00b0 lugar en la Copa Soprole Zona Sur","previous_post_excerpt":"Con gran entusiasmo felicitamos a nuestro equipo de nataci\u00f3n, que obtuvo el tercer lugar \ud83e\udd49 en la Copa Soprole Zona Sur, destacando por su esfuerzo, disciplina y esp\u00edritu deportivo. Diego, Ema, Rodrigo, Santiago y Mar\u00eda Josefina representaron a nuestro colegio con gran compromiso, enfrentando esta competencia con dedicaci\u00f3n y trabajo en equipo. Este logro refleja [&hellip;]","previous_post_link":"https:\/\/www.pumahue.cl\/temuco\/noticias\/orgullo-deportivo-equipo-de-natacion-obtiene-3-lugar-en-la-copa-soprole-zona-sur\/","previous_post_class":["post-127369","post","type-post","status-publish","format-standard","has-post-thumbnail","hentry","category-vida-escolar"],"next_post_ID":127363,"next_post_title":"Spelling Bee 2025: Celebramos el talento y compromiso de nuestros estudiantes biling\u00fces","next_post_excerpt":"Este martes se realiz\u00f3 en nuestro colegio una nueva edici\u00f3n del Spelling Bee 2025, una competencia que reuni\u00f3 a estudiantes de 4\u00b0 a 8\u00b0 b\u00e1sico biling\u00fces en torno al desaf\u00edo de demostrar su dominio del idioma ingl\u00e9s a trav\u00e9s del deletreo. La actividad se organiz\u00f3 en dos categor\u00edas: Categor\u00eda 1: 4\u00b0 y 5\u00b0 b\u00e1sico Categor\u00eda [&hellip;]","next_post_link":"https:\/\/www.pumahue.cl\/temuco\/noticias\/spelling-bee-2025-celebramos-el-talento-y-compromiso-de-nuestros-estudiantes-bilingues\/","next_post_class":["post-127363","post","type-post","status-publish","format-standard","has-post-thumbnail","hentry","category-vida-escolar"],"jetpack_sharing_enabled":true,"_links":{"self":[{"href":"https:\/\/www.pumahue.cl\/temuco\/wp-json\/wp\/v2\/posts\/127360","targetHints":{"allow":["GET"]}}],"collection":[{"href":"https:\/\/www.pumahue.cl\/temuco\/wp-json\/wp\/v2\/posts"}],"about":[{"href":"https:\/\/www.pumahue.cl\/temuco\/wp-json\/wp\/v2\/types\/post"}],"author":[{"embeddable":true,"href":"https:\/\/www.pumahue.cl\/temuco\/wp-json\/wp\/v2\/users\/34"}],"replies":[{"embeddable":true,"href":"https:\/\/www.pumahue.cl\/temuco\/wp-json\/wp\/v2\/comments?post=127360"}],"version-history":[{"count":1,"href":"https:\/\/www.pumahue.cl\/temuco\/wp-json\/wp\/v2\/posts\/127360\/revisions"}],"predecessor-version":[{"id":127362,"href":"https:\/\/www.pumahue.cl\/temuco\/wp-json\/wp\/v2\/posts\/127360\/revisions\/127362"}],"wp:featuredmedia":[{"embeddable":true,"href":"https:\/\/www.pumahue.cl\/temuco\/wp-json\/wp\/v2\/media\/127361"}],"wp:attachment":[{"href":"https:\/\/www.pumahue.cl\/temuco\/wp-json\/wp\/v2\/media?parent=127360"}],"wp:term":[{"taxonomy":"category","embeddable":true,"href":"https:\/\/www.pumahue.cl\/temuco\/wp-json\/wp\/v2\/categories?post=127360"},{"taxonomy":"post_tag","embeddable":true,"href":"https:\/\/www.pumahue.cl\/temuco\/wp-json\/wp\/v2\/tags?post=127360"}],"curies":[{"name":"wp","href":"https:\/\/api.w.org\/{rel}","templated":true}]}}