{"id":20970,"date":"2022-03-16T13:58:13","date_gmt":"2022-03-16T16:58:13","guid":{"rendered":"http:\/\/pumahue.cl\/temuco\/?p=20970"},"modified":"2022-03-16T13:58:13","modified_gmt":"2022-03-16T16:58:13","slug":"primera-jornada-de-comunidades-de-curso-del-2022","status":"publish","type":"post","link":"https:\/\/www.pumahue.cl\/temuco\/noticias\/primera-jornada-de-comunidades-de-curso-del-2022\/","title":{"rendered":"Primera jornada de Comunidades de Curso 2022"},"content":{"rendered":"<p>Esta semana se realiz\u00f3 la primera Jornada de Comunidades de Curso en todo el colegio Pumahue Temuco.<\/p>\n<p>El objetivo de esta tradicional actividad de los colegios de la red Cognita, es que los estudiantes reflexionen y conversen sobre la confianza y el respeto que deben tener al interior del curso, adem\u00e1s de establecer acuerdos de convivencia, los cuales se materializan en un contrato donde se comprometen a mantener una sana relaci\u00f3n de compa\u00f1erismo.<\/p>\n<p>Es as\u00ed como los distintos niveles realizaron actividades asociadas a la tem\u00e1tica del buen convivir y los ambientes sanos, construyendo murales, buzones y declarando los aportes que cada uno realiza para lograr los objetivos planteados en el contrato.<\/p>\n<p>En la oportunidad algunos cursos trataron el tema de la prevenci\u00f3n del cyberbulling, con videos y c\u00e1psulas de apoyo audiovisual.<\/p>\n<p>[multimedia id=1]<\/p>\n"},"excerpt":{"rendered":"<p>Esta semana se realiz\u00f3 la primera Jornada de Comunidades de Curso en todo el colegio Pumahue Temuco. El objetivo de esta tradicional actividad de los colegios de la red Cognita, es que los estudiantes reflexionen y conversen sobre la confianza y el respeto que deben tener al interior del curso, adem\u00e1s de establecer acuerdos de [&hellip;]<\/p>\n","protected":false},"author":14,"featured_media":20971,"comment_status":"open","ping_status":"open","sticky":false,"template":"","format":"standard","meta":{"_acf_changed":false,"content-type":"","_jetpack_memberships_contains_paid_content":false,"footnotes":""},"categories":[1],"tags":[],"class_list":["post-20970","post","type-post","status-publish","format-standard","has-post-thumbnail","hentry","category-vida-escolar"],"acf":[],"yoast_head":"<!-- This site is optimized with the Yoast SEO plugin v27.1.1 - https:\/\/yoast.com\/product\/yoast-seo-wordpress\/ -->\n<title>Primera jornada de Comunidades de Curso 2022 - Colegio Pumahue Temuco<\/title>\n<meta name=\"robots\" content=\"index, follow, max-snippet:-1, max-image-preview:large, max-video-preview:-1\" \/>\n<link rel=\"canonical\" href=\"https:\/\/www.pumahue.cl\/temuco\/noticias\/primera-jornada-de-comunidades-de-curso-del-2022\/\" \/>\n<meta property=\"og:locale\" content=\"es_ES\" \/>\n<meta property=\"og:type\" content=\"article\" \/>\n<meta property=\"og:title\" content=\"Primera jornada de Comunidades de Curso 2022 - Colegio Pumahue Temuco\" \/>\n<meta property=\"og:description\" content=\"Esta semana se realiz\u00f3 la primera Jornada de Comunidades de Curso en todo el colegio Pumahue Temuco. El objetivo de esta tradicional actividad de los colegios de la red Cognita, es que los estudiantes reflexionen y conversen sobre la confianza y el respeto que deben tener al interior del curso, adem\u00e1s de establecer acuerdos de [&hellip;]\" \/>\n<meta property=\"og:url\" content=\"https:\/\/www.pumahue.cl\/temuco\/noticias\/primera-jornada-de-comunidades-de-curso-del-2022\/\" \/>\n<meta property=\"og:site_name\" content=\"Colegio Pumahue Temuco\" \/>\n<meta property=\"article:publisher\" content=\"http:\/\/www.facebook.com\/ColegiosPumahue\" \/>\n<meta property=\"article:published_time\" content=\"2022-03-16T16:58:13+00:00\" \/>\n<meta property=\"og:image\" content=\"https:\/\/www.pumahue.cl\/temuco\/wp-content\/uploads\/sites\/49\/2022\/03\/1-6.png\" \/>\n\t<meta property=\"og:image:width\" content=\"836\" \/>\n\t<meta property=\"og:image:height\" content=\"523\" \/>\n\t<meta property=\"og:image:type\" content=\"image\/png\" \/>\n<meta name=\"author\" content=\"jorgedelcampo\" \/>\n<meta name=\"twitter:card\" content=\"summary_large_image\" \/>\n<meta name=\"twitter:label1\" content=\"Escrito por\" \/>\n\t<meta name=\"twitter:data1\" content=\"jorgedelcampo\" \/>\n\t<meta name=\"twitter:label2\" content=\"Tiempo de lectura\" \/>\n\t<meta name=\"twitter:data2\" content=\"1 minuto\" \/>\n<script type=\"application\/ld+json\" class=\"yoast-schema-graph\">{\"@context\":\"https:\/\/schema.org\",\"@graph\":[{\"@type\":\"Article\",\"@id\":\"https:\/\/www.pumahue.cl\/temuco\/noticias\/primera-jornada-de-comunidades-de-curso-del-2022\/#article\",\"isPartOf\":{\"@id\":\"https:\/\/www.pumahue.cl\/temuco\/noticias\/primera-jornada-de-comunidades-de-curso-del-2022\/\"},\"author\":{\"name\":\"jorgedelcampo\",\"@id\":\"https:\/\/www.pumahue.cl\/temuco\/#\/schema\/person\/0debeea140e397b5d490ee7e553255d8\"},\"headline\":\"Primera jornada de Comunidades de Curso 2022\",\"datePublished\":\"2022-03-16T16:58:13+00:00\",\"mainEntityOfPage\":{\"@id\":\"https:\/\/www.pumahue.cl\/temuco\/noticias\/primera-jornada-de-comunidades-de-curso-del-2022\/\"},\"wordCount\":145,\"commentCount\":0,\"publisher\":{\"@id\":\"https:\/\/www.pumahue.cl\/temuco\/#organization\"},\"image\":{\"@id\":\"https:\/\/www.pumahue.cl\/temuco\/noticias\/primera-jornada-de-comunidades-de-curso-del-2022\/#primaryimage\"},\"thumbnailUrl\":\"https:\/\/www.pumahue.cl\/temuco\/wp-content\/uploads\/sites\/49\/2022\/03\/1-6.png\",\"articleSection\":[\"Vida Escolar\"],\"inLanguage\":\"es\",\"potentialAction\":[{\"@type\":\"CommentAction\",\"name\":\"Comment\",\"target\":[\"https:\/\/www.pumahue.cl\/temuco\/noticias\/primera-jornada-de-comunidades-de-curso-del-2022\/#respond\"]}]},{\"@type\":\"WebPage\",\"@id\":\"https:\/\/www.pumahue.cl\/temuco\/noticias\/primera-jornada-de-comunidades-de-curso-del-2022\/\",\"url\":\"https:\/\/www.pumahue.cl\/temuco\/noticias\/primera-jornada-de-comunidades-de-curso-del-2022\/\",\"name\":\"Primera jornada de Comunidades de Curso 2022 - Colegio Pumahue Temuco\",\"isPartOf\":{\"@id\":\"https:\/\/www.pumahue.cl\/temuco\/#website\"},\"primaryImageOfPage\":{\"@id\":\"https:\/\/www.pumahue.cl\/temuco\/noticias\/primera-jornada-de-comunidades-de-curso-del-2022\/#primaryimage\"},\"image\":{\"@id\":\"https:\/\/www.pumahue.cl\/temuco\/noticias\/primera-jornada-de-comunidades-de-curso-del-2022\/#primaryimage\"},\"thumbnailUrl\":\"https:\/\/www.pumahue.cl\/temuco\/wp-content\/uploads\/sites\/49\/2022\/03\/1-6.png\",\"datePublished\":\"2022-03-16T16:58:13+00:00\",\"breadcrumb\":{\"@id\":\"https:\/\/www.pumahue.cl\/temuco\/noticias\/primera-jornada-de-comunidades-de-curso-del-2022\/#breadcrumb\"},\"inLanguage\":\"es\",\"potentialAction\":[{\"@type\":\"ReadAction\",\"target\":[\"https:\/\/www.pumahue.cl\/temuco\/noticias\/primera-jornada-de-comunidades-de-curso-del-2022\/\"]}]},{\"@type\":\"ImageObject\",\"inLanguage\":\"es\",\"@id\":\"https:\/\/www.pumahue.cl\/temuco\/noticias\/primera-jornada-de-comunidades-de-curso-del-2022\/#primaryimage\",\"url\":\"https:\/\/www.pumahue.cl\/temuco\/wp-content\/uploads\/sites\/49\/2022\/03\/1-6.png\",\"contentUrl\":\"https:\/\/www.pumahue.cl\/temuco\/wp-content\/uploads\/sites\/49\/2022\/03\/1-6.png\",\"width\":836,\"height\":523},{\"@type\":\"BreadcrumbList\",\"@id\":\"https:\/\/www.pumahue.cl\/temuco\/noticias\/primera-jornada-de-comunidades-de-curso-del-2022\/#breadcrumb\",\"itemListElement\":[{\"@type\":\"ListItem\",\"position\":1,\"name\":\"Home\",\"item\":\"https:\/\/www.pumahue.cl\/temuco\/\"},{\"@type\":\"ListItem\",\"position\":2,\"name\":\"Primera jornada de Comunidades de Curso 2022\"}]},{\"@type\":\"WebSite\",\"@id\":\"https:\/\/www.pumahue.cl\/temuco\/#website\",\"url\":\"https:\/\/www.pumahue.cl\/temuco\/\",\"name\":\"Colegio Pumahue Temuco\",\"description\":\"Parte de Cognita Schools\",\"publisher\":{\"@id\":\"https:\/\/www.pumahue.cl\/temuco\/#organization\"},\"potentialAction\":[{\"@type\":\"SearchAction\",\"target\":{\"@type\":\"EntryPoint\",\"urlTemplate\":\"https:\/\/www.pumahue.cl\/temuco\/?s={search_term_string}\"},\"query-input\":{\"@type\":\"PropertyValueSpecification\",\"valueRequired\":true,\"valueName\":\"search_term_string\"}}],\"inLanguage\":\"es\"},{\"@type\":\"Organization\",\"@id\":\"https:\/\/www.pumahue.cl\/temuco\/#organization\",\"name\":\"Colegio Pumahue Temuco\",\"url\":\"https:\/\/www.pumahue.cl\/temuco\/\",\"logo\":{\"@type\":\"ImageObject\",\"inLanguage\":\"es\",\"@id\":\"https:\/\/www.pumahue.cl\/temuco\/#\/schema\/logo\/image\/\",\"url\":\"https:\/\/www.pumahue.cl\/temuco\/wp-content\/uploads\/sites\/49\/2025\/02\/cropped-logo_Pumahue_.png\",\"contentUrl\":\"https:\/\/www.pumahue.cl\/temuco\/wp-content\/uploads\/sites\/49\/2025\/02\/cropped-logo_Pumahue_.png\",\"width\":512,\"height\":512,\"caption\":\"Colegio Pumahue Temuco\"},\"image\":{\"@id\":\"https:\/\/www.pumahue.cl\/temuco\/#\/schema\/logo\/image\/\"},\"sameAs\":[\"http:\/\/www.facebook.com\/ColegiosPumahue\",\"https:\/\/www.instagram.com\/colegiopumahue_temuco\",\"https:\/\/www.youtube.com\/@CognitaChile\"]},{\"@type\":\"Person\",\"@id\":\"https:\/\/www.pumahue.cl\/temuco\/#\/schema\/person\/0debeea140e397b5d490ee7e553255d8\",\"name\":\"jorgedelcampo\",\"image\":{\"@type\":\"ImageObject\",\"inLanguage\":\"es\",\"@id\":\"https:\/\/www.pumahue.cl\/temuco\/#\/schema\/person\/image\/\",\"url\":\"https:\/\/secure.gravatar.com\/avatar\/4a315f521213b2dc91dbda9bf799f711c8a98ab6f5606ec42cf5b33d1e762e8a?s=96&d=mm&r=g\",\"contentUrl\":\"https:\/\/secure.gravatar.com\/avatar\/4a315f521213b2dc91dbda9bf799f711c8a98ab6f5606ec42cf5b33d1e762e8a?s=96&d=mm&r=g\",\"caption\":\"jorgedelcampo\"}}]}<\/script>\n<!-- \/ Yoast SEO plugin. -->","yoast_head_json":{"title":"Primera jornada de Comunidades de Curso 2022 - Colegio Pumahue Temuco","robots":{"index":"index","follow":"follow","max-snippet":"max-snippet:-1","max-image-preview":"max-image-preview:large","max-video-preview":"max-video-preview:-1"},"canonical":"https:\/\/www.pumahue.cl\/temuco\/noticias\/primera-jornada-de-comunidades-de-curso-del-2022\/","og_locale":"es_ES","og_type":"article","og_title":"Primera jornada de Comunidades de Curso 2022 - Colegio Pumahue Temuco","og_description":"Esta semana se realiz\u00f3 la primera Jornada de Comunidades de Curso en todo el colegio Pumahue Temuco. El objetivo de esta tradicional actividad de los colegios de la red Cognita, es que los estudiantes reflexionen y conversen sobre la confianza y el respeto que deben tener al interior del curso, adem\u00e1s de establecer acuerdos de [&hellip;]","og_url":"https:\/\/www.pumahue.cl\/temuco\/noticias\/primera-jornada-de-comunidades-de-curso-del-2022\/","og_site_name":"Colegio Pumahue Temuco","article_publisher":"http:\/\/www.facebook.com\/ColegiosPumahue","article_published_time":"2022-03-16T16:58:13+00:00","og_image":[{"width":836,"height":523,"url":"https:\/\/www.pumahue.cl\/temuco\/wp-content\/uploads\/sites\/49\/2022\/03\/1-6.png","type":"image\/png"}],"author":"jorgedelcampo","twitter_card":"summary_large_image","twitter_misc":{"Escrito por":"jorgedelcampo","Tiempo de lectura":"1 minuto"},"schema":{"@context":"https:\/\/schema.org","@graph":[{"@type":"Article","@id":"https:\/\/www.pumahue.cl\/temuco\/noticias\/primera-jornada-de-comunidades-de-curso-del-2022\/#article","isPartOf":{"@id":"https:\/\/www.pumahue.cl\/temuco\/noticias\/primera-jornada-de-comunidades-de-curso-del-2022\/"},"author":{"name":"jorgedelcampo","@id":"https:\/\/www.pumahue.cl\/temuco\/#\/schema\/person\/0debeea140e397b5d490ee7e553255d8"},"headline":"Primera jornada de Comunidades de Curso 2022","datePublished":"2022-03-16T16:58:13+00:00","mainEntityOfPage":{"@id":"https:\/\/www.pumahue.cl\/temuco\/noticias\/primera-jornada-de-comunidades-de-curso-del-2022\/"},"wordCount":145,"commentCount":0,"publisher":{"@id":"https:\/\/www.pumahue.cl\/temuco\/#organization"},"image":{"@id":"https:\/\/www.pumahue.cl\/temuco\/noticias\/primera-jornada-de-comunidades-de-curso-del-2022\/#primaryimage"},"thumbnailUrl":"https:\/\/www.pumahue.cl\/temuco\/wp-content\/uploads\/sites\/49\/2022\/03\/1-6.png","articleSection":["Vida Escolar"],"inLanguage":"es","potentialAction":[{"@type":"CommentAction","name":"Comment","target":["https:\/\/www.pumahue.cl\/temuco\/noticias\/primera-jornada-de-comunidades-de-curso-del-2022\/#respond"]}]},{"@type":"WebPage","@id":"https:\/\/www.pumahue.cl\/temuco\/noticias\/primera-jornada-de-comunidades-de-curso-del-2022\/","url":"https:\/\/www.pumahue.cl\/temuco\/noticias\/primera-jornada-de-comunidades-de-curso-del-2022\/","name":"Primera jornada de Comunidades de Curso 2022 - Colegio Pumahue Temuco","isPartOf":{"@id":"https:\/\/www.pumahue.cl\/temuco\/#website"},"primaryImageOfPage":{"@id":"https:\/\/www.pumahue.cl\/temuco\/noticias\/primera-jornada-de-comunidades-de-curso-del-2022\/#primaryimage"},"image":{"@id":"https:\/\/www.pumahue.cl\/temuco\/noticias\/primera-jornada-de-comunidades-de-curso-del-2022\/#primaryimage"},"thumbnailUrl":"https:\/\/www.pumahue.cl\/temuco\/wp-content\/uploads\/sites\/49\/2022\/03\/1-6.png","datePublished":"2022-03-16T16:58:13+00:00","breadcrumb":{"@id":"https:\/\/www.pumahue.cl\/temuco\/noticias\/primera-jornada-de-comunidades-de-curso-del-2022\/#breadcrumb"},"inLanguage":"es","potentialAction":[{"@type":"ReadAction","target":["https:\/\/www.pumahue.cl\/temuco\/noticias\/primera-jornada-de-comunidades-de-curso-del-2022\/"]}]},{"@type":"ImageObject","inLanguage":"es","@id":"https:\/\/www.pumahue.cl\/temuco\/noticias\/primera-jornada-de-comunidades-de-curso-del-2022\/#primaryimage","url":"https:\/\/www.pumahue.cl\/temuco\/wp-content\/uploads\/sites\/49\/2022\/03\/1-6.png","contentUrl":"https:\/\/www.pumahue.cl\/temuco\/wp-content\/uploads\/sites\/49\/2022\/03\/1-6.png","width":836,"height":523},{"@type":"BreadcrumbList","@id":"https:\/\/www.pumahue.cl\/temuco\/noticias\/primera-jornada-de-comunidades-de-curso-del-2022\/#breadcrumb","itemListElement":[{"@type":"ListItem","position":1,"name":"Home","item":"https:\/\/www.pumahue.cl\/temuco\/"},{"@type":"ListItem","position":2,"name":"Primera jornada de Comunidades de Curso 2022"}]},{"@type":"WebSite","@id":"https:\/\/www.pumahue.cl\/temuco\/#website","url":"https:\/\/www.pumahue.cl\/temuco\/","name":"Colegio Pumahue Temuco","description":"Parte de Cognita Schools","publisher":{"@id":"https:\/\/www.pumahue.cl\/temuco\/#organization"},"potentialAction":[{"@type":"SearchAction","target":{"@type":"EntryPoint","urlTemplate":"https:\/\/www.pumahue.cl\/temuco\/?s={search_term_string}"},"query-input":{"@type":"PropertyValueSpecification","valueRequired":true,"valueName":"search_term_string"}}],"inLanguage":"es"},{"@type":"Organization","@id":"https:\/\/www.pumahue.cl\/temuco\/#organization","name":"Colegio Pumahue Temuco","url":"https:\/\/www.pumahue.cl\/temuco\/","logo":{"@type":"ImageObject","inLanguage":"es","@id":"https:\/\/www.pumahue.cl\/temuco\/#\/schema\/logo\/image\/","url":"https:\/\/www.pumahue.cl\/temuco\/wp-content\/uploads\/sites\/49\/2025\/02\/cropped-logo_Pumahue_.png","contentUrl":"https:\/\/www.pumahue.cl\/temuco\/wp-content\/uploads\/sites\/49\/2025\/02\/cropped-logo_Pumahue_.png","width":512,"height":512,"caption":"Colegio Pumahue Temuco"},"image":{"@id":"https:\/\/www.pumahue.cl\/temuco\/#\/schema\/logo\/image\/"},"sameAs":["http:\/\/www.facebook.com\/ColegiosPumahue","https:\/\/www.instagram.com\/colegiopumahue_temuco","https:\/\/www.youtube.com\/@CognitaChile"]},{"@type":"Person","@id":"https:\/\/www.pumahue.cl\/temuco\/#\/schema\/person\/0debeea140e397b5d490ee7e553255d8","name":"jorgedelcampo","image":{"@type":"ImageObject","inLanguage":"es","@id":"https:\/\/www.pumahue.cl\/temuco\/#\/schema\/person\/image\/","url":"https:\/\/secure.gravatar.com\/avatar\/4a315f521213b2dc91dbda9bf799f711c8a98ab6f5606ec42cf5b33d1e762e8a?s=96&d=mm&r=g","contentUrl":"https:\/\/secure.gravatar.com\/avatar\/4a315f521213b2dc91dbda9bf799f711c8a98ab6f5606ec42cf5b33d1e762e8a?s=96&d=mm&r=g","caption":"jorgedelcampo"}}]}},"jetpack_featured_media_url":"https:\/\/www.pumahue.cl\/temuco\/wp-content\/uploads\/sites\/49\/2022\/03\/1-6.png","previous_post_ID":20942,"previous_post_title":"Conmemoraci\u00f3n del D\u00eda Internacional de la Mujer","previous_post_excerpt":"Bajo la premisa &#8220;Mujeres Inspiradoras&#8221; la comunidad educativa del colegio Pumahue Temuco conmemor\u00f3 el D\u00eda Internacional de la Mujer. En Ense\u00f1anza B\u00e1sica y Media, muchas fueron las mujeres que los estudiantes mencionaron como inspiradoras en sus vidas: Escritoras, cient\u00edficas, profesoras, artistas, pol\u00edticas, sus madres, abuelas y hasta tatarabuelas. En tanto, en Educaci\u00f3n Parvularia, destac\u00f3 la [&hellip;]","previous_post_link":"https:\/\/www.pumahue.cl\/temuco\/noticias\/conmemoracion-del-dia-internacional-de-la-mujer\/","previous_post_class":["post-20942","post","type-post","status-publish","format-standard","has-post-thumbnail","hentry","category-vida-escolar"],"next_post_ID":20995,"next_post_title":"Inicio del Programa de nivelaci\u00f3n  SELP","next_post_excerpt":"Esta semana nuestros estudiantes iniciaron sus actividades en el programa de nivelaci\u00f3n del idioma ingl\u00e9s, denominado SELP, que est\u00e1 dirigido a alumnas y alumnos nuevos que ingresan al Programa Biling\u00fce y que son provenientes del curr\u00edculum nacional del colegio o bien de otros establecimientos educacionales no biling\u00fces. El objetivo de SELP es que los estudiantes [&hellip;]","next_post_link":"https:\/\/www.pumahue.cl\/temuco\/noticias\/inicio-del-programa-de-nivelacion-selp\/","next_post_class":["post-20995","post","type-post","status-publish","format-standard","has-post-thumbnail","hentry","category-vida-escolar"],"jetpack_sharing_enabled":true,"_links":{"self":[{"href":"https:\/\/www.pumahue.cl\/temuco\/wp-json\/wp\/v2\/posts\/20970","targetHints":{"allow":["GET"]}}],"collection":[{"href":"https:\/\/www.pumahue.cl\/temuco\/wp-json\/wp\/v2\/posts"}],"about":[{"href":"https:\/\/www.pumahue.cl\/temuco\/wp-json\/wp\/v2\/types\/post"}],"author":[{"embeddable":true,"href":"https:\/\/www.pumahue.cl\/temuco\/wp-json\/wp\/v2\/users\/14"}],"replies":[{"embeddable":true,"href":"https:\/\/www.pumahue.cl\/temuco\/wp-json\/wp\/v2\/comments?post=20970"}],"version-history":[{"count":0,"href":"https:\/\/www.pumahue.cl\/temuco\/wp-json\/wp\/v2\/posts\/20970\/revisions"}],"wp:featuredmedia":[{"embeddable":true,"href":"https:\/\/www.pumahue.cl\/temuco\/wp-json\/wp\/v2\/media\/20971"}],"wp:attachment":[{"href":"https:\/\/www.pumahue.cl\/temuco\/wp-json\/wp\/v2\/media?parent=20970"}],"wp:term":[{"taxonomy":"category","embeddable":true,"href":"https:\/\/www.pumahue.cl\/temuco\/wp-json\/wp\/v2\/categories?post=20970"},{"taxonomy":"post_tag","embeddable":true,"href":"https:\/\/www.pumahue.cl\/temuco\/wp-json\/wp\/v2\/tags?post=20970"}],"curies":[{"name":"wp","href":"https:\/\/api.w.org\/{rel}","templated":true}]}}