{"id":22761,"date":"2023-03-01T19:21:26","date_gmt":"2023-03-01T22:21:26","guid":{"rendered":"http:\/\/pumahue.cl\/temuco\/?p=22761"},"modified":"2023-03-01T19:21:26","modified_gmt":"2023-03-01T22:21:26","slug":"hoy-vivimos-el-inicio-del-ano-escolar-2023","status":"publish","type":"post","link":"https:\/\/www.pumahue.cl\/temuco\/noticias\/hoy-vivimos-el-inicio-del-ano-escolar-2023\/","title":{"rendered":"Hoy vivimos el inicio del a\u00f1o escolar 2023"},"content":{"rendered":"<p>Hoy en nuestro Colegio se vivi\u00f3 el inicio de clases de este a\u00f1o 2023. En esta ocasi\u00f3n, la entrada de los estudiantes fue diferida, es decir  ingresaron solo los estudiantes de educaci\u00f3n Parvularia y 1\u00b0B\u00e1sico, incorpor\u00e1ndose el resto de los estudiantes durante la semana.<\/p>\n<p>Nuestro Rector,  Franklin \u00c1vila recibi\u00f3 la visita del Alcalde de Temuco, Roberto Neira, autoridad comunal que realiz\u00f3 un recorrido por las salas de los cursos tradicionales y biling\u00fces de nuestro establecimiento. Junto al alcalde Neira se hicieron presentes tambi\u00e9n los directores de educaci\u00f3n municipal, Marcelo Segura y el director de tr\u00e1nsito; Juan Carlos Bahamondes, quienes tuvieron la oportunidad de saludar a los profesoras, profesores y administrativos que iniciaron sus actividades con estudiantes, dese\u00e1ndoles \u00e9xito en este nuevo a\u00f1o escolar.<\/p>\n<p>En este nuevo comienzo, como colegio estamos comprometidos con nuestros estudiantes y sus familias para brindarles las mejores herramientas acad\u00e9micas y val\u00f3ricas en este largo camino de ense\u00f1anza que les permitir\u00e1 desarrollar sus habilidades y alcanzar cada uno de sus objetivos.<\/p>\n<p>\u00a1Bienvenidos!<\/p>\n<p>&nbsp;<\/p>\n"},"excerpt":{"rendered":"<p>Hoy en nuestro Colegio se vivi\u00f3 el inicio de clases de este a\u00f1o 2023. En esta ocasi\u00f3n, la entrada de los estudiantes fue diferida, es decir ingresaron solo los estudiantes de educaci\u00f3n Parvularia y 1\u00b0B\u00e1sico, incorpor\u00e1ndose el resto de los estudiantes durante la semana. Nuestro Rector, Franklin \u00c1vila recibi\u00f3 la visita del Alcalde de Temuco, [&hellip;]<\/p>\n","protected":false},"author":14,"featured_media":22763,"comment_status":"open","ping_status":"open","sticky":false,"template":"","format":"standard","meta":{"_acf_changed":false,"content-type":"","_jetpack_memberships_contains_paid_content":false,"footnotes":""},"categories":[1],"tags":[],"class_list":["post-22761","post","type-post","status-publish","format-standard","has-post-thumbnail","hentry","category-vida-escolar"],"acf":[],"yoast_head":"<!-- This site is optimized with the Yoast SEO plugin v27.1.1 - https:\/\/yoast.com\/product\/yoast-seo-wordpress\/ -->\n<title>Hoy vivimos el inicio del a\u00f1o escolar 2023 - Colegio Pumahue Temuco<\/title>\n<meta name=\"robots\" content=\"index, follow, max-snippet:-1, max-image-preview:large, max-video-preview:-1\" \/>\n<link rel=\"canonical\" href=\"https:\/\/www.pumahue.cl\/temuco\/noticias\/hoy-vivimos-el-inicio-del-ano-escolar-2023\/\" \/>\n<meta property=\"og:locale\" content=\"es_ES\" \/>\n<meta property=\"og:type\" content=\"article\" \/>\n<meta property=\"og:title\" content=\"Hoy vivimos el inicio del a\u00f1o escolar 2023 - Colegio Pumahue Temuco\" \/>\n<meta property=\"og:description\" content=\"Hoy en nuestro Colegio se vivi\u00f3 el inicio de clases de este a\u00f1o 2023. En esta ocasi\u00f3n, la entrada de los estudiantes fue diferida, es decir ingresaron solo los estudiantes de educaci\u00f3n Parvularia y 1\u00b0B\u00e1sico, incorpor\u00e1ndose el resto de los estudiantes durante la semana. Nuestro Rector, Franklin \u00c1vila recibi\u00f3 la visita del Alcalde de Temuco, [&hellip;]\" \/>\n<meta property=\"og:url\" content=\"https:\/\/www.pumahue.cl\/temuco\/noticias\/hoy-vivimos-el-inicio-del-ano-escolar-2023\/\" \/>\n<meta property=\"og:site_name\" content=\"Colegio Pumahue Temuco\" \/>\n<meta property=\"article:publisher\" content=\"http:\/\/www.facebook.com\/ColegiosPumahue\" \/>\n<meta property=\"article:published_time\" content=\"2023-03-01T22:21:26+00:00\" \/>\n<meta property=\"og:image\" content=\"https:\/\/www.pumahue.cl\/temuco\/wp-content\/uploads\/sites\/49\/2025\/02\/cropped-logo_Pumahue_.png\" \/>\n\t<meta property=\"og:image:width\" content=\"512\" \/>\n\t<meta property=\"og:image:height\" content=\"512\" \/>\n\t<meta property=\"og:image:type\" content=\"image\/png\" \/>\n<meta name=\"author\" content=\"jorgedelcampo\" \/>\n<meta name=\"twitter:card\" content=\"summary_large_image\" \/>\n<meta name=\"twitter:label1\" content=\"Escrito por\" \/>\n\t<meta name=\"twitter:data1\" content=\"jorgedelcampo\" \/>\n\t<meta name=\"twitter:label2\" content=\"Tiempo de lectura\" \/>\n\t<meta name=\"twitter:data2\" content=\"1 minuto\" \/>\n<script type=\"application\/ld+json\" class=\"yoast-schema-graph\">{\"@context\":\"https:\/\/schema.org\",\"@graph\":[{\"@type\":\"Article\",\"@id\":\"https:\/\/www.pumahue.cl\/temuco\/noticias\/hoy-vivimos-el-inicio-del-ano-escolar-2023\/#article\",\"isPartOf\":{\"@id\":\"https:\/\/www.pumahue.cl\/temuco\/noticias\/hoy-vivimos-el-inicio-del-ano-escolar-2023\/\"},\"author\":{\"name\":\"jorgedelcampo\",\"@id\":\"https:\/\/www.pumahue.cl\/temuco\/#\/schema\/person\/0debeea140e397b5d490ee7e553255d8\"},\"headline\":\"Hoy vivimos el inicio del a\u00f1o escolar 2023\",\"datePublished\":\"2023-03-01T22:21:26+00:00\",\"mainEntityOfPage\":{\"@id\":\"https:\/\/www.pumahue.cl\/temuco\/noticias\/hoy-vivimos-el-inicio-del-ano-escolar-2023\/\"},\"wordCount\":187,\"commentCount\":0,\"publisher\":{\"@id\":\"https:\/\/www.pumahue.cl\/temuco\/#organization\"},\"image\":{\"@id\":\"https:\/\/www.pumahue.cl\/temuco\/noticias\/hoy-vivimos-el-inicio-del-ano-escolar-2023\/#primaryimage\"},\"thumbnailUrl\":\"\",\"articleSection\":[\"Vida Escolar\"],\"inLanguage\":\"es\",\"potentialAction\":[{\"@type\":\"CommentAction\",\"name\":\"Comment\",\"target\":[\"https:\/\/www.pumahue.cl\/temuco\/noticias\/hoy-vivimos-el-inicio-del-ano-escolar-2023\/#respond\"]}]},{\"@type\":\"WebPage\",\"@id\":\"https:\/\/www.pumahue.cl\/temuco\/noticias\/hoy-vivimos-el-inicio-del-ano-escolar-2023\/\",\"url\":\"https:\/\/www.pumahue.cl\/temuco\/noticias\/hoy-vivimos-el-inicio-del-ano-escolar-2023\/\",\"name\":\"Hoy vivimos el inicio del a\u00f1o escolar 2023 - Colegio Pumahue Temuco\",\"isPartOf\":{\"@id\":\"https:\/\/www.pumahue.cl\/temuco\/#website\"},\"primaryImageOfPage\":{\"@id\":\"https:\/\/www.pumahue.cl\/temuco\/noticias\/hoy-vivimos-el-inicio-del-ano-escolar-2023\/#primaryimage\"},\"image\":{\"@id\":\"https:\/\/www.pumahue.cl\/temuco\/noticias\/hoy-vivimos-el-inicio-del-ano-escolar-2023\/#primaryimage\"},\"thumbnailUrl\":\"\",\"datePublished\":\"2023-03-01T22:21:26+00:00\",\"breadcrumb\":{\"@id\":\"https:\/\/www.pumahue.cl\/temuco\/noticias\/hoy-vivimos-el-inicio-del-ano-escolar-2023\/#breadcrumb\"},\"inLanguage\":\"es\",\"potentialAction\":[{\"@type\":\"ReadAction\",\"target\":[\"https:\/\/www.pumahue.cl\/temuco\/noticias\/hoy-vivimos-el-inicio-del-ano-escolar-2023\/\"]}]},{\"@type\":\"ImageObject\",\"inLanguage\":\"es\",\"@id\":\"https:\/\/www.pumahue.cl\/temuco\/noticias\/hoy-vivimos-el-inicio-del-ano-escolar-2023\/#primaryimage\",\"url\":\"\",\"contentUrl\":\"\"},{\"@type\":\"BreadcrumbList\",\"@id\":\"https:\/\/www.pumahue.cl\/temuco\/noticias\/hoy-vivimos-el-inicio-del-ano-escolar-2023\/#breadcrumb\",\"itemListElement\":[{\"@type\":\"ListItem\",\"position\":1,\"name\":\"Home\",\"item\":\"https:\/\/www.pumahue.cl\/temuco\/\"},{\"@type\":\"ListItem\",\"position\":2,\"name\":\"Hoy vivimos el inicio del a\u00f1o escolar 2023\"}]},{\"@type\":\"WebSite\",\"@id\":\"https:\/\/www.pumahue.cl\/temuco\/#website\",\"url\":\"https:\/\/www.pumahue.cl\/temuco\/\",\"name\":\"Colegio Pumahue Temuco\",\"description\":\"Parte de Cognita Schools\",\"publisher\":{\"@id\":\"https:\/\/www.pumahue.cl\/temuco\/#organization\"},\"potentialAction\":[{\"@type\":\"SearchAction\",\"target\":{\"@type\":\"EntryPoint\",\"urlTemplate\":\"https:\/\/www.pumahue.cl\/temuco\/?s={search_term_string}\"},\"query-input\":{\"@type\":\"PropertyValueSpecification\",\"valueRequired\":true,\"valueName\":\"search_term_string\"}}],\"inLanguage\":\"es\"},{\"@type\":\"Organization\",\"@id\":\"https:\/\/www.pumahue.cl\/temuco\/#organization\",\"name\":\"Colegio Pumahue Temuco\",\"url\":\"https:\/\/www.pumahue.cl\/temuco\/\",\"logo\":{\"@type\":\"ImageObject\",\"inLanguage\":\"es\",\"@id\":\"https:\/\/www.pumahue.cl\/temuco\/#\/schema\/logo\/image\/\",\"url\":\"https:\/\/www.pumahue.cl\/temuco\/wp-content\/uploads\/sites\/49\/2025\/02\/cropped-logo_Pumahue_.png\",\"contentUrl\":\"https:\/\/www.pumahue.cl\/temuco\/wp-content\/uploads\/sites\/49\/2025\/02\/cropped-logo_Pumahue_.png\",\"width\":512,\"height\":512,\"caption\":\"Colegio Pumahue Temuco\"},\"image\":{\"@id\":\"https:\/\/www.pumahue.cl\/temuco\/#\/schema\/logo\/image\/\"},\"sameAs\":[\"http:\/\/www.facebook.com\/ColegiosPumahue\",\"https:\/\/www.instagram.com\/colegiopumahue_temuco\",\"https:\/\/www.youtube.com\/@CognitaChile\"]},{\"@type\":\"Person\",\"@id\":\"https:\/\/www.pumahue.cl\/temuco\/#\/schema\/person\/0debeea140e397b5d490ee7e553255d8\",\"name\":\"jorgedelcampo\",\"image\":{\"@type\":\"ImageObject\",\"inLanguage\":\"es\",\"@id\":\"https:\/\/www.pumahue.cl\/temuco\/#\/schema\/person\/image\/\",\"url\":\"https:\/\/secure.gravatar.com\/avatar\/4a315f521213b2dc91dbda9bf799f711c8a98ab6f5606ec42cf5b33d1e762e8a?s=96&d=mm&r=g\",\"contentUrl\":\"https:\/\/secure.gravatar.com\/avatar\/4a315f521213b2dc91dbda9bf799f711c8a98ab6f5606ec42cf5b33d1e762e8a?s=96&d=mm&r=g\",\"caption\":\"jorgedelcampo\"}}]}<\/script>\n<!-- \/ Yoast SEO plugin. -->","yoast_head_json":{"title":"Hoy vivimos el inicio del a\u00f1o escolar 2023 - Colegio Pumahue Temuco","robots":{"index":"index","follow":"follow","max-snippet":"max-snippet:-1","max-image-preview":"max-image-preview:large","max-video-preview":"max-video-preview:-1"},"canonical":"https:\/\/www.pumahue.cl\/temuco\/noticias\/hoy-vivimos-el-inicio-del-ano-escolar-2023\/","og_locale":"es_ES","og_type":"article","og_title":"Hoy vivimos el inicio del a\u00f1o escolar 2023 - Colegio Pumahue Temuco","og_description":"Hoy en nuestro Colegio se vivi\u00f3 el inicio de clases de este a\u00f1o 2023. En esta ocasi\u00f3n, la entrada de los estudiantes fue diferida, es decir ingresaron solo los estudiantes de educaci\u00f3n Parvularia y 1\u00b0B\u00e1sico, incorpor\u00e1ndose el resto de los estudiantes durante la semana. Nuestro Rector, Franklin \u00c1vila recibi\u00f3 la visita del Alcalde de Temuco, [&hellip;]","og_url":"https:\/\/www.pumahue.cl\/temuco\/noticias\/hoy-vivimos-el-inicio-del-ano-escolar-2023\/","og_site_name":"Colegio Pumahue Temuco","article_publisher":"http:\/\/www.facebook.com\/ColegiosPumahue","article_published_time":"2023-03-01T22:21:26+00:00","og_image":[{"width":512,"height":512,"url":"https:\/\/www.pumahue.cl\/temuco\/wp-content\/uploads\/sites\/49\/2025\/02\/cropped-logo_Pumahue_.png","type":"image\/png"}],"author":"jorgedelcampo","twitter_card":"summary_large_image","twitter_misc":{"Escrito por":"jorgedelcampo","Tiempo de lectura":"1 minuto"},"schema":{"@context":"https:\/\/schema.org","@graph":[{"@type":"Article","@id":"https:\/\/www.pumahue.cl\/temuco\/noticias\/hoy-vivimos-el-inicio-del-ano-escolar-2023\/#article","isPartOf":{"@id":"https:\/\/www.pumahue.cl\/temuco\/noticias\/hoy-vivimos-el-inicio-del-ano-escolar-2023\/"},"author":{"name":"jorgedelcampo","@id":"https:\/\/www.pumahue.cl\/temuco\/#\/schema\/person\/0debeea140e397b5d490ee7e553255d8"},"headline":"Hoy vivimos el inicio del a\u00f1o escolar 2023","datePublished":"2023-03-01T22:21:26+00:00","mainEntityOfPage":{"@id":"https:\/\/www.pumahue.cl\/temuco\/noticias\/hoy-vivimos-el-inicio-del-ano-escolar-2023\/"},"wordCount":187,"commentCount":0,"publisher":{"@id":"https:\/\/www.pumahue.cl\/temuco\/#organization"},"image":{"@id":"https:\/\/www.pumahue.cl\/temuco\/noticias\/hoy-vivimos-el-inicio-del-ano-escolar-2023\/#primaryimage"},"thumbnailUrl":"","articleSection":["Vida Escolar"],"inLanguage":"es","potentialAction":[{"@type":"CommentAction","name":"Comment","target":["https:\/\/www.pumahue.cl\/temuco\/noticias\/hoy-vivimos-el-inicio-del-ano-escolar-2023\/#respond"]}]},{"@type":"WebPage","@id":"https:\/\/www.pumahue.cl\/temuco\/noticias\/hoy-vivimos-el-inicio-del-ano-escolar-2023\/","url":"https:\/\/www.pumahue.cl\/temuco\/noticias\/hoy-vivimos-el-inicio-del-ano-escolar-2023\/","name":"Hoy vivimos el inicio del a\u00f1o escolar 2023 - Colegio Pumahue Temuco","isPartOf":{"@id":"https:\/\/www.pumahue.cl\/temuco\/#website"},"primaryImageOfPage":{"@id":"https:\/\/www.pumahue.cl\/temuco\/noticias\/hoy-vivimos-el-inicio-del-ano-escolar-2023\/#primaryimage"},"image":{"@id":"https:\/\/www.pumahue.cl\/temuco\/noticias\/hoy-vivimos-el-inicio-del-ano-escolar-2023\/#primaryimage"},"thumbnailUrl":"","datePublished":"2023-03-01T22:21:26+00:00","breadcrumb":{"@id":"https:\/\/www.pumahue.cl\/temuco\/noticias\/hoy-vivimos-el-inicio-del-ano-escolar-2023\/#breadcrumb"},"inLanguage":"es","potentialAction":[{"@type":"ReadAction","target":["https:\/\/www.pumahue.cl\/temuco\/noticias\/hoy-vivimos-el-inicio-del-ano-escolar-2023\/"]}]},{"@type":"ImageObject","inLanguage":"es","@id":"https:\/\/www.pumahue.cl\/temuco\/noticias\/hoy-vivimos-el-inicio-del-ano-escolar-2023\/#primaryimage","url":"","contentUrl":""},{"@type":"BreadcrumbList","@id":"https:\/\/www.pumahue.cl\/temuco\/noticias\/hoy-vivimos-el-inicio-del-ano-escolar-2023\/#breadcrumb","itemListElement":[{"@type":"ListItem","position":1,"name":"Home","item":"https:\/\/www.pumahue.cl\/temuco\/"},{"@type":"ListItem","position":2,"name":"Hoy vivimos el inicio del a\u00f1o escolar 2023"}]},{"@type":"WebSite","@id":"https:\/\/www.pumahue.cl\/temuco\/#website","url":"https:\/\/www.pumahue.cl\/temuco\/","name":"Colegio Pumahue Temuco","description":"Parte de Cognita Schools","publisher":{"@id":"https:\/\/www.pumahue.cl\/temuco\/#organization"},"potentialAction":[{"@type":"SearchAction","target":{"@type":"EntryPoint","urlTemplate":"https:\/\/www.pumahue.cl\/temuco\/?s={search_term_string}"},"query-input":{"@type":"PropertyValueSpecification","valueRequired":true,"valueName":"search_term_string"}}],"inLanguage":"es"},{"@type":"Organization","@id":"https:\/\/www.pumahue.cl\/temuco\/#organization","name":"Colegio Pumahue Temuco","url":"https:\/\/www.pumahue.cl\/temuco\/","logo":{"@type":"ImageObject","inLanguage":"es","@id":"https:\/\/www.pumahue.cl\/temuco\/#\/schema\/logo\/image\/","url":"https:\/\/www.pumahue.cl\/temuco\/wp-content\/uploads\/sites\/49\/2025\/02\/cropped-logo_Pumahue_.png","contentUrl":"https:\/\/www.pumahue.cl\/temuco\/wp-content\/uploads\/sites\/49\/2025\/02\/cropped-logo_Pumahue_.png","width":512,"height":512,"caption":"Colegio Pumahue Temuco"},"image":{"@id":"https:\/\/www.pumahue.cl\/temuco\/#\/schema\/logo\/image\/"},"sameAs":["http:\/\/www.facebook.com\/ColegiosPumahue","https:\/\/www.instagram.com\/colegiopumahue_temuco","https:\/\/www.youtube.com\/@CognitaChile"]},{"@type":"Person","@id":"https:\/\/www.pumahue.cl\/temuco\/#\/schema\/person\/0debeea140e397b5d490ee7e553255d8","name":"jorgedelcampo","image":{"@type":"ImageObject","inLanguage":"es","@id":"https:\/\/www.pumahue.cl\/temuco\/#\/schema\/person\/image\/","url":"https:\/\/secure.gravatar.com\/avatar\/4a315f521213b2dc91dbda9bf799f711c8a98ab6f5606ec42cf5b33d1e762e8a?s=96&d=mm&r=g","contentUrl":"https:\/\/secure.gravatar.com\/avatar\/4a315f521213b2dc91dbda9bf799f711c8a98ab6f5606ec42cf5b33d1e762e8a?s=96&d=mm&r=g","caption":"jorgedelcampo"}}]}},"jetpack_featured_media_url":"","previous_post_ID":22744,"previous_post_title":"Profesores inician actividades en Pumahue Temuco","previous_post_excerpt":"Con \u00e1nimo y energ\u00eda renovada, despu\u00e9s de vivir un periodo de merecidas vacaciones, lleg\u00f3 al Colegio el equipo de docente de Pumahue Temuco. Los profesores de los diferentes ciclos fueron recibidos por el equipo directivo, comenzando tambi\u00e9n las reuniones y jornadas de inducci\u00f3n para los profesores nuevos, adem\u00e1s de las instancias de exposici\u00f3n sobre los [&hellip;]","previous_post_link":"https:\/\/www.pumahue.cl\/temuco\/noticias\/profesores-inician-actividades-en-pumahue-temuco\/","previous_post_class":["post-22744","post","type-post","status-publish","format-standard","has-post-thumbnail","hentry","category-vida-escolar"],"next_post_ID":22770,"next_post_title":"Conoce m\u00e1s sobre el After School 2023","next_post_excerpt":"Ya comenzaron las inscripciones del &#8220;After School 2023&#8243;, iniciativa dirigida a alumnos y alumnas de los niveles de Jard\u00edn Infantil, Pre -Kinder y K\u00ednder. Este es un programa que se realiza fuera de las horas normales de clases y representa una excelente alternativa para que los ni\u00f1os y ni\u00f1as disfruten en un espacio de recreaci\u00f3n, [&hellip;]","next_post_link":"https:\/\/www.pumahue.cl\/temuco\/noticias\/conoce-mas-sobre-el-after-school-2023\/","next_post_class":["post-22770","post","type-post","status-publish","format-standard","has-post-thumbnail","hentry","category-vida-escolar"],"jetpack_sharing_enabled":true,"_links":{"self":[{"href":"https:\/\/www.pumahue.cl\/temuco\/wp-json\/wp\/v2\/posts\/22761","targetHints":{"allow":["GET"]}}],"collection":[{"href":"https:\/\/www.pumahue.cl\/temuco\/wp-json\/wp\/v2\/posts"}],"about":[{"href":"https:\/\/www.pumahue.cl\/temuco\/wp-json\/wp\/v2\/types\/post"}],"author":[{"embeddable":true,"href":"https:\/\/www.pumahue.cl\/temuco\/wp-json\/wp\/v2\/users\/14"}],"replies":[{"embeddable":true,"href":"https:\/\/www.pumahue.cl\/temuco\/wp-json\/wp\/v2\/comments?post=22761"}],"version-history":[{"count":0,"href":"https:\/\/www.pumahue.cl\/temuco\/wp-json\/wp\/v2\/posts\/22761\/revisions"}],"wp:featuredmedia":[{"embeddable":true,"href":"https:\/\/www.pumahue.cl\/temuco\/wp-json\/"}],"wp:attachment":[{"href":"https:\/\/www.pumahue.cl\/temuco\/wp-json\/wp\/v2\/media?parent=22761"}],"wp:term":[{"taxonomy":"category","embeddable":true,"href":"https:\/\/www.pumahue.cl\/temuco\/wp-json\/wp\/v2\/categories?post=22761"},{"taxonomy":"post_tag","embeddable":true,"href":"https:\/\/www.pumahue.cl\/temuco\/wp-json\/wp\/v2\/tags?post=22761"}],"curies":[{"name":"wp","href":"https:\/\/api.w.org\/{rel}","templated":true}]}}