{"id":22770,"date":"2023-03-02T09:30:18","date_gmt":"2023-03-02T12:30:18","guid":{"rendered":"http:\/\/pumahue.cl\/temuco\/?p=22770"},"modified":"2023-03-02T09:30:18","modified_gmt":"2023-03-02T12:30:18","slug":"conoce-mas-sobre-el-after-school-2023","status":"publish","type":"post","link":"https:\/\/www.pumahue.cl\/temuco\/noticias\/conoce-mas-sobre-el-after-school-2023\/","title":{"rendered":"Conoce m\u00e1s sobre el After School 2023"},"content":{"rendered":"<p>Ya comenzaron las inscripciones del &#8220;<strong>After School 2023&#8243;<\/strong>, iniciativa dirigida a alumnos y alumnas de los niveles de Jard\u00edn Infantil, Pre -Kinder y K\u00ednder. Este es un programa que se realiza fuera de las horas normales de clases y representa una excelente alternativa para que los ni\u00f1os y ni\u00f1as disfruten en un espacio de recreaci\u00f3n, crecimiento y desarrollo, en un entorno seguro que potencie sus habilidades cognitivas, sociales, motrices y art\u00edsticas.<\/p>\n<ul>\n<li><strong>Fecha Inicio: <\/strong>13 de Marzo de 2023<\/li>\n<li><strong>Fecha t\u00e9rmino:<\/strong> 05 de julio de 2023<\/li>\n<li><strong>Horarios<\/strong>: de lunes a viernes de 13:00 a 16:00 horas<\/li>\n<li><strong>Valor semestral:<\/strong> $ 390.000.<\/li>\n<li><strong>Valor anual: <\/strong>$780.000.<\/li>\n<\/ul>\n<p><strong>Observaciones: <\/strong><br \/>\n&#8211; Contamos con un m\u00e1ximo de 25 ni\u00f1os\/as por curso, es decir la pre inscripci\u00f3n no asegurar\u00e1 su cupo si hemos cumplido el l\u00edmite de pre inscritos.<br \/>\n&#8211;  Al t\u00e9rmino de su jornada habitual, las educadoras guiar\u00e1n a los ni\u00f1os y ni\u00f1as a las salas o espacios habilitados para el After School.<br \/>\n-El almuerzo se realizar\u00e1 junto a las educadoras, teniendo como opci\u00f3n de traer lonchera o comprar almuerzo en el casino. Los padres tambi\u00e9n pueden retirar a su hijo o hija para almorzar en casa y regresar posteriormente al colegio.<br \/>\n&#8211; La inscripci\u00f3n es a trav\u00e9s de la plataforma Schoolnet, en la opci\u00f3n &#8220;Extracurriculares&#8221;.<\/p>\n<p><strong>Consultas: <\/strong><br \/>\nJessica \u00c1lvarez Madrid<br \/>\nEncargada de Admisi\u00f3n<\/p>\n<p><strong>admision.temuco@pumahue.cl<\/strong><\/p>\n<p>Heidi Zambrano Quezada<br \/>\nDirectora de Estudio de Educaci\u00f3n Parvularia<\/p>\n<p><strong>heidi.zambrano@colegiopumahue.cl<\/strong><\/p>\n"},"excerpt":{"rendered":"<p>Ya comenzaron las inscripciones del &#8220;After School 2023&#8243;, iniciativa dirigida a alumnos y alumnas de los niveles de Jard\u00edn Infantil, Pre -Kinder y K\u00ednder. Este es un programa que se realiza fuera de las horas normales de clases y representa una excelente alternativa para que los ni\u00f1os y ni\u00f1as disfruten en un espacio de recreaci\u00f3n, [&hellip;]<\/p>\n","protected":false},"author":14,"featured_media":22757,"comment_status":"open","ping_status":"open","sticky":false,"template":"","format":"standard","meta":{"_acf_changed":false,"content-type":"","_jetpack_memberships_contains_paid_content":false,"footnotes":""},"categories":[1],"tags":[],"class_list":["post-22770","post","type-post","status-publish","format-standard","has-post-thumbnail","hentry","category-vida-escolar"],"acf":[],"yoast_head":"<!-- This site is optimized with the Yoast SEO plugin v27.1.1 - https:\/\/yoast.com\/product\/yoast-seo-wordpress\/ -->\n<title>Conoce m\u00e1s sobre el After School 2023 - Colegio Pumahue Temuco<\/title>\n<meta name=\"robots\" content=\"index, follow, max-snippet:-1, max-image-preview:large, max-video-preview:-1\" \/>\n<link rel=\"canonical\" href=\"https:\/\/www.pumahue.cl\/temuco\/noticias\/conoce-mas-sobre-el-after-school-2023\/\" \/>\n<meta property=\"og:locale\" content=\"es_ES\" \/>\n<meta property=\"og:type\" content=\"article\" \/>\n<meta property=\"og:title\" content=\"Conoce m\u00e1s sobre el After School 2023 - Colegio Pumahue Temuco\" \/>\n<meta property=\"og:description\" content=\"Ya comenzaron las inscripciones del &#8220;After School 2023&#8243;, iniciativa dirigida a alumnos y alumnas de los niveles de Jard\u00edn Infantil, Pre -Kinder y K\u00ednder. Este es un programa que se realiza fuera de las horas normales de clases y representa una excelente alternativa para que los ni\u00f1os y ni\u00f1as disfruten en un espacio de recreaci\u00f3n, [&hellip;]\" \/>\n<meta property=\"og:url\" content=\"https:\/\/www.pumahue.cl\/temuco\/noticias\/conoce-mas-sobre-el-after-school-2023\/\" \/>\n<meta property=\"og:site_name\" content=\"Colegio Pumahue Temuco\" \/>\n<meta property=\"article:publisher\" content=\"http:\/\/www.facebook.com\/ColegiosPumahue\" \/>\n<meta property=\"article:published_time\" content=\"2023-03-02T12:30:18+00:00\" \/>\n<meta property=\"og:image\" content=\"https:\/\/www.pumahue.cl\/temuco\/wp-content\/uploads\/sites\/49\/2023\/02\/AFTER-SCHOOL-3.jpg\" \/>\n\t<meta property=\"og:image:width\" content=\"836\" \/>\n\t<meta property=\"og:image:height\" content=\"523\" \/>\n\t<meta property=\"og:image:type\" content=\"image\/jpeg\" \/>\n<meta name=\"author\" content=\"jorgedelcampo\" \/>\n<meta name=\"twitter:card\" content=\"summary_large_image\" \/>\n<meta name=\"twitter:label1\" content=\"Escrito por\" \/>\n\t<meta name=\"twitter:data1\" content=\"jorgedelcampo\" \/>\n\t<meta name=\"twitter:label2\" content=\"Tiempo de lectura\" \/>\n\t<meta name=\"twitter:data2\" content=\"1 minuto\" \/>\n<script type=\"application\/ld+json\" class=\"yoast-schema-graph\">{\"@context\":\"https:\/\/schema.org\",\"@graph\":[{\"@type\":\"Article\",\"@id\":\"https:\/\/www.pumahue.cl\/temuco\/noticias\/conoce-mas-sobre-el-after-school-2023\/#article\",\"isPartOf\":{\"@id\":\"https:\/\/www.pumahue.cl\/temuco\/noticias\/conoce-mas-sobre-el-after-school-2023\/\"},\"author\":{\"name\":\"jorgedelcampo\",\"@id\":\"https:\/\/www.pumahue.cl\/temuco\/#\/schema\/person\/0debeea140e397b5d490ee7e553255d8\"},\"headline\":\"Conoce m\u00e1s sobre el After School 2023\",\"datePublished\":\"2023-03-02T12:30:18+00:00\",\"mainEntityOfPage\":{\"@id\":\"https:\/\/www.pumahue.cl\/temuco\/noticias\/conoce-mas-sobre-el-after-school-2023\/\"},\"wordCount\":251,\"commentCount\":0,\"publisher\":{\"@id\":\"https:\/\/www.pumahue.cl\/temuco\/#organization\"},\"image\":{\"@id\":\"https:\/\/www.pumahue.cl\/temuco\/noticias\/conoce-mas-sobre-el-after-school-2023\/#primaryimage\"},\"thumbnailUrl\":\"https:\/\/www.pumahue.cl\/temuco\/wp-content\/uploads\/sites\/49\/2023\/02\/AFTER-SCHOOL-3.jpg\",\"articleSection\":[\"Vida Escolar\"],\"inLanguage\":\"es\",\"potentialAction\":[{\"@type\":\"CommentAction\",\"name\":\"Comment\",\"target\":[\"https:\/\/www.pumahue.cl\/temuco\/noticias\/conoce-mas-sobre-el-after-school-2023\/#respond\"]}]},{\"@type\":\"WebPage\",\"@id\":\"https:\/\/www.pumahue.cl\/temuco\/noticias\/conoce-mas-sobre-el-after-school-2023\/\",\"url\":\"https:\/\/www.pumahue.cl\/temuco\/noticias\/conoce-mas-sobre-el-after-school-2023\/\",\"name\":\"Conoce m\u00e1s sobre el After School 2023 - Colegio Pumahue Temuco\",\"isPartOf\":{\"@id\":\"https:\/\/www.pumahue.cl\/temuco\/#website\"},\"primaryImageOfPage\":{\"@id\":\"https:\/\/www.pumahue.cl\/temuco\/noticias\/conoce-mas-sobre-el-after-school-2023\/#primaryimage\"},\"image\":{\"@id\":\"https:\/\/www.pumahue.cl\/temuco\/noticias\/conoce-mas-sobre-el-after-school-2023\/#primaryimage\"},\"thumbnailUrl\":\"https:\/\/www.pumahue.cl\/temuco\/wp-content\/uploads\/sites\/49\/2023\/02\/AFTER-SCHOOL-3.jpg\",\"datePublished\":\"2023-03-02T12:30:18+00:00\",\"breadcrumb\":{\"@id\":\"https:\/\/www.pumahue.cl\/temuco\/noticias\/conoce-mas-sobre-el-after-school-2023\/#breadcrumb\"},\"inLanguage\":\"es\",\"potentialAction\":[{\"@type\":\"ReadAction\",\"target\":[\"https:\/\/www.pumahue.cl\/temuco\/noticias\/conoce-mas-sobre-el-after-school-2023\/\"]}]},{\"@type\":\"ImageObject\",\"inLanguage\":\"es\",\"@id\":\"https:\/\/www.pumahue.cl\/temuco\/noticias\/conoce-mas-sobre-el-after-school-2023\/#primaryimage\",\"url\":\"https:\/\/www.pumahue.cl\/temuco\/wp-content\/uploads\/sites\/49\/2023\/02\/AFTER-SCHOOL-3.jpg\",\"contentUrl\":\"https:\/\/www.pumahue.cl\/temuco\/wp-content\/uploads\/sites\/49\/2023\/02\/AFTER-SCHOOL-3.jpg\",\"width\":836,\"height\":523},{\"@type\":\"BreadcrumbList\",\"@id\":\"https:\/\/www.pumahue.cl\/temuco\/noticias\/conoce-mas-sobre-el-after-school-2023\/#breadcrumb\",\"itemListElement\":[{\"@type\":\"ListItem\",\"position\":1,\"name\":\"Home\",\"item\":\"https:\/\/www.pumahue.cl\/temuco\/\"},{\"@type\":\"ListItem\",\"position\":2,\"name\":\"Conoce m\u00e1s sobre el After School 2023\"}]},{\"@type\":\"WebSite\",\"@id\":\"https:\/\/www.pumahue.cl\/temuco\/#website\",\"url\":\"https:\/\/www.pumahue.cl\/temuco\/\",\"name\":\"Colegio Pumahue Temuco\",\"description\":\"Parte de Cognita Schools\",\"publisher\":{\"@id\":\"https:\/\/www.pumahue.cl\/temuco\/#organization\"},\"potentialAction\":[{\"@type\":\"SearchAction\",\"target\":{\"@type\":\"EntryPoint\",\"urlTemplate\":\"https:\/\/www.pumahue.cl\/temuco\/?s={search_term_string}\"},\"query-input\":{\"@type\":\"PropertyValueSpecification\",\"valueRequired\":true,\"valueName\":\"search_term_string\"}}],\"inLanguage\":\"es\"},{\"@type\":\"Organization\",\"@id\":\"https:\/\/www.pumahue.cl\/temuco\/#organization\",\"name\":\"Colegio Pumahue Temuco\",\"url\":\"https:\/\/www.pumahue.cl\/temuco\/\",\"logo\":{\"@type\":\"ImageObject\",\"inLanguage\":\"es\",\"@id\":\"https:\/\/www.pumahue.cl\/temuco\/#\/schema\/logo\/image\/\",\"url\":\"https:\/\/www.pumahue.cl\/temuco\/wp-content\/uploads\/sites\/49\/2025\/02\/cropped-logo_Pumahue_.png\",\"contentUrl\":\"https:\/\/www.pumahue.cl\/temuco\/wp-content\/uploads\/sites\/49\/2025\/02\/cropped-logo_Pumahue_.png\",\"width\":512,\"height\":512,\"caption\":\"Colegio Pumahue Temuco\"},\"image\":{\"@id\":\"https:\/\/www.pumahue.cl\/temuco\/#\/schema\/logo\/image\/\"},\"sameAs\":[\"http:\/\/www.facebook.com\/ColegiosPumahue\",\"https:\/\/www.instagram.com\/colegiopumahue_temuco\",\"https:\/\/www.youtube.com\/@CognitaChile\"]},{\"@type\":\"Person\",\"@id\":\"https:\/\/www.pumahue.cl\/temuco\/#\/schema\/person\/0debeea140e397b5d490ee7e553255d8\",\"name\":\"jorgedelcampo\",\"image\":{\"@type\":\"ImageObject\",\"inLanguage\":\"es\",\"@id\":\"https:\/\/www.pumahue.cl\/temuco\/#\/schema\/person\/image\/\",\"url\":\"https:\/\/secure.gravatar.com\/avatar\/4a315f521213b2dc91dbda9bf799f711c8a98ab6f5606ec42cf5b33d1e762e8a?s=96&d=mm&r=g\",\"contentUrl\":\"https:\/\/secure.gravatar.com\/avatar\/4a315f521213b2dc91dbda9bf799f711c8a98ab6f5606ec42cf5b33d1e762e8a?s=96&d=mm&r=g\",\"caption\":\"jorgedelcampo\"}}]}<\/script>\n<!-- \/ Yoast SEO plugin. -->","yoast_head_json":{"title":"Conoce m\u00e1s sobre el After School 2023 - Colegio Pumahue Temuco","robots":{"index":"index","follow":"follow","max-snippet":"max-snippet:-1","max-image-preview":"max-image-preview:large","max-video-preview":"max-video-preview:-1"},"canonical":"https:\/\/www.pumahue.cl\/temuco\/noticias\/conoce-mas-sobre-el-after-school-2023\/","og_locale":"es_ES","og_type":"article","og_title":"Conoce m\u00e1s sobre el After School 2023 - Colegio Pumahue Temuco","og_description":"Ya comenzaron las inscripciones del &#8220;After School 2023&#8243;, iniciativa dirigida a alumnos y alumnas de los niveles de Jard\u00edn Infantil, Pre -Kinder y K\u00ednder. Este es un programa que se realiza fuera de las horas normales de clases y representa una excelente alternativa para que los ni\u00f1os y ni\u00f1as disfruten en un espacio de recreaci\u00f3n, [&hellip;]","og_url":"https:\/\/www.pumahue.cl\/temuco\/noticias\/conoce-mas-sobre-el-after-school-2023\/","og_site_name":"Colegio Pumahue Temuco","article_publisher":"http:\/\/www.facebook.com\/ColegiosPumahue","article_published_time":"2023-03-02T12:30:18+00:00","og_image":[{"width":836,"height":523,"url":"https:\/\/www.pumahue.cl\/temuco\/wp-content\/uploads\/sites\/49\/2023\/02\/AFTER-SCHOOL-3.jpg","type":"image\/jpeg"}],"author":"jorgedelcampo","twitter_card":"summary_large_image","twitter_misc":{"Escrito por":"jorgedelcampo","Tiempo de lectura":"1 minuto"},"schema":{"@context":"https:\/\/schema.org","@graph":[{"@type":"Article","@id":"https:\/\/www.pumahue.cl\/temuco\/noticias\/conoce-mas-sobre-el-after-school-2023\/#article","isPartOf":{"@id":"https:\/\/www.pumahue.cl\/temuco\/noticias\/conoce-mas-sobre-el-after-school-2023\/"},"author":{"name":"jorgedelcampo","@id":"https:\/\/www.pumahue.cl\/temuco\/#\/schema\/person\/0debeea140e397b5d490ee7e553255d8"},"headline":"Conoce m\u00e1s sobre el After School 2023","datePublished":"2023-03-02T12:30:18+00:00","mainEntityOfPage":{"@id":"https:\/\/www.pumahue.cl\/temuco\/noticias\/conoce-mas-sobre-el-after-school-2023\/"},"wordCount":251,"commentCount":0,"publisher":{"@id":"https:\/\/www.pumahue.cl\/temuco\/#organization"},"image":{"@id":"https:\/\/www.pumahue.cl\/temuco\/noticias\/conoce-mas-sobre-el-after-school-2023\/#primaryimage"},"thumbnailUrl":"https:\/\/www.pumahue.cl\/temuco\/wp-content\/uploads\/sites\/49\/2023\/02\/AFTER-SCHOOL-3.jpg","articleSection":["Vida Escolar"],"inLanguage":"es","potentialAction":[{"@type":"CommentAction","name":"Comment","target":["https:\/\/www.pumahue.cl\/temuco\/noticias\/conoce-mas-sobre-el-after-school-2023\/#respond"]}]},{"@type":"WebPage","@id":"https:\/\/www.pumahue.cl\/temuco\/noticias\/conoce-mas-sobre-el-after-school-2023\/","url":"https:\/\/www.pumahue.cl\/temuco\/noticias\/conoce-mas-sobre-el-after-school-2023\/","name":"Conoce m\u00e1s sobre el After School 2023 - Colegio Pumahue Temuco","isPartOf":{"@id":"https:\/\/www.pumahue.cl\/temuco\/#website"},"primaryImageOfPage":{"@id":"https:\/\/www.pumahue.cl\/temuco\/noticias\/conoce-mas-sobre-el-after-school-2023\/#primaryimage"},"image":{"@id":"https:\/\/www.pumahue.cl\/temuco\/noticias\/conoce-mas-sobre-el-after-school-2023\/#primaryimage"},"thumbnailUrl":"https:\/\/www.pumahue.cl\/temuco\/wp-content\/uploads\/sites\/49\/2023\/02\/AFTER-SCHOOL-3.jpg","datePublished":"2023-03-02T12:30:18+00:00","breadcrumb":{"@id":"https:\/\/www.pumahue.cl\/temuco\/noticias\/conoce-mas-sobre-el-after-school-2023\/#breadcrumb"},"inLanguage":"es","potentialAction":[{"@type":"ReadAction","target":["https:\/\/www.pumahue.cl\/temuco\/noticias\/conoce-mas-sobre-el-after-school-2023\/"]}]},{"@type":"ImageObject","inLanguage":"es","@id":"https:\/\/www.pumahue.cl\/temuco\/noticias\/conoce-mas-sobre-el-after-school-2023\/#primaryimage","url":"https:\/\/www.pumahue.cl\/temuco\/wp-content\/uploads\/sites\/49\/2023\/02\/AFTER-SCHOOL-3.jpg","contentUrl":"https:\/\/www.pumahue.cl\/temuco\/wp-content\/uploads\/sites\/49\/2023\/02\/AFTER-SCHOOL-3.jpg","width":836,"height":523},{"@type":"BreadcrumbList","@id":"https:\/\/www.pumahue.cl\/temuco\/noticias\/conoce-mas-sobre-el-after-school-2023\/#breadcrumb","itemListElement":[{"@type":"ListItem","position":1,"name":"Home","item":"https:\/\/www.pumahue.cl\/temuco\/"},{"@type":"ListItem","position":2,"name":"Conoce m\u00e1s sobre el After School 2023"}]},{"@type":"WebSite","@id":"https:\/\/www.pumahue.cl\/temuco\/#website","url":"https:\/\/www.pumahue.cl\/temuco\/","name":"Colegio Pumahue Temuco","description":"Parte de Cognita Schools","publisher":{"@id":"https:\/\/www.pumahue.cl\/temuco\/#organization"},"potentialAction":[{"@type":"SearchAction","target":{"@type":"EntryPoint","urlTemplate":"https:\/\/www.pumahue.cl\/temuco\/?s={search_term_string}"},"query-input":{"@type":"PropertyValueSpecification","valueRequired":true,"valueName":"search_term_string"}}],"inLanguage":"es"},{"@type":"Organization","@id":"https:\/\/www.pumahue.cl\/temuco\/#organization","name":"Colegio Pumahue Temuco","url":"https:\/\/www.pumahue.cl\/temuco\/","logo":{"@type":"ImageObject","inLanguage":"es","@id":"https:\/\/www.pumahue.cl\/temuco\/#\/schema\/logo\/image\/","url":"https:\/\/www.pumahue.cl\/temuco\/wp-content\/uploads\/sites\/49\/2025\/02\/cropped-logo_Pumahue_.png","contentUrl":"https:\/\/www.pumahue.cl\/temuco\/wp-content\/uploads\/sites\/49\/2025\/02\/cropped-logo_Pumahue_.png","width":512,"height":512,"caption":"Colegio Pumahue Temuco"},"image":{"@id":"https:\/\/www.pumahue.cl\/temuco\/#\/schema\/logo\/image\/"},"sameAs":["http:\/\/www.facebook.com\/ColegiosPumahue","https:\/\/www.instagram.com\/colegiopumahue_temuco","https:\/\/www.youtube.com\/@CognitaChile"]},{"@type":"Person","@id":"https:\/\/www.pumahue.cl\/temuco\/#\/schema\/person\/0debeea140e397b5d490ee7e553255d8","name":"jorgedelcampo","image":{"@type":"ImageObject","inLanguage":"es","@id":"https:\/\/www.pumahue.cl\/temuco\/#\/schema\/person\/image\/","url":"https:\/\/secure.gravatar.com\/avatar\/4a315f521213b2dc91dbda9bf799f711c8a98ab6f5606ec42cf5b33d1e762e8a?s=96&d=mm&r=g","contentUrl":"https:\/\/secure.gravatar.com\/avatar\/4a315f521213b2dc91dbda9bf799f711c8a98ab6f5606ec42cf5b33d1e762e8a?s=96&d=mm&r=g","caption":"jorgedelcampo"}}]}},"jetpack_featured_media_url":"https:\/\/www.pumahue.cl\/temuco\/wp-content\/uploads\/sites\/49\/2023\/02\/AFTER-SCHOOL-3.jpg","previous_post_ID":22761,"previous_post_title":"Hoy vivimos el inicio del a\u00f1o escolar 2023","previous_post_excerpt":"Hoy en nuestro Colegio se vivi\u00f3 el inicio de clases de este a\u00f1o 2023. En esta ocasi\u00f3n, la entrada de los estudiantes fue diferida, es decir ingresaron solo los estudiantes de educaci\u00f3n Parvularia y 1\u00b0B\u00e1sico, incorpor\u00e1ndose el resto de los estudiantes durante la semana. Nuestro Rector, Franklin \u00c1vila recibi\u00f3 la visita del Alcalde de Temuco, [&hellip;]","previous_post_link":"https:\/\/www.pumahue.cl\/temuco\/noticias\/hoy-vivimos-el-inicio-del-ano-escolar-2023\/","previous_post_class":["post-22761","post","type-post","status-publish","format-standard","has-post-thumbnail","hentry","category-vida-escolar"],"next_post_ID":22782,"next_post_title":"Triunfadora en el Ajedrez","next_post_excerpt":"En el mes de febrero de este a\u00f1o, la estudiante de 2\u00b0b\u00e1sico C Biling\u00fce, Sayen Ver\u00f3nica Punulef Epulef obtuvo un importante logro en el Campeonato Nacional de Ajedrez, el torneo m\u00e1s importante del pa\u00eds, alcanzado el 4\u00b0 lugar a nivel nacional en la categor\u00eda sub-8, midi\u00e9ndose con los mejores exponentes de cada Regi\u00f3n de Chile. [&hellip;]","next_post_link":"https:\/\/www.pumahue.cl\/temuco\/noticias\/triunfadora-en-el-ajedrez\/","next_post_class":["post-22782","post","type-post","status-publish","format-standard","has-post-thumbnail","hentry","category-vida-escolar"],"jetpack_sharing_enabled":true,"_links":{"self":[{"href":"https:\/\/www.pumahue.cl\/temuco\/wp-json\/wp\/v2\/posts\/22770","targetHints":{"allow":["GET"]}}],"collection":[{"href":"https:\/\/www.pumahue.cl\/temuco\/wp-json\/wp\/v2\/posts"}],"about":[{"href":"https:\/\/www.pumahue.cl\/temuco\/wp-json\/wp\/v2\/types\/post"}],"author":[{"embeddable":true,"href":"https:\/\/www.pumahue.cl\/temuco\/wp-json\/wp\/v2\/users\/14"}],"replies":[{"embeddable":true,"href":"https:\/\/www.pumahue.cl\/temuco\/wp-json\/wp\/v2\/comments?post=22770"}],"version-history":[{"count":0,"href":"https:\/\/www.pumahue.cl\/temuco\/wp-json\/wp\/v2\/posts\/22770\/revisions"}],"wp:featuredmedia":[{"embeddable":true,"href":"https:\/\/www.pumahue.cl\/temuco\/wp-json\/wp\/v2\/media\/22757"}],"wp:attachment":[{"href":"https:\/\/www.pumahue.cl\/temuco\/wp-json\/wp\/v2\/media?parent=22770"}],"wp:term":[{"taxonomy":"category","embeddable":true,"href":"https:\/\/www.pumahue.cl\/temuco\/wp-json\/wp\/v2\/categories?post=22770"},{"taxonomy":"post_tag","embeddable":true,"href":"https:\/\/www.pumahue.cl\/temuco\/wp-json\/wp\/v2\/tags?post=22770"}],"curies":[{"name":"wp","href":"https:\/\/api.w.org\/{rel}","templated":true}]}}