{"id":22799,"date":"2023-03-08T14:08:08","date_gmt":"2023-03-08T17:08:08","guid":{"rendered":"http:\/\/pumahue.cl\/temuco\/?p=22799"},"modified":"2023-03-08T14:08:08","modified_gmt":"2023-03-08T17:08:08","slug":"conversatorio-con-mujeres-lideres-de-la-araucania","status":"publish","type":"post","link":"https:\/\/www.pumahue.cl\/temuco\/noticias\/conversatorio-con-mujeres-lideres-de-la-araucania\/","title":{"rendered":"Conversatorio con Mujeres L\u00edderes de La Araucan\u00eda"},"content":{"rendered":"<p>Esta ma\u00f1ana se desarroll\u00f3 una interesante instancia de conversaci\u00f3n  para conmemorar el d\u00eda de la mujer. Para ello, el equipo de convivencia escolar impuls\u00f3 un conversatorio con cuatro mujeres destacadas de nuestra regi\u00f3n, todas apoderadas del Colegio,  quienes a fines de noviembre del a\u00f1o 2022 fueron reconocidas entre las <strong>100 mujeres de La Araucan\u00eda<\/strong> por su historia, trabajo y compromiso social, iniciativa impulsada por Corparaucan\u00eda junto a El Diario Austral; la Universidad Aut\u00f3noma de Chile y con el apoyo del Gobierno Regional, a trav\u00e9s de Corfo.<\/p>\n<p>En esta l\u00ednea,  las invitadas <strong>Fabiola V\u00e1squez Miranda, Pamela Aicon Almendra, Ingrid P\u00e9rez Rivas y Daniela Parada Amaya<\/strong> generaron un ambiente propicio para conversar, encantando  a los estudiantes de los 4tos medios al escuchar atentamente sus vivencias y an\u00e9cdotas, adem\u00e1s de aquellas situaciones que las han hecho protagonistas de su propia historia, por su empuje, decisi\u00f3n y esp\u00edritu de superaci\u00f3n.<\/p>\n<p>&nbsp;<\/p>\n"},"excerpt":{"rendered":"<p>Esta ma\u00f1ana se desarroll\u00f3 una interesante instancia de conversaci\u00f3n para conmemorar el d\u00eda de la mujer. Para ello, el equipo de convivencia escolar impuls\u00f3 un conversatorio con cuatro mujeres destacadas de nuestra regi\u00f3n, todas apoderadas del Colegio, quienes a fines de noviembre del a\u00f1o 2022 fueron reconocidas entre las 100 mujeres de La Araucan\u00eda por [&hellip;]<\/p>\n","protected":false},"author":14,"featured_media":22801,"comment_status":"open","ping_status":"open","sticky":false,"template":"","format":"standard","meta":{"_acf_changed":false,"content-type":"","_jetpack_memberships_contains_paid_content":false,"footnotes":""},"categories":[1],"tags":[],"class_list":["post-22799","post","type-post","status-publish","format-standard","has-post-thumbnail","hentry","category-vida-escolar"],"acf":[],"yoast_head":"<!-- This site is optimized with the Yoast SEO plugin v27.1.1 - https:\/\/yoast.com\/product\/yoast-seo-wordpress\/ -->\n<title>Conversatorio con Mujeres L\u00edderes de La Araucan\u00eda - Colegio Pumahue Temuco<\/title>\n<meta name=\"robots\" content=\"index, follow, max-snippet:-1, max-image-preview:large, max-video-preview:-1\" \/>\n<link rel=\"canonical\" href=\"https:\/\/www.pumahue.cl\/temuco\/noticias\/conversatorio-con-mujeres-lideres-de-la-araucania\/\" \/>\n<meta property=\"og:locale\" content=\"es_ES\" \/>\n<meta property=\"og:type\" content=\"article\" \/>\n<meta property=\"og:title\" content=\"Conversatorio con Mujeres L\u00edderes de La Araucan\u00eda - Colegio Pumahue Temuco\" \/>\n<meta property=\"og:description\" content=\"Esta ma\u00f1ana se desarroll\u00f3 una interesante instancia de conversaci\u00f3n para conmemorar el d\u00eda de la mujer. Para ello, el equipo de convivencia escolar impuls\u00f3 un conversatorio con cuatro mujeres destacadas de nuestra regi\u00f3n, todas apoderadas del Colegio, quienes a fines de noviembre del a\u00f1o 2022 fueron reconocidas entre las 100 mujeres de La Araucan\u00eda por [&hellip;]\" \/>\n<meta property=\"og:url\" content=\"https:\/\/www.pumahue.cl\/temuco\/noticias\/conversatorio-con-mujeres-lideres-de-la-araucania\/\" \/>\n<meta property=\"og:site_name\" content=\"Colegio Pumahue Temuco\" \/>\n<meta property=\"article:publisher\" content=\"http:\/\/www.facebook.com\/ColegiosPumahue\" \/>\n<meta property=\"article:published_time\" content=\"2023-03-08T17:08:08+00:00\" \/>\n<meta property=\"og:image\" content=\"https:\/\/www.pumahue.cl\/temuco\/wp-content\/uploads\/sites\/49\/2023\/03\/foto-mujeres-5.jpg\" \/>\n\t<meta property=\"og:image:width\" content=\"836\" \/>\n\t<meta property=\"og:image:height\" content=\"523\" \/>\n\t<meta property=\"og:image:type\" content=\"image\/jpeg\" \/>\n<meta name=\"author\" content=\"jorgedelcampo\" \/>\n<meta name=\"twitter:card\" content=\"summary_large_image\" \/>\n<meta name=\"twitter:label1\" content=\"Escrito por\" \/>\n\t<meta name=\"twitter:data1\" content=\"jorgedelcampo\" \/>\n\t<meta name=\"twitter:label2\" content=\"Tiempo de lectura\" \/>\n\t<meta name=\"twitter:data2\" content=\"1 minuto\" \/>\n<script type=\"application\/ld+json\" class=\"yoast-schema-graph\">{\"@context\":\"https:\/\/schema.org\",\"@graph\":[{\"@type\":\"Article\",\"@id\":\"https:\/\/www.pumahue.cl\/temuco\/noticias\/conversatorio-con-mujeres-lideres-de-la-araucania\/#article\",\"isPartOf\":{\"@id\":\"https:\/\/www.pumahue.cl\/temuco\/noticias\/conversatorio-con-mujeres-lideres-de-la-araucania\/\"},\"author\":{\"name\":\"jorgedelcampo\",\"@id\":\"https:\/\/www.pumahue.cl\/temuco\/#\/schema\/person\/0debeea140e397b5d490ee7e553255d8\"},\"headline\":\"Conversatorio con Mujeres L\u00edderes de La Araucan\u00eda\",\"datePublished\":\"2023-03-08T17:08:08+00:00\",\"mainEntityOfPage\":{\"@id\":\"https:\/\/www.pumahue.cl\/temuco\/noticias\/conversatorio-con-mujeres-lideres-de-la-araucania\/\"},\"wordCount\":171,\"commentCount\":0,\"publisher\":{\"@id\":\"https:\/\/www.pumahue.cl\/temuco\/#organization\"},\"image\":{\"@id\":\"https:\/\/www.pumahue.cl\/temuco\/noticias\/conversatorio-con-mujeres-lideres-de-la-araucania\/#primaryimage\"},\"thumbnailUrl\":\"https:\/\/www.pumahue.cl\/temuco\/wp-content\/uploads\/sites\/49\/2023\/03\/foto-mujeres-5.jpg\",\"articleSection\":[\"Vida Escolar\"],\"inLanguage\":\"es\",\"potentialAction\":[{\"@type\":\"CommentAction\",\"name\":\"Comment\",\"target\":[\"https:\/\/www.pumahue.cl\/temuco\/noticias\/conversatorio-con-mujeres-lideres-de-la-araucania\/#respond\"]}]},{\"@type\":\"WebPage\",\"@id\":\"https:\/\/www.pumahue.cl\/temuco\/noticias\/conversatorio-con-mujeres-lideres-de-la-araucania\/\",\"url\":\"https:\/\/www.pumahue.cl\/temuco\/noticias\/conversatorio-con-mujeres-lideres-de-la-araucania\/\",\"name\":\"Conversatorio con Mujeres L\u00edderes de La Araucan\u00eda - Colegio Pumahue Temuco\",\"isPartOf\":{\"@id\":\"https:\/\/www.pumahue.cl\/temuco\/#website\"},\"primaryImageOfPage\":{\"@id\":\"https:\/\/www.pumahue.cl\/temuco\/noticias\/conversatorio-con-mujeres-lideres-de-la-araucania\/#primaryimage\"},\"image\":{\"@id\":\"https:\/\/www.pumahue.cl\/temuco\/noticias\/conversatorio-con-mujeres-lideres-de-la-araucania\/#primaryimage\"},\"thumbnailUrl\":\"https:\/\/www.pumahue.cl\/temuco\/wp-content\/uploads\/sites\/49\/2023\/03\/foto-mujeres-5.jpg\",\"datePublished\":\"2023-03-08T17:08:08+00:00\",\"breadcrumb\":{\"@id\":\"https:\/\/www.pumahue.cl\/temuco\/noticias\/conversatorio-con-mujeres-lideres-de-la-araucania\/#breadcrumb\"},\"inLanguage\":\"es\",\"potentialAction\":[{\"@type\":\"ReadAction\",\"target\":[\"https:\/\/www.pumahue.cl\/temuco\/noticias\/conversatorio-con-mujeres-lideres-de-la-araucania\/\"]}]},{\"@type\":\"ImageObject\",\"inLanguage\":\"es\",\"@id\":\"https:\/\/www.pumahue.cl\/temuco\/noticias\/conversatorio-con-mujeres-lideres-de-la-araucania\/#primaryimage\",\"url\":\"https:\/\/www.pumahue.cl\/temuco\/wp-content\/uploads\/sites\/49\/2023\/03\/foto-mujeres-5.jpg\",\"contentUrl\":\"https:\/\/www.pumahue.cl\/temuco\/wp-content\/uploads\/sites\/49\/2023\/03\/foto-mujeres-5.jpg\",\"width\":836,\"height\":523},{\"@type\":\"BreadcrumbList\",\"@id\":\"https:\/\/www.pumahue.cl\/temuco\/noticias\/conversatorio-con-mujeres-lideres-de-la-araucania\/#breadcrumb\",\"itemListElement\":[{\"@type\":\"ListItem\",\"position\":1,\"name\":\"Home\",\"item\":\"https:\/\/www.pumahue.cl\/temuco\/\"},{\"@type\":\"ListItem\",\"position\":2,\"name\":\"Conversatorio con Mujeres L\u00edderes de La Araucan\u00eda\"}]},{\"@type\":\"WebSite\",\"@id\":\"https:\/\/www.pumahue.cl\/temuco\/#website\",\"url\":\"https:\/\/www.pumahue.cl\/temuco\/\",\"name\":\"Colegio Pumahue Temuco\",\"description\":\"Parte de Cognita Schools\",\"publisher\":{\"@id\":\"https:\/\/www.pumahue.cl\/temuco\/#organization\"},\"potentialAction\":[{\"@type\":\"SearchAction\",\"target\":{\"@type\":\"EntryPoint\",\"urlTemplate\":\"https:\/\/www.pumahue.cl\/temuco\/?s={search_term_string}\"},\"query-input\":{\"@type\":\"PropertyValueSpecification\",\"valueRequired\":true,\"valueName\":\"search_term_string\"}}],\"inLanguage\":\"es\"},{\"@type\":\"Organization\",\"@id\":\"https:\/\/www.pumahue.cl\/temuco\/#organization\",\"name\":\"Colegio Pumahue Temuco\",\"url\":\"https:\/\/www.pumahue.cl\/temuco\/\",\"logo\":{\"@type\":\"ImageObject\",\"inLanguage\":\"es\",\"@id\":\"https:\/\/www.pumahue.cl\/temuco\/#\/schema\/logo\/image\/\",\"url\":\"https:\/\/www.pumahue.cl\/temuco\/wp-content\/uploads\/sites\/49\/2025\/02\/cropped-logo_Pumahue_.png\",\"contentUrl\":\"https:\/\/www.pumahue.cl\/temuco\/wp-content\/uploads\/sites\/49\/2025\/02\/cropped-logo_Pumahue_.png\",\"width\":512,\"height\":512,\"caption\":\"Colegio Pumahue Temuco\"},\"image\":{\"@id\":\"https:\/\/www.pumahue.cl\/temuco\/#\/schema\/logo\/image\/\"},\"sameAs\":[\"http:\/\/www.facebook.com\/ColegiosPumahue\",\"https:\/\/www.instagram.com\/colegiopumahue_temuco\",\"https:\/\/www.youtube.com\/@CognitaChile\"]},{\"@type\":\"Person\",\"@id\":\"https:\/\/www.pumahue.cl\/temuco\/#\/schema\/person\/0debeea140e397b5d490ee7e553255d8\",\"name\":\"jorgedelcampo\",\"image\":{\"@type\":\"ImageObject\",\"inLanguage\":\"es\",\"@id\":\"https:\/\/www.pumahue.cl\/temuco\/#\/schema\/person\/image\/\",\"url\":\"https:\/\/secure.gravatar.com\/avatar\/4a315f521213b2dc91dbda9bf799f711c8a98ab6f5606ec42cf5b33d1e762e8a?s=96&d=mm&r=g\",\"contentUrl\":\"https:\/\/secure.gravatar.com\/avatar\/4a315f521213b2dc91dbda9bf799f711c8a98ab6f5606ec42cf5b33d1e762e8a?s=96&d=mm&r=g\",\"caption\":\"jorgedelcampo\"}}]}<\/script>\n<!-- \/ Yoast SEO plugin. -->","yoast_head_json":{"title":"Conversatorio con Mujeres L\u00edderes de La Araucan\u00eda - Colegio Pumahue Temuco","robots":{"index":"index","follow":"follow","max-snippet":"max-snippet:-1","max-image-preview":"max-image-preview:large","max-video-preview":"max-video-preview:-1"},"canonical":"https:\/\/www.pumahue.cl\/temuco\/noticias\/conversatorio-con-mujeres-lideres-de-la-araucania\/","og_locale":"es_ES","og_type":"article","og_title":"Conversatorio con Mujeres L\u00edderes de La Araucan\u00eda - Colegio Pumahue Temuco","og_description":"Esta ma\u00f1ana se desarroll\u00f3 una interesante instancia de conversaci\u00f3n para conmemorar el d\u00eda de la mujer. Para ello, el equipo de convivencia escolar impuls\u00f3 un conversatorio con cuatro mujeres destacadas de nuestra regi\u00f3n, todas apoderadas del Colegio, quienes a fines de noviembre del a\u00f1o 2022 fueron reconocidas entre las 100 mujeres de La Araucan\u00eda por [&hellip;]","og_url":"https:\/\/www.pumahue.cl\/temuco\/noticias\/conversatorio-con-mujeres-lideres-de-la-araucania\/","og_site_name":"Colegio Pumahue Temuco","article_publisher":"http:\/\/www.facebook.com\/ColegiosPumahue","article_published_time":"2023-03-08T17:08:08+00:00","og_image":[{"width":836,"height":523,"url":"https:\/\/www.pumahue.cl\/temuco\/wp-content\/uploads\/sites\/49\/2023\/03\/foto-mujeres-5.jpg","type":"image\/jpeg"}],"author":"jorgedelcampo","twitter_card":"summary_large_image","twitter_misc":{"Escrito por":"jorgedelcampo","Tiempo de lectura":"1 minuto"},"schema":{"@context":"https:\/\/schema.org","@graph":[{"@type":"Article","@id":"https:\/\/www.pumahue.cl\/temuco\/noticias\/conversatorio-con-mujeres-lideres-de-la-araucania\/#article","isPartOf":{"@id":"https:\/\/www.pumahue.cl\/temuco\/noticias\/conversatorio-con-mujeres-lideres-de-la-araucania\/"},"author":{"name":"jorgedelcampo","@id":"https:\/\/www.pumahue.cl\/temuco\/#\/schema\/person\/0debeea140e397b5d490ee7e553255d8"},"headline":"Conversatorio con Mujeres L\u00edderes de La Araucan\u00eda","datePublished":"2023-03-08T17:08:08+00:00","mainEntityOfPage":{"@id":"https:\/\/www.pumahue.cl\/temuco\/noticias\/conversatorio-con-mujeres-lideres-de-la-araucania\/"},"wordCount":171,"commentCount":0,"publisher":{"@id":"https:\/\/www.pumahue.cl\/temuco\/#organization"},"image":{"@id":"https:\/\/www.pumahue.cl\/temuco\/noticias\/conversatorio-con-mujeres-lideres-de-la-araucania\/#primaryimage"},"thumbnailUrl":"https:\/\/www.pumahue.cl\/temuco\/wp-content\/uploads\/sites\/49\/2023\/03\/foto-mujeres-5.jpg","articleSection":["Vida Escolar"],"inLanguage":"es","potentialAction":[{"@type":"CommentAction","name":"Comment","target":["https:\/\/www.pumahue.cl\/temuco\/noticias\/conversatorio-con-mujeres-lideres-de-la-araucania\/#respond"]}]},{"@type":"WebPage","@id":"https:\/\/www.pumahue.cl\/temuco\/noticias\/conversatorio-con-mujeres-lideres-de-la-araucania\/","url":"https:\/\/www.pumahue.cl\/temuco\/noticias\/conversatorio-con-mujeres-lideres-de-la-araucania\/","name":"Conversatorio con Mujeres L\u00edderes de La Araucan\u00eda - Colegio Pumahue Temuco","isPartOf":{"@id":"https:\/\/www.pumahue.cl\/temuco\/#website"},"primaryImageOfPage":{"@id":"https:\/\/www.pumahue.cl\/temuco\/noticias\/conversatorio-con-mujeres-lideres-de-la-araucania\/#primaryimage"},"image":{"@id":"https:\/\/www.pumahue.cl\/temuco\/noticias\/conversatorio-con-mujeres-lideres-de-la-araucania\/#primaryimage"},"thumbnailUrl":"https:\/\/www.pumahue.cl\/temuco\/wp-content\/uploads\/sites\/49\/2023\/03\/foto-mujeres-5.jpg","datePublished":"2023-03-08T17:08:08+00:00","breadcrumb":{"@id":"https:\/\/www.pumahue.cl\/temuco\/noticias\/conversatorio-con-mujeres-lideres-de-la-araucania\/#breadcrumb"},"inLanguage":"es","potentialAction":[{"@type":"ReadAction","target":["https:\/\/www.pumahue.cl\/temuco\/noticias\/conversatorio-con-mujeres-lideres-de-la-araucania\/"]}]},{"@type":"ImageObject","inLanguage":"es","@id":"https:\/\/www.pumahue.cl\/temuco\/noticias\/conversatorio-con-mujeres-lideres-de-la-araucania\/#primaryimage","url":"https:\/\/www.pumahue.cl\/temuco\/wp-content\/uploads\/sites\/49\/2023\/03\/foto-mujeres-5.jpg","contentUrl":"https:\/\/www.pumahue.cl\/temuco\/wp-content\/uploads\/sites\/49\/2023\/03\/foto-mujeres-5.jpg","width":836,"height":523},{"@type":"BreadcrumbList","@id":"https:\/\/www.pumahue.cl\/temuco\/noticias\/conversatorio-con-mujeres-lideres-de-la-araucania\/#breadcrumb","itemListElement":[{"@type":"ListItem","position":1,"name":"Home","item":"https:\/\/www.pumahue.cl\/temuco\/"},{"@type":"ListItem","position":2,"name":"Conversatorio con Mujeres L\u00edderes de La Araucan\u00eda"}]},{"@type":"WebSite","@id":"https:\/\/www.pumahue.cl\/temuco\/#website","url":"https:\/\/www.pumahue.cl\/temuco\/","name":"Colegio Pumahue Temuco","description":"Parte de Cognita Schools","publisher":{"@id":"https:\/\/www.pumahue.cl\/temuco\/#organization"},"potentialAction":[{"@type":"SearchAction","target":{"@type":"EntryPoint","urlTemplate":"https:\/\/www.pumahue.cl\/temuco\/?s={search_term_string}"},"query-input":{"@type":"PropertyValueSpecification","valueRequired":true,"valueName":"search_term_string"}}],"inLanguage":"es"},{"@type":"Organization","@id":"https:\/\/www.pumahue.cl\/temuco\/#organization","name":"Colegio Pumahue Temuco","url":"https:\/\/www.pumahue.cl\/temuco\/","logo":{"@type":"ImageObject","inLanguage":"es","@id":"https:\/\/www.pumahue.cl\/temuco\/#\/schema\/logo\/image\/","url":"https:\/\/www.pumahue.cl\/temuco\/wp-content\/uploads\/sites\/49\/2025\/02\/cropped-logo_Pumahue_.png","contentUrl":"https:\/\/www.pumahue.cl\/temuco\/wp-content\/uploads\/sites\/49\/2025\/02\/cropped-logo_Pumahue_.png","width":512,"height":512,"caption":"Colegio Pumahue Temuco"},"image":{"@id":"https:\/\/www.pumahue.cl\/temuco\/#\/schema\/logo\/image\/"},"sameAs":["http:\/\/www.facebook.com\/ColegiosPumahue","https:\/\/www.instagram.com\/colegiopumahue_temuco","https:\/\/www.youtube.com\/@CognitaChile"]},{"@type":"Person","@id":"https:\/\/www.pumahue.cl\/temuco\/#\/schema\/person\/0debeea140e397b5d490ee7e553255d8","name":"jorgedelcampo","image":{"@type":"ImageObject","inLanguage":"es","@id":"https:\/\/www.pumahue.cl\/temuco\/#\/schema\/person\/image\/","url":"https:\/\/secure.gravatar.com\/avatar\/4a315f521213b2dc91dbda9bf799f711c8a98ab6f5606ec42cf5b33d1e762e8a?s=96&d=mm&r=g","contentUrl":"https:\/\/secure.gravatar.com\/avatar\/4a315f521213b2dc91dbda9bf799f711c8a98ab6f5606ec42cf5b33d1e762e8a?s=96&d=mm&r=g","caption":"jorgedelcampo"}}]}},"jetpack_featured_media_url":"https:\/\/www.pumahue.cl\/temuco\/wp-content\/uploads\/sites\/49\/2023\/03\/foto-mujeres-5.jpg","previous_post_ID":22793,"previous_post_title":"El primer d\u00eda de clases en educ. media","previous_post_excerpt":"Para algunos fue el primer d\u00eda de su \u00faltimo a\u00f1o en el Colegio Pumahue y para otros fue el inicio de una nueva etapa en su educaci\u00f3n. Nos referimos a los estudiantes de IV\u00b0 medio y 7\u00b0, quienes la ma\u00f1ana del viernes fueron recibidos de una forma especial por sus profesores y compa\u00f1eros en el [&hellip;]","previous_post_link":"https:\/\/www.pumahue.cl\/temuco\/noticias\/el-primer-dia-de-clases-en-educ-media\/","previous_post_class":["post-22793","post","type-post","status-publish","format-standard","has-post-thumbnail","hentry","category-vida-escolar"],"next_post_ID":22805,"next_post_title":"Deportistas destacadas en d\u00eda Internacional de la Mujer","next_post_excerpt":"Tres destacadas deportistas de nuestro colegio fueron homenajeadas en el d\u00eda Internacional de la Mujer, nos referimos a Sayen Punulef (ajedrez), Amanda Figueroa (triatleta) y Florencia Palacios (f\u00fatbol femenino), todas competidoras de alto nivel que se han enfrentado a grandes desaf\u00edos, obteniendo los mejores resultados en sus respectivas disciplinas. En la ocasi\u00f3n fueron invitadas por [&hellip;]","next_post_link":"https:\/\/www.pumahue.cl\/temuco\/noticias\/deportistas-destacadas-en-dia-internacional-de-la-mujer\/","next_post_class":["post-22805","post","type-post","status-publish","format-standard","has-post-thumbnail","hentry","category-vida-escolar"],"jetpack_sharing_enabled":true,"_links":{"self":[{"href":"https:\/\/www.pumahue.cl\/temuco\/wp-json\/wp\/v2\/posts\/22799","targetHints":{"allow":["GET"]}}],"collection":[{"href":"https:\/\/www.pumahue.cl\/temuco\/wp-json\/wp\/v2\/posts"}],"about":[{"href":"https:\/\/www.pumahue.cl\/temuco\/wp-json\/wp\/v2\/types\/post"}],"author":[{"embeddable":true,"href":"https:\/\/www.pumahue.cl\/temuco\/wp-json\/wp\/v2\/users\/14"}],"replies":[{"embeddable":true,"href":"https:\/\/www.pumahue.cl\/temuco\/wp-json\/wp\/v2\/comments?post=22799"}],"version-history":[{"count":0,"href":"https:\/\/www.pumahue.cl\/temuco\/wp-json\/wp\/v2\/posts\/22799\/revisions"}],"wp:featuredmedia":[{"embeddable":true,"href":"https:\/\/www.pumahue.cl\/temuco\/wp-json\/wp\/v2\/media\/22801"}],"wp:attachment":[{"href":"https:\/\/www.pumahue.cl\/temuco\/wp-json\/wp\/v2\/media?parent=22799"}],"wp:term":[{"taxonomy":"category","embeddable":true,"href":"https:\/\/www.pumahue.cl\/temuco\/wp-json\/wp\/v2\/categories?post=22799"},{"taxonomy":"post_tag","embeddable":true,"href":"https:\/\/www.pumahue.cl\/temuco\/wp-json\/wp\/v2\/tags?post=22799"}],"curies":[{"name":"wp","href":"https:\/\/api.w.org\/{rel}","templated":true}]}}