{"id":22805,"date":"2023-03-08T14:54:03","date_gmt":"2023-03-08T17:54:03","guid":{"rendered":"http:\/\/pumahue.cl\/temuco\/?p=22805"},"modified":"2023-03-08T14:54:03","modified_gmt":"2023-03-08T17:54:03","slug":"deportistas-destacadas-en-dia-internacional-de-la-mujer","status":"publish","type":"post","link":"https:\/\/www.pumahue.cl\/temuco\/noticias\/deportistas-destacadas-en-dia-internacional-de-la-mujer\/","title":{"rendered":"Deportistas destacadas en d\u00eda Internacional de la Mujer"},"content":{"rendered":"<p>Tres destacadas deportistas de nuestro colegio fueron homenajeadas en el <strong>d\u00eda Internacional de la Mujer,<\/strong> nos referimos a <strong>Sayen Punulef (ajedrez), Amanda Figueroa (triatleta) y Florencia Palacios (f\u00fatbol femenino)<\/strong>, todas competidoras de alto nivel que se han enfrentado a grandes desaf\u00edos, obteniendo los mejores resultados en sus respectivas disciplinas.<\/p>\n<p>En la ocasi\u00f3n fueron invitadas por el equipo directivo del Colegio, encabezado por nuestro Rector, Franklin \u00c1vila y las directoras de estudios: Miss Arlenne Fern\u00e1ndez (educ. media), Miss Heidi Zambrano (educ. parvularia) y Miss Dayand Valenzuela (edic. B\u00e1sica) a un desayuno en rector\u00eda, donde comentaron de sus triunfos y experiencias de grandes competencias.<\/p>\n<p>Recordemos que este verano, <strong>Amanda Figueroa Maldonado, estudiante del 5 a\u00f1o C<\/strong> de nuestro colegio, obtuvo el 1er lugar en su categor\u00eda damas iniciantes y el 3er lugar en la categor\u00eda general damas y varones del <strong>Kids Challenge del Subaru IRONMAN 70.3 <\/strong>realizado<strong> en Puc\u00f3n<\/strong>. Tambi\u00e9n en la \u00e9poca estival,<strong> Sayen Ver\u00f3nica Punulef, 2\u00b0b\u00e1sico C Biling\u00fce<\/strong>, obtuvo un importante logro en el Campeonato Nacional de Ajedrez, el torneo m\u00e1s importante del pa\u00eds, alcanzado el <strong>4\u00b0 lugar a nivel nacional en la categor\u00eda sub-8<\/strong>, midi\u00e9ndose con los mejores exponentes de cada Regi\u00f3n de Chile. Asimismo,  <strong>Florencia Palacios del 7\u00b0A,<\/strong> quien se ha destacado en f\u00fatbol femenino, siendo parte del equipo Uni\u00f3n Araucan\u00eda como arquera, ha triunfado en muchos campeonatos regionales y <strong>el 11 de marzo se medir\u00e1 en un campeonato de la ANFP.<\/strong><\/p>\n<p>\u00a1Felicitaciones y esperamos ver m\u00e1s de sus triunfos!<\/p>\n<p>&nbsp;<\/p>\n<p>&nbsp;<\/p>\n<p>&nbsp;<\/p>\n"},"excerpt":{"rendered":"<p>Tres destacadas deportistas de nuestro colegio fueron homenajeadas en el d\u00eda Internacional de la Mujer, nos referimos a Sayen Punulef (ajedrez), Amanda Figueroa (triatleta) y Florencia Palacios (f\u00fatbol femenino), todas competidoras de alto nivel que se han enfrentado a grandes desaf\u00edos, obteniendo los mejores resultados en sus respectivas disciplinas. En la ocasi\u00f3n fueron invitadas por [&hellip;]<\/p>\n","protected":false},"author":14,"featured_media":22806,"comment_status":"open","ping_status":"open","sticky":false,"template":"","format":"standard","meta":{"_acf_changed":false,"content-type":"","_jetpack_memberships_contains_paid_content":false,"footnotes":""},"categories":[1],"tags":[],"class_list":["post-22805","post","type-post","status-publish","format-standard","has-post-thumbnail","hentry","category-vida-escolar"],"acf":[],"yoast_head":"<!-- This site is optimized with the Yoast SEO plugin v27.1.1 - https:\/\/yoast.com\/product\/yoast-seo-wordpress\/ -->\n<title>Deportistas destacadas en d\u00eda Internacional de la Mujer - Colegio Pumahue Temuco<\/title>\n<meta name=\"robots\" content=\"index, follow, max-snippet:-1, max-image-preview:large, max-video-preview:-1\" \/>\n<link rel=\"canonical\" href=\"https:\/\/www.pumahue.cl\/temuco\/noticias\/deportistas-destacadas-en-dia-internacional-de-la-mujer\/\" \/>\n<meta property=\"og:locale\" content=\"es_ES\" \/>\n<meta property=\"og:type\" content=\"article\" \/>\n<meta property=\"og:title\" content=\"Deportistas destacadas en d\u00eda Internacional de la Mujer - Colegio Pumahue Temuco\" \/>\n<meta property=\"og:description\" content=\"Tres destacadas deportistas de nuestro colegio fueron homenajeadas en el d\u00eda Internacional de la Mujer, nos referimos a Sayen Punulef (ajedrez), Amanda Figueroa (triatleta) y Florencia Palacios (f\u00fatbol femenino), todas competidoras de alto nivel que se han enfrentado a grandes desaf\u00edos, obteniendo los mejores resultados en sus respectivas disciplinas. En la ocasi\u00f3n fueron invitadas por [&hellip;]\" \/>\n<meta property=\"og:url\" content=\"https:\/\/www.pumahue.cl\/temuco\/noticias\/deportistas-destacadas-en-dia-internacional-de-la-mujer\/\" \/>\n<meta property=\"og:site_name\" content=\"Colegio Pumahue Temuco\" \/>\n<meta property=\"article:publisher\" content=\"http:\/\/www.facebook.com\/ColegiosPumahue\" \/>\n<meta property=\"article:published_time\" content=\"2023-03-08T17:54:03+00:00\" \/>\n<meta property=\"og:image\" content=\"https:\/\/www.pumahue.cl\/temuco\/wp-content\/uploads\/sites\/49\/2023\/03\/deportistas-2.jpg\" \/>\n\t<meta property=\"og:image:width\" content=\"836\" \/>\n\t<meta property=\"og:image:height\" content=\"523\" \/>\n\t<meta property=\"og:image:type\" content=\"image\/jpeg\" \/>\n<meta name=\"author\" content=\"jorgedelcampo\" \/>\n<meta name=\"twitter:card\" content=\"summary_large_image\" \/>\n<meta name=\"twitter:label1\" content=\"Escrito por\" \/>\n\t<meta name=\"twitter:data1\" content=\"jorgedelcampo\" \/>\n\t<meta name=\"twitter:label2\" content=\"Tiempo de lectura\" \/>\n\t<meta name=\"twitter:data2\" content=\"1 minuto\" \/>\n<script type=\"application\/ld+json\" class=\"yoast-schema-graph\">{\"@context\":\"https:\/\/schema.org\",\"@graph\":[{\"@type\":\"Article\",\"@id\":\"https:\/\/www.pumahue.cl\/temuco\/noticias\/deportistas-destacadas-en-dia-internacional-de-la-mujer\/#article\",\"isPartOf\":{\"@id\":\"https:\/\/www.pumahue.cl\/temuco\/noticias\/deportistas-destacadas-en-dia-internacional-de-la-mujer\/\"},\"author\":{\"name\":\"jorgedelcampo\",\"@id\":\"https:\/\/www.pumahue.cl\/temuco\/#\/schema\/person\/0debeea140e397b5d490ee7e553255d8\"},\"headline\":\"Deportistas destacadas en d\u00eda Internacional de la Mujer\",\"datePublished\":\"2023-03-08T17:54:03+00:00\",\"mainEntityOfPage\":{\"@id\":\"https:\/\/www.pumahue.cl\/temuco\/noticias\/deportistas-destacadas-en-dia-internacional-de-la-mujer\/\"},\"wordCount\":274,\"commentCount\":0,\"publisher\":{\"@id\":\"https:\/\/www.pumahue.cl\/temuco\/#organization\"},\"image\":{\"@id\":\"https:\/\/www.pumahue.cl\/temuco\/noticias\/deportistas-destacadas-en-dia-internacional-de-la-mujer\/#primaryimage\"},\"thumbnailUrl\":\"https:\/\/www.pumahue.cl\/temuco\/wp-content\/uploads\/sites\/49\/2023\/03\/deportistas-2.jpg\",\"articleSection\":[\"Vida Escolar\"],\"inLanguage\":\"es\",\"potentialAction\":[{\"@type\":\"CommentAction\",\"name\":\"Comment\",\"target\":[\"https:\/\/www.pumahue.cl\/temuco\/noticias\/deportistas-destacadas-en-dia-internacional-de-la-mujer\/#respond\"]}]},{\"@type\":\"WebPage\",\"@id\":\"https:\/\/www.pumahue.cl\/temuco\/noticias\/deportistas-destacadas-en-dia-internacional-de-la-mujer\/\",\"url\":\"https:\/\/www.pumahue.cl\/temuco\/noticias\/deportistas-destacadas-en-dia-internacional-de-la-mujer\/\",\"name\":\"Deportistas destacadas en d\u00eda Internacional de la Mujer - Colegio Pumahue Temuco\",\"isPartOf\":{\"@id\":\"https:\/\/www.pumahue.cl\/temuco\/#website\"},\"primaryImageOfPage\":{\"@id\":\"https:\/\/www.pumahue.cl\/temuco\/noticias\/deportistas-destacadas-en-dia-internacional-de-la-mujer\/#primaryimage\"},\"image\":{\"@id\":\"https:\/\/www.pumahue.cl\/temuco\/noticias\/deportistas-destacadas-en-dia-internacional-de-la-mujer\/#primaryimage\"},\"thumbnailUrl\":\"https:\/\/www.pumahue.cl\/temuco\/wp-content\/uploads\/sites\/49\/2023\/03\/deportistas-2.jpg\",\"datePublished\":\"2023-03-08T17:54:03+00:00\",\"breadcrumb\":{\"@id\":\"https:\/\/www.pumahue.cl\/temuco\/noticias\/deportistas-destacadas-en-dia-internacional-de-la-mujer\/#breadcrumb\"},\"inLanguage\":\"es\",\"potentialAction\":[{\"@type\":\"ReadAction\",\"target\":[\"https:\/\/www.pumahue.cl\/temuco\/noticias\/deportistas-destacadas-en-dia-internacional-de-la-mujer\/\"]}]},{\"@type\":\"ImageObject\",\"inLanguage\":\"es\",\"@id\":\"https:\/\/www.pumahue.cl\/temuco\/noticias\/deportistas-destacadas-en-dia-internacional-de-la-mujer\/#primaryimage\",\"url\":\"https:\/\/www.pumahue.cl\/temuco\/wp-content\/uploads\/sites\/49\/2023\/03\/deportistas-2.jpg\",\"contentUrl\":\"https:\/\/www.pumahue.cl\/temuco\/wp-content\/uploads\/sites\/49\/2023\/03\/deportistas-2.jpg\",\"width\":836,\"height\":523},{\"@type\":\"BreadcrumbList\",\"@id\":\"https:\/\/www.pumahue.cl\/temuco\/noticias\/deportistas-destacadas-en-dia-internacional-de-la-mujer\/#breadcrumb\",\"itemListElement\":[{\"@type\":\"ListItem\",\"position\":1,\"name\":\"Home\",\"item\":\"https:\/\/www.pumahue.cl\/temuco\/\"},{\"@type\":\"ListItem\",\"position\":2,\"name\":\"Deportistas destacadas en d\u00eda Internacional de la Mujer\"}]},{\"@type\":\"WebSite\",\"@id\":\"https:\/\/www.pumahue.cl\/temuco\/#website\",\"url\":\"https:\/\/www.pumahue.cl\/temuco\/\",\"name\":\"Colegio Pumahue Temuco\",\"description\":\"Parte de Cognita Schools\",\"publisher\":{\"@id\":\"https:\/\/www.pumahue.cl\/temuco\/#organization\"},\"potentialAction\":[{\"@type\":\"SearchAction\",\"target\":{\"@type\":\"EntryPoint\",\"urlTemplate\":\"https:\/\/www.pumahue.cl\/temuco\/?s={search_term_string}\"},\"query-input\":{\"@type\":\"PropertyValueSpecification\",\"valueRequired\":true,\"valueName\":\"search_term_string\"}}],\"inLanguage\":\"es\"},{\"@type\":\"Organization\",\"@id\":\"https:\/\/www.pumahue.cl\/temuco\/#organization\",\"name\":\"Colegio Pumahue Temuco\",\"url\":\"https:\/\/www.pumahue.cl\/temuco\/\",\"logo\":{\"@type\":\"ImageObject\",\"inLanguage\":\"es\",\"@id\":\"https:\/\/www.pumahue.cl\/temuco\/#\/schema\/logo\/image\/\",\"url\":\"https:\/\/www.pumahue.cl\/temuco\/wp-content\/uploads\/sites\/49\/2025\/02\/cropped-logo_Pumahue_.png\",\"contentUrl\":\"https:\/\/www.pumahue.cl\/temuco\/wp-content\/uploads\/sites\/49\/2025\/02\/cropped-logo_Pumahue_.png\",\"width\":512,\"height\":512,\"caption\":\"Colegio Pumahue Temuco\"},\"image\":{\"@id\":\"https:\/\/www.pumahue.cl\/temuco\/#\/schema\/logo\/image\/\"},\"sameAs\":[\"http:\/\/www.facebook.com\/ColegiosPumahue\",\"https:\/\/www.instagram.com\/colegiopumahue_temuco\",\"https:\/\/www.youtube.com\/@CognitaChile\"]},{\"@type\":\"Person\",\"@id\":\"https:\/\/www.pumahue.cl\/temuco\/#\/schema\/person\/0debeea140e397b5d490ee7e553255d8\",\"name\":\"jorgedelcampo\",\"image\":{\"@type\":\"ImageObject\",\"inLanguage\":\"es\",\"@id\":\"https:\/\/www.pumahue.cl\/temuco\/#\/schema\/person\/image\/\",\"url\":\"https:\/\/secure.gravatar.com\/avatar\/4a315f521213b2dc91dbda9bf799f711c8a98ab6f5606ec42cf5b33d1e762e8a?s=96&d=mm&r=g\",\"contentUrl\":\"https:\/\/secure.gravatar.com\/avatar\/4a315f521213b2dc91dbda9bf799f711c8a98ab6f5606ec42cf5b33d1e762e8a?s=96&d=mm&r=g\",\"caption\":\"jorgedelcampo\"}}]}<\/script>\n<!-- \/ Yoast SEO plugin. -->","yoast_head_json":{"title":"Deportistas destacadas en d\u00eda Internacional de la Mujer - Colegio Pumahue Temuco","robots":{"index":"index","follow":"follow","max-snippet":"max-snippet:-1","max-image-preview":"max-image-preview:large","max-video-preview":"max-video-preview:-1"},"canonical":"https:\/\/www.pumahue.cl\/temuco\/noticias\/deportistas-destacadas-en-dia-internacional-de-la-mujer\/","og_locale":"es_ES","og_type":"article","og_title":"Deportistas destacadas en d\u00eda Internacional de la Mujer - Colegio Pumahue Temuco","og_description":"Tres destacadas deportistas de nuestro colegio fueron homenajeadas en el d\u00eda Internacional de la Mujer, nos referimos a Sayen Punulef (ajedrez), Amanda Figueroa (triatleta) y Florencia Palacios (f\u00fatbol femenino), todas competidoras de alto nivel que se han enfrentado a grandes desaf\u00edos, obteniendo los mejores resultados en sus respectivas disciplinas. En la ocasi\u00f3n fueron invitadas por [&hellip;]","og_url":"https:\/\/www.pumahue.cl\/temuco\/noticias\/deportistas-destacadas-en-dia-internacional-de-la-mujer\/","og_site_name":"Colegio Pumahue Temuco","article_publisher":"http:\/\/www.facebook.com\/ColegiosPumahue","article_published_time":"2023-03-08T17:54:03+00:00","og_image":[{"width":836,"height":523,"url":"https:\/\/www.pumahue.cl\/temuco\/wp-content\/uploads\/sites\/49\/2023\/03\/deportistas-2.jpg","type":"image\/jpeg"}],"author":"jorgedelcampo","twitter_card":"summary_large_image","twitter_misc":{"Escrito por":"jorgedelcampo","Tiempo de lectura":"1 minuto"},"schema":{"@context":"https:\/\/schema.org","@graph":[{"@type":"Article","@id":"https:\/\/www.pumahue.cl\/temuco\/noticias\/deportistas-destacadas-en-dia-internacional-de-la-mujer\/#article","isPartOf":{"@id":"https:\/\/www.pumahue.cl\/temuco\/noticias\/deportistas-destacadas-en-dia-internacional-de-la-mujer\/"},"author":{"name":"jorgedelcampo","@id":"https:\/\/www.pumahue.cl\/temuco\/#\/schema\/person\/0debeea140e397b5d490ee7e553255d8"},"headline":"Deportistas destacadas en d\u00eda Internacional de la Mujer","datePublished":"2023-03-08T17:54:03+00:00","mainEntityOfPage":{"@id":"https:\/\/www.pumahue.cl\/temuco\/noticias\/deportistas-destacadas-en-dia-internacional-de-la-mujer\/"},"wordCount":274,"commentCount":0,"publisher":{"@id":"https:\/\/www.pumahue.cl\/temuco\/#organization"},"image":{"@id":"https:\/\/www.pumahue.cl\/temuco\/noticias\/deportistas-destacadas-en-dia-internacional-de-la-mujer\/#primaryimage"},"thumbnailUrl":"https:\/\/www.pumahue.cl\/temuco\/wp-content\/uploads\/sites\/49\/2023\/03\/deportistas-2.jpg","articleSection":["Vida Escolar"],"inLanguage":"es","potentialAction":[{"@type":"CommentAction","name":"Comment","target":["https:\/\/www.pumahue.cl\/temuco\/noticias\/deportistas-destacadas-en-dia-internacional-de-la-mujer\/#respond"]}]},{"@type":"WebPage","@id":"https:\/\/www.pumahue.cl\/temuco\/noticias\/deportistas-destacadas-en-dia-internacional-de-la-mujer\/","url":"https:\/\/www.pumahue.cl\/temuco\/noticias\/deportistas-destacadas-en-dia-internacional-de-la-mujer\/","name":"Deportistas destacadas en d\u00eda Internacional de la Mujer - Colegio Pumahue Temuco","isPartOf":{"@id":"https:\/\/www.pumahue.cl\/temuco\/#website"},"primaryImageOfPage":{"@id":"https:\/\/www.pumahue.cl\/temuco\/noticias\/deportistas-destacadas-en-dia-internacional-de-la-mujer\/#primaryimage"},"image":{"@id":"https:\/\/www.pumahue.cl\/temuco\/noticias\/deportistas-destacadas-en-dia-internacional-de-la-mujer\/#primaryimage"},"thumbnailUrl":"https:\/\/www.pumahue.cl\/temuco\/wp-content\/uploads\/sites\/49\/2023\/03\/deportistas-2.jpg","datePublished":"2023-03-08T17:54:03+00:00","breadcrumb":{"@id":"https:\/\/www.pumahue.cl\/temuco\/noticias\/deportistas-destacadas-en-dia-internacional-de-la-mujer\/#breadcrumb"},"inLanguage":"es","potentialAction":[{"@type":"ReadAction","target":["https:\/\/www.pumahue.cl\/temuco\/noticias\/deportistas-destacadas-en-dia-internacional-de-la-mujer\/"]}]},{"@type":"ImageObject","inLanguage":"es","@id":"https:\/\/www.pumahue.cl\/temuco\/noticias\/deportistas-destacadas-en-dia-internacional-de-la-mujer\/#primaryimage","url":"https:\/\/www.pumahue.cl\/temuco\/wp-content\/uploads\/sites\/49\/2023\/03\/deportistas-2.jpg","contentUrl":"https:\/\/www.pumahue.cl\/temuco\/wp-content\/uploads\/sites\/49\/2023\/03\/deportistas-2.jpg","width":836,"height":523},{"@type":"BreadcrumbList","@id":"https:\/\/www.pumahue.cl\/temuco\/noticias\/deportistas-destacadas-en-dia-internacional-de-la-mujer\/#breadcrumb","itemListElement":[{"@type":"ListItem","position":1,"name":"Home","item":"https:\/\/www.pumahue.cl\/temuco\/"},{"@type":"ListItem","position":2,"name":"Deportistas destacadas en d\u00eda Internacional de la Mujer"}]},{"@type":"WebSite","@id":"https:\/\/www.pumahue.cl\/temuco\/#website","url":"https:\/\/www.pumahue.cl\/temuco\/","name":"Colegio Pumahue Temuco","description":"Parte de Cognita Schools","publisher":{"@id":"https:\/\/www.pumahue.cl\/temuco\/#organization"},"potentialAction":[{"@type":"SearchAction","target":{"@type":"EntryPoint","urlTemplate":"https:\/\/www.pumahue.cl\/temuco\/?s={search_term_string}"},"query-input":{"@type":"PropertyValueSpecification","valueRequired":true,"valueName":"search_term_string"}}],"inLanguage":"es"},{"@type":"Organization","@id":"https:\/\/www.pumahue.cl\/temuco\/#organization","name":"Colegio Pumahue Temuco","url":"https:\/\/www.pumahue.cl\/temuco\/","logo":{"@type":"ImageObject","inLanguage":"es","@id":"https:\/\/www.pumahue.cl\/temuco\/#\/schema\/logo\/image\/","url":"https:\/\/www.pumahue.cl\/temuco\/wp-content\/uploads\/sites\/49\/2025\/02\/cropped-logo_Pumahue_.png","contentUrl":"https:\/\/www.pumahue.cl\/temuco\/wp-content\/uploads\/sites\/49\/2025\/02\/cropped-logo_Pumahue_.png","width":512,"height":512,"caption":"Colegio Pumahue Temuco"},"image":{"@id":"https:\/\/www.pumahue.cl\/temuco\/#\/schema\/logo\/image\/"},"sameAs":["http:\/\/www.facebook.com\/ColegiosPumahue","https:\/\/www.instagram.com\/colegiopumahue_temuco","https:\/\/www.youtube.com\/@CognitaChile"]},{"@type":"Person","@id":"https:\/\/www.pumahue.cl\/temuco\/#\/schema\/person\/0debeea140e397b5d490ee7e553255d8","name":"jorgedelcampo","image":{"@type":"ImageObject","inLanguage":"es","@id":"https:\/\/www.pumahue.cl\/temuco\/#\/schema\/person\/image\/","url":"https:\/\/secure.gravatar.com\/avatar\/4a315f521213b2dc91dbda9bf799f711c8a98ab6f5606ec42cf5b33d1e762e8a?s=96&d=mm&r=g","contentUrl":"https:\/\/secure.gravatar.com\/avatar\/4a315f521213b2dc91dbda9bf799f711c8a98ab6f5606ec42cf5b33d1e762e8a?s=96&d=mm&r=g","caption":"jorgedelcampo"}}]}},"jetpack_featured_media_url":"https:\/\/www.pumahue.cl\/temuco\/wp-content\/uploads\/sites\/49\/2023\/03\/deportistas-2.jpg","previous_post_ID":22799,"previous_post_title":"Conversatorio con Mujeres L\u00edderes de La Araucan\u00eda","previous_post_excerpt":"Esta ma\u00f1ana se desarroll\u00f3 una interesante instancia de conversaci\u00f3n para conmemorar el d\u00eda de la mujer. Para ello, el equipo de convivencia escolar impuls\u00f3 un conversatorio con cuatro mujeres destacadas de nuestra regi\u00f3n, todas apoderadas del Colegio, quienes a fines de noviembre del a\u00f1o 2022 fueron reconocidas entre las 100 mujeres de La Araucan\u00eda por [&hellip;]","previous_post_link":"https:\/\/www.pumahue.cl\/temuco\/noticias\/conversatorio-con-mujeres-lideres-de-la-araucania\/","previous_post_class":["post-22799","post","type-post","status-publish","format-standard","has-post-thumbnail","hentry","category-vida-escolar"],"next_post_ID":22811,"next_post_title":"Mujeres de la historia presentes en el Pumahue","next_post_excerpt":"En el d\u00eda Internacional de la mujer, las profesoras de nuestro colegio realizaron interesantes actividades vinculas con relevar la vida y acciones de mujeres poderosas en la historia, por su legado, lucha y compromiso social. De esta manera, se hizo presente en el hall central de nuestro colegio personajes como: Coco Channel, Frida Kalo, Marie [&hellip;]","next_post_link":"https:\/\/www.pumahue.cl\/temuco\/noticias\/mujeres-de-la-historia-presentes-en-el-pumahue\/","next_post_class":["post-22811","post","type-post","status-publish","format-standard","has-post-thumbnail","hentry","category-vida-escolar"],"jetpack_sharing_enabled":true,"_links":{"self":[{"href":"https:\/\/www.pumahue.cl\/temuco\/wp-json\/wp\/v2\/posts\/22805","targetHints":{"allow":["GET"]}}],"collection":[{"href":"https:\/\/www.pumahue.cl\/temuco\/wp-json\/wp\/v2\/posts"}],"about":[{"href":"https:\/\/www.pumahue.cl\/temuco\/wp-json\/wp\/v2\/types\/post"}],"author":[{"embeddable":true,"href":"https:\/\/www.pumahue.cl\/temuco\/wp-json\/wp\/v2\/users\/14"}],"replies":[{"embeddable":true,"href":"https:\/\/www.pumahue.cl\/temuco\/wp-json\/wp\/v2\/comments?post=22805"}],"version-history":[{"count":0,"href":"https:\/\/www.pumahue.cl\/temuco\/wp-json\/wp\/v2\/posts\/22805\/revisions"}],"wp:featuredmedia":[{"embeddable":true,"href":"https:\/\/www.pumahue.cl\/temuco\/wp-json\/wp\/v2\/media\/22806"}],"wp:attachment":[{"href":"https:\/\/www.pumahue.cl\/temuco\/wp-json\/wp\/v2\/media?parent=22805"}],"wp:term":[{"taxonomy":"category","embeddable":true,"href":"https:\/\/www.pumahue.cl\/temuco\/wp-json\/wp\/v2\/categories?post=22805"},{"taxonomy":"post_tag","embeddable":true,"href":"https:\/\/www.pumahue.cl\/temuco\/wp-json\/wp\/v2\/tags?post=22805"}],"curies":[{"name":"wp","href":"https:\/\/api.w.org\/{rel}","templated":true}]}}