{"id":23274,"date":"2023-05-22T16:17:55","date_gmt":"2023-05-22T20:17:55","guid":{"rendered":"http:\/\/pumahue.cl\/temuco\/?p=23274"},"modified":"2023-05-22T16:17:55","modified_gmt":"2023-05-22T20:17:55","slug":"conexion-mundial-por-el-cambio-climatico","status":"publish","type":"post","link":"https:\/\/www.pumahue.cl\/temuco\/noticias\/conexion-mundial-por-el-cambio-climatico\/","title":{"rendered":"Conexi\u00f3n mundial por el cambio clim\u00e1tico"},"content":{"rendered":"<p>Nuestro Colegio en el d\u00eda de hoy, lunes 22 de mayo,  particip\u00f3 de TED-ED Connect Week: Climate Edition!, instancia que busca conectar a estudiantes de todo el mundo en una conversaci\u00f3n en torno al tema del cambio clim\u00e1tico.<\/p>\n<p>Amanda Zablah, estudiante de II\u00b0 medio B, se registr\u00f3 para participar de este encuentro online, motivada por su inter\u00e9s en la ciencia y su excelente nivel de ingl\u00e9s. Cabe se\u00f1alar, que en este encuentro participan estudiantes de India, Pakistan, Arabia Saudita, Korea del Sur, Estados Unidos y nuestro pa\u00eds.<\/p>\n<p>Nuestro Colegio Pumahue de Temuco participa como miembro de TEDEd Student Talks. Es una actividad que sin duda brinda la oportunidad de conversar alrededor de una tem\u00e1tica sensible y de gran importancia para nuestro continente.<\/p>\n"},"excerpt":{"rendered":"<p>Nuestro Colegio en el d\u00eda de hoy, lunes 22 de mayo, particip\u00f3 de TED-ED Connect Week: Climate Edition!, instancia que busca conectar a estudiantes de todo el mundo en una conversaci\u00f3n en torno al tema del cambio clim\u00e1tico. Amanda Zablah, estudiante de II\u00b0 medio B, se registr\u00f3 para participar de este encuentro online, motivada por [&hellip;]<\/p>\n","protected":false},"author":14,"featured_media":23275,"comment_status":"open","ping_status":"open","sticky":false,"template":"","format":"standard","meta":{"_acf_changed":false,"content-type":"","_jetpack_memberships_contains_paid_content":false,"footnotes":""},"categories":[1],"tags":[],"class_list":["post-23274","post","type-post","status-publish","format-standard","has-post-thumbnail","hentry","category-vida-escolar"],"acf":[],"yoast_head":"<!-- This site is optimized with the Yoast SEO plugin v27.1.1 - https:\/\/yoast.com\/product\/yoast-seo-wordpress\/ -->\n<title>Conexi\u00f3n mundial por el cambio clim\u00e1tico - Colegio Pumahue Temuco<\/title>\n<meta name=\"robots\" content=\"index, follow, max-snippet:-1, max-image-preview:large, max-video-preview:-1\" \/>\n<link rel=\"canonical\" href=\"https:\/\/www.pumahue.cl\/temuco\/noticias\/conexion-mundial-por-el-cambio-climatico\/\" \/>\n<meta property=\"og:locale\" content=\"es_ES\" \/>\n<meta property=\"og:type\" content=\"article\" \/>\n<meta property=\"og:title\" content=\"Conexi\u00f3n mundial por el cambio clim\u00e1tico - Colegio Pumahue Temuco\" \/>\n<meta property=\"og:description\" content=\"Nuestro Colegio en el d\u00eda de hoy, lunes 22 de mayo, particip\u00f3 de TED-ED Connect Week: Climate Edition!, instancia que busca conectar a estudiantes de todo el mundo en una conversaci\u00f3n en torno al tema del cambio clim\u00e1tico. Amanda Zablah, estudiante de II\u00b0 medio B, se registr\u00f3 para participar de este encuentro online, motivada por [&hellip;]\" \/>\n<meta property=\"og:url\" content=\"https:\/\/www.pumahue.cl\/temuco\/noticias\/conexion-mundial-por-el-cambio-climatico\/\" \/>\n<meta property=\"og:site_name\" content=\"Colegio Pumahue Temuco\" \/>\n<meta property=\"article:publisher\" content=\"http:\/\/www.facebook.com\/ColegiosPumahue\" \/>\n<meta property=\"article:published_time\" content=\"2023-05-22T20:17:55+00:00\" \/>\n<meta property=\"og:image\" content=\"https:\/\/www.pumahue.cl\/temuco\/wp-content\/uploads\/sites\/49\/2025\/02\/cropped-logo_Pumahue_.png\" \/>\n\t<meta property=\"og:image:width\" content=\"512\" \/>\n\t<meta property=\"og:image:height\" content=\"512\" \/>\n\t<meta property=\"og:image:type\" content=\"image\/png\" \/>\n<meta name=\"author\" content=\"jorgedelcampo\" \/>\n<meta name=\"twitter:card\" content=\"summary_large_image\" \/>\n<meta name=\"twitter:label1\" content=\"Escrito por\" \/>\n\t<meta name=\"twitter:data1\" content=\"jorgedelcampo\" \/>\n\t<meta name=\"twitter:label2\" content=\"Tiempo de lectura\" \/>\n\t<meta name=\"twitter:data2\" content=\"1 minuto\" \/>\n<script type=\"application\/ld+json\" class=\"yoast-schema-graph\">{\"@context\":\"https:\/\/schema.org\",\"@graph\":[{\"@type\":\"Article\",\"@id\":\"https:\/\/www.pumahue.cl\/temuco\/noticias\/conexion-mundial-por-el-cambio-climatico\/#article\",\"isPartOf\":{\"@id\":\"https:\/\/www.pumahue.cl\/temuco\/noticias\/conexion-mundial-por-el-cambio-climatico\/\"},\"author\":{\"name\":\"jorgedelcampo\",\"@id\":\"https:\/\/www.pumahue.cl\/temuco\/#\/schema\/person\/0debeea140e397b5d490ee7e553255d8\"},\"headline\":\"Conexi\u00f3n mundial por el cambio clim\u00e1tico\",\"datePublished\":\"2023-05-22T20:17:55+00:00\",\"mainEntityOfPage\":{\"@id\":\"https:\/\/www.pumahue.cl\/temuco\/noticias\/conexion-mundial-por-el-cambio-climatico\/\"},\"wordCount\":137,\"commentCount\":0,\"publisher\":{\"@id\":\"https:\/\/www.pumahue.cl\/temuco\/#organization\"},\"image\":{\"@id\":\"https:\/\/www.pumahue.cl\/temuco\/noticias\/conexion-mundial-por-el-cambio-climatico\/#primaryimage\"},\"thumbnailUrl\":\"\",\"articleSection\":[\"Vida Escolar\"],\"inLanguage\":\"es\",\"potentialAction\":[{\"@type\":\"CommentAction\",\"name\":\"Comment\",\"target\":[\"https:\/\/www.pumahue.cl\/temuco\/noticias\/conexion-mundial-por-el-cambio-climatico\/#respond\"]}]},{\"@type\":\"WebPage\",\"@id\":\"https:\/\/www.pumahue.cl\/temuco\/noticias\/conexion-mundial-por-el-cambio-climatico\/\",\"url\":\"https:\/\/www.pumahue.cl\/temuco\/noticias\/conexion-mundial-por-el-cambio-climatico\/\",\"name\":\"Conexi\u00f3n mundial por el cambio clim\u00e1tico - Colegio Pumahue Temuco\",\"isPartOf\":{\"@id\":\"https:\/\/www.pumahue.cl\/temuco\/#website\"},\"primaryImageOfPage\":{\"@id\":\"https:\/\/www.pumahue.cl\/temuco\/noticias\/conexion-mundial-por-el-cambio-climatico\/#primaryimage\"},\"image\":{\"@id\":\"https:\/\/www.pumahue.cl\/temuco\/noticias\/conexion-mundial-por-el-cambio-climatico\/#primaryimage\"},\"thumbnailUrl\":\"\",\"datePublished\":\"2023-05-22T20:17:55+00:00\",\"breadcrumb\":{\"@id\":\"https:\/\/www.pumahue.cl\/temuco\/noticias\/conexion-mundial-por-el-cambio-climatico\/#breadcrumb\"},\"inLanguage\":\"es\",\"potentialAction\":[{\"@type\":\"ReadAction\",\"target\":[\"https:\/\/www.pumahue.cl\/temuco\/noticias\/conexion-mundial-por-el-cambio-climatico\/\"]}]},{\"@type\":\"ImageObject\",\"inLanguage\":\"es\",\"@id\":\"https:\/\/www.pumahue.cl\/temuco\/noticias\/conexion-mundial-por-el-cambio-climatico\/#primaryimage\",\"url\":\"\",\"contentUrl\":\"\"},{\"@type\":\"BreadcrumbList\",\"@id\":\"https:\/\/www.pumahue.cl\/temuco\/noticias\/conexion-mundial-por-el-cambio-climatico\/#breadcrumb\",\"itemListElement\":[{\"@type\":\"ListItem\",\"position\":1,\"name\":\"Home\",\"item\":\"https:\/\/www.pumahue.cl\/temuco\/\"},{\"@type\":\"ListItem\",\"position\":2,\"name\":\"Conexi\u00f3n mundial por el cambio clim\u00e1tico\"}]},{\"@type\":\"WebSite\",\"@id\":\"https:\/\/www.pumahue.cl\/temuco\/#website\",\"url\":\"https:\/\/www.pumahue.cl\/temuco\/\",\"name\":\"Colegio Pumahue Temuco\",\"description\":\"Parte de Cognita Schools\",\"publisher\":{\"@id\":\"https:\/\/www.pumahue.cl\/temuco\/#organization\"},\"potentialAction\":[{\"@type\":\"SearchAction\",\"target\":{\"@type\":\"EntryPoint\",\"urlTemplate\":\"https:\/\/www.pumahue.cl\/temuco\/?s={search_term_string}\"},\"query-input\":{\"@type\":\"PropertyValueSpecification\",\"valueRequired\":true,\"valueName\":\"search_term_string\"}}],\"inLanguage\":\"es\"},{\"@type\":\"Organization\",\"@id\":\"https:\/\/www.pumahue.cl\/temuco\/#organization\",\"name\":\"Colegio Pumahue Temuco\",\"url\":\"https:\/\/www.pumahue.cl\/temuco\/\",\"logo\":{\"@type\":\"ImageObject\",\"inLanguage\":\"es\",\"@id\":\"https:\/\/www.pumahue.cl\/temuco\/#\/schema\/logo\/image\/\",\"url\":\"https:\/\/www.pumahue.cl\/temuco\/wp-content\/uploads\/sites\/49\/2025\/02\/cropped-logo_Pumahue_.png\",\"contentUrl\":\"https:\/\/www.pumahue.cl\/temuco\/wp-content\/uploads\/sites\/49\/2025\/02\/cropped-logo_Pumahue_.png\",\"width\":512,\"height\":512,\"caption\":\"Colegio Pumahue Temuco\"},\"image\":{\"@id\":\"https:\/\/www.pumahue.cl\/temuco\/#\/schema\/logo\/image\/\"},\"sameAs\":[\"http:\/\/www.facebook.com\/ColegiosPumahue\",\"https:\/\/www.instagram.com\/colegiopumahue_temuco\",\"https:\/\/www.youtube.com\/@CognitaChile\"]},{\"@type\":\"Person\",\"@id\":\"https:\/\/www.pumahue.cl\/temuco\/#\/schema\/person\/0debeea140e397b5d490ee7e553255d8\",\"name\":\"jorgedelcampo\",\"image\":{\"@type\":\"ImageObject\",\"inLanguage\":\"es\",\"@id\":\"https:\/\/www.pumahue.cl\/temuco\/#\/schema\/person\/image\/\",\"url\":\"https:\/\/secure.gravatar.com\/avatar\/4a315f521213b2dc91dbda9bf799f711c8a98ab6f5606ec42cf5b33d1e762e8a?s=96&d=mm&r=g\",\"contentUrl\":\"https:\/\/secure.gravatar.com\/avatar\/4a315f521213b2dc91dbda9bf799f711c8a98ab6f5606ec42cf5b33d1e762e8a?s=96&d=mm&r=g\",\"caption\":\"jorgedelcampo\"}}]}<\/script>\n<!-- \/ Yoast SEO plugin. -->","yoast_head_json":{"title":"Conexi\u00f3n mundial por el cambio clim\u00e1tico - Colegio Pumahue Temuco","robots":{"index":"index","follow":"follow","max-snippet":"max-snippet:-1","max-image-preview":"max-image-preview:large","max-video-preview":"max-video-preview:-1"},"canonical":"https:\/\/www.pumahue.cl\/temuco\/noticias\/conexion-mundial-por-el-cambio-climatico\/","og_locale":"es_ES","og_type":"article","og_title":"Conexi\u00f3n mundial por el cambio clim\u00e1tico - Colegio Pumahue Temuco","og_description":"Nuestro Colegio en el d\u00eda de hoy, lunes 22 de mayo, particip\u00f3 de TED-ED Connect Week: Climate Edition!, instancia que busca conectar a estudiantes de todo el mundo en una conversaci\u00f3n en torno al tema del cambio clim\u00e1tico. Amanda Zablah, estudiante de II\u00b0 medio B, se registr\u00f3 para participar de este encuentro online, motivada por [&hellip;]","og_url":"https:\/\/www.pumahue.cl\/temuco\/noticias\/conexion-mundial-por-el-cambio-climatico\/","og_site_name":"Colegio Pumahue Temuco","article_publisher":"http:\/\/www.facebook.com\/ColegiosPumahue","article_published_time":"2023-05-22T20:17:55+00:00","og_image":[{"width":512,"height":512,"url":"https:\/\/www.pumahue.cl\/temuco\/wp-content\/uploads\/sites\/49\/2025\/02\/cropped-logo_Pumahue_.png","type":"image\/png"}],"author":"jorgedelcampo","twitter_card":"summary_large_image","twitter_misc":{"Escrito por":"jorgedelcampo","Tiempo de lectura":"1 minuto"},"schema":{"@context":"https:\/\/schema.org","@graph":[{"@type":"Article","@id":"https:\/\/www.pumahue.cl\/temuco\/noticias\/conexion-mundial-por-el-cambio-climatico\/#article","isPartOf":{"@id":"https:\/\/www.pumahue.cl\/temuco\/noticias\/conexion-mundial-por-el-cambio-climatico\/"},"author":{"name":"jorgedelcampo","@id":"https:\/\/www.pumahue.cl\/temuco\/#\/schema\/person\/0debeea140e397b5d490ee7e553255d8"},"headline":"Conexi\u00f3n mundial por el cambio clim\u00e1tico","datePublished":"2023-05-22T20:17:55+00:00","mainEntityOfPage":{"@id":"https:\/\/www.pumahue.cl\/temuco\/noticias\/conexion-mundial-por-el-cambio-climatico\/"},"wordCount":137,"commentCount":0,"publisher":{"@id":"https:\/\/www.pumahue.cl\/temuco\/#organization"},"image":{"@id":"https:\/\/www.pumahue.cl\/temuco\/noticias\/conexion-mundial-por-el-cambio-climatico\/#primaryimage"},"thumbnailUrl":"","articleSection":["Vida Escolar"],"inLanguage":"es","potentialAction":[{"@type":"CommentAction","name":"Comment","target":["https:\/\/www.pumahue.cl\/temuco\/noticias\/conexion-mundial-por-el-cambio-climatico\/#respond"]}]},{"@type":"WebPage","@id":"https:\/\/www.pumahue.cl\/temuco\/noticias\/conexion-mundial-por-el-cambio-climatico\/","url":"https:\/\/www.pumahue.cl\/temuco\/noticias\/conexion-mundial-por-el-cambio-climatico\/","name":"Conexi\u00f3n mundial por el cambio clim\u00e1tico - Colegio Pumahue Temuco","isPartOf":{"@id":"https:\/\/www.pumahue.cl\/temuco\/#website"},"primaryImageOfPage":{"@id":"https:\/\/www.pumahue.cl\/temuco\/noticias\/conexion-mundial-por-el-cambio-climatico\/#primaryimage"},"image":{"@id":"https:\/\/www.pumahue.cl\/temuco\/noticias\/conexion-mundial-por-el-cambio-climatico\/#primaryimage"},"thumbnailUrl":"","datePublished":"2023-05-22T20:17:55+00:00","breadcrumb":{"@id":"https:\/\/www.pumahue.cl\/temuco\/noticias\/conexion-mundial-por-el-cambio-climatico\/#breadcrumb"},"inLanguage":"es","potentialAction":[{"@type":"ReadAction","target":["https:\/\/www.pumahue.cl\/temuco\/noticias\/conexion-mundial-por-el-cambio-climatico\/"]}]},{"@type":"ImageObject","inLanguage":"es","@id":"https:\/\/www.pumahue.cl\/temuco\/noticias\/conexion-mundial-por-el-cambio-climatico\/#primaryimage","url":"","contentUrl":""},{"@type":"BreadcrumbList","@id":"https:\/\/www.pumahue.cl\/temuco\/noticias\/conexion-mundial-por-el-cambio-climatico\/#breadcrumb","itemListElement":[{"@type":"ListItem","position":1,"name":"Home","item":"https:\/\/www.pumahue.cl\/temuco\/"},{"@type":"ListItem","position":2,"name":"Conexi\u00f3n mundial por el cambio clim\u00e1tico"}]},{"@type":"WebSite","@id":"https:\/\/www.pumahue.cl\/temuco\/#website","url":"https:\/\/www.pumahue.cl\/temuco\/","name":"Colegio Pumahue Temuco","description":"Parte de Cognita Schools","publisher":{"@id":"https:\/\/www.pumahue.cl\/temuco\/#organization"},"potentialAction":[{"@type":"SearchAction","target":{"@type":"EntryPoint","urlTemplate":"https:\/\/www.pumahue.cl\/temuco\/?s={search_term_string}"},"query-input":{"@type":"PropertyValueSpecification","valueRequired":true,"valueName":"search_term_string"}}],"inLanguage":"es"},{"@type":"Organization","@id":"https:\/\/www.pumahue.cl\/temuco\/#organization","name":"Colegio Pumahue Temuco","url":"https:\/\/www.pumahue.cl\/temuco\/","logo":{"@type":"ImageObject","inLanguage":"es","@id":"https:\/\/www.pumahue.cl\/temuco\/#\/schema\/logo\/image\/","url":"https:\/\/www.pumahue.cl\/temuco\/wp-content\/uploads\/sites\/49\/2025\/02\/cropped-logo_Pumahue_.png","contentUrl":"https:\/\/www.pumahue.cl\/temuco\/wp-content\/uploads\/sites\/49\/2025\/02\/cropped-logo_Pumahue_.png","width":512,"height":512,"caption":"Colegio Pumahue Temuco"},"image":{"@id":"https:\/\/www.pumahue.cl\/temuco\/#\/schema\/logo\/image\/"},"sameAs":["http:\/\/www.facebook.com\/ColegiosPumahue","https:\/\/www.instagram.com\/colegiopumahue_temuco","https:\/\/www.youtube.com\/@CognitaChile"]},{"@type":"Person","@id":"https:\/\/www.pumahue.cl\/temuco\/#\/schema\/person\/0debeea140e397b5d490ee7e553255d8","name":"jorgedelcampo","image":{"@type":"ImageObject","inLanguage":"es","@id":"https:\/\/www.pumahue.cl\/temuco\/#\/schema\/person\/image\/","url":"https:\/\/secure.gravatar.com\/avatar\/4a315f521213b2dc91dbda9bf799f711c8a98ab6f5606ec42cf5b33d1e762e8a?s=96&d=mm&r=g","contentUrl":"https:\/\/secure.gravatar.com\/avatar\/4a315f521213b2dc91dbda9bf799f711c8a98ab6f5606ec42cf5b33d1e762e8a?s=96&d=mm&r=g","caption":"jorgedelcampo"}}]}},"jetpack_featured_media_url":"","previous_post_ID":23405,"previous_post_title":"Nuevo integrante al equipo de inspectores","previous_post_excerpt":"Les informamos que hemos ampliado nuestro equipo de inspectores para fortalecer la convivencia escolar en nuestro colegio. Por ello, le damos la bienvenida a Mr. Manuel Bello Leal, quien estar\u00e1 especialmente encargado de atender los requerimientos de los estudiantes de 6to a 8vo b\u00e1sico. Sin duda su experiencia y dedicaci\u00f3n ser\u00e1n un gran aporte para [&hellip;]","previous_post_link":"https:\/\/www.pumahue.cl\/temuco\/noticias\/nuevo-integrante-al-equipo-de-inspectores\/","previous_post_class":["post-23405","post","type-post","status-publish","format-standard","has-post-thumbnail","hentry","category-vida-escolar"],"next_post_ID":23278,"next_post_title":"Estudiantes vivieron la m\u00fasica cl\u00e1sica en el Municipal","next_post_excerpt":"En el marco de la semana de la educaci\u00f3n art\u00edstica, estudiantes de 3\u00b0 b\u00e1sico A y 5\u00b0 b\u00e1sico C asistieron a un concierto de la Orquesta Filarm\u00f3nica, en el Teatro Municipal de Temuco. La orquesta interpret\u00f3 m\u00fasica de Wolfgang Amadeus Mozart y la entidad art\u00edstica estuvo bajo la direcci\u00f3n del connotado Director de Orquesta Temuquense, [&hellip;]","next_post_link":"https:\/\/www.pumahue.cl\/temuco\/noticias\/estudiantes-vivieron-la-musica-clasica-en-el-municipal\/","next_post_class":["post-23278","post","type-post","status-publish","format-standard","has-post-thumbnail","hentry","category-vida-escolar"],"jetpack_sharing_enabled":true,"_links":{"self":[{"href":"https:\/\/www.pumahue.cl\/temuco\/wp-json\/wp\/v2\/posts\/23274","targetHints":{"allow":["GET"]}}],"collection":[{"href":"https:\/\/www.pumahue.cl\/temuco\/wp-json\/wp\/v2\/posts"}],"about":[{"href":"https:\/\/www.pumahue.cl\/temuco\/wp-json\/wp\/v2\/types\/post"}],"author":[{"embeddable":true,"href":"https:\/\/www.pumahue.cl\/temuco\/wp-json\/wp\/v2\/users\/14"}],"replies":[{"embeddable":true,"href":"https:\/\/www.pumahue.cl\/temuco\/wp-json\/wp\/v2\/comments?post=23274"}],"version-history":[{"count":0,"href":"https:\/\/www.pumahue.cl\/temuco\/wp-json\/wp\/v2\/posts\/23274\/revisions"}],"wp:featuredmedia":[{"embeddable":true,"href":"https:\/\/www.pumahue.cl\/temuco\/wp-json\/"}],"wp:attachment":[{"href":"https:\/\/www.pumahue.cl\/temuco\/wp-json\/wp\/v2\/media?parent=23274"}],"wp:term":[{"taxonomy":"category","embeddable":true,"href":"https:\/\/www.pumahue.cl\/temuco\/wp-json\/wp\/v2\/categories?post=23274"},{"taxonomy":"post_tag","embeddable":true,"href":"https:\/\/www.pumahue.cl\/temuco\/wp-json\/wp\/v2\/tags?post=23274"}],"curies":[{"name":"wp","href":"https:\/\/api.w.org\/{rel}","templated":true}]}}