{"id":23289,"date":"2023-05-29T09:52:59","date_gmt":"2023-05-29T13:52:59","guid":{"rendered":"http:\/\/pumahue.cl\/temuco\/?p=23289"},"modified":"2023-05-29T09:52:59","modified_gmt":"2023-05-29T13:52:59","slug":"exitosa-cicletada-familiar-del-colegio-pumahue-en-temuco","status":"publish","type":"post","link":"https:\/\/www.pumahue.cl\/temuco\/noticias\/exitosa-cicletada-familiar-del-colegio-pumahue-en-temuco\/","title":{"rendered":"Exitosa cicletada familiar del Colegio Pumahue en Temuco"},"content":{"rendered":"<p style=\"font-weight: 400\">A pesar de las altas temperaturas, nada pudo detener la energ\u00eda, la alegr\u00eda y la motivaci\u00f3n de los participantes de la nueva versi\u00f3n de la Cicletada Familiar  del Colegio Pumahue de Temuco.<\/p>\n<p style=\"font-weight: 400\">El evento reuni\u00f3 a cientos de ni\u00f1os, ni\u00f1as, pap\u00e1s y mam\u00e1s deportistas, todos ellos dispuestos a recorrer las rutas establecidas para esta ocasi\u00f3n. Los m\u00e1s peque\u00f1os realizaron un recorrido de 2 kil\u00f3metros que comenz\u00f3 en Mart\u00edn Lutero hasta Los Pablos; mientras que los m\u00e1s grandes desafiaron sus habilidades en una ruta de 5 kil\u00f3metros que incluy\u00f3: Mart\u00edn Lutero, Los Pablos, Las Encinas, Los Conquistadores y Gabriela Mistral. A pesar del fr\u00edo, el entusiasmo y la determinaci\u00f3n fueron los protagonistas de la jornada.<\/p>\n<p style=\"font-weight: 400\">Al cumplir con la ruta, los participantes se hidrataron y disfrutaron de alimentos saludables como manzanas y pl\u00e1tanos que les ayud\u00f3 a reponer energ\u00eda para participar de la premiaci\u00f3n, ocasi\u00f3n en que se premi\u00f3 a los competidores con las bicicletas decoradas de manera m\u00e1s creativa, adem\u00e1s de participar en un sorteo donde se entreg\u00f3 una bicicleta Aro 26, entregada por la Universidad Aut\u00f3noma de Chile.<\/p>\n<p style=\"font-weight: 400\">La cicletada familiar del Colegio Pumahue es una iniciativa que promueve el deporte, la vida activa y la convivencia familiar. Es un espacio donde padres e hijos comparten momentos de diversi\u00f3n, fortalecen los lazos familiares y fomentan h\u00e1bitos saludables. \u00a1Los esperamos en otro evento deportivo!<\/p>\n"},"excerpt":{"rendered":"<p>A pesar de las altas temperaturas, nada pudo detener la energ\u00eda, la alegr\u00eda y la motivaci\u00f3n de los participantes de la nueva versi\u00f3n de la Cicletada Familiar del Colegio Pumahue de Temuco. El evento reuni\u00f3 a cientos de ni\u00f1os, ni\u00f1as, pap\u00e1s y mam\u00e1s deportistas, todos ellos dispuestos a recorrer las rutas establecidas para esta ocasi\u00f3n. [&hellip;]<\/p>\n","protected":false},"author":14,"featured_media":23290,"comment_status":"open","ping_status":"open","sticky":false,"template":"","format":"standard","meta":{"_acf_changed":false,"content-type":"","_jetpack_memberships_contains_paid_content":false,"footnotes":""},"categories":[1],"tags":[],"class_list":["post-23289","post","type-post","status-publish","format-standard","has-post-thumbnail","hentry","category-vida-escolar"],"acf":[],"yoast_head":"<!-- This site is optimized with the Yoast SEO plugin v27.1.1 - https:\/\/yoast.com\/product\/yoast-seo-wordpress\/ -->\n<title>Exitosa cicletada familiar del Colegio Pumahue en Temuco - Colegio Pumahue Temuco<\/title>\n<meta name=\"robots\" content=\"index, follow, max-snippet:-1, max-image-preview:large, max-video-preview:-1\" \/>\n<link rel=\"canonical\" href=\"https:\/\/www.pumahue.cl\/temuco\/noticias\/exitosa-cicletada-familiar-del-colegio-pumahue-en-temuco\/\" \/>\n<meta property=\"og:locale\" content=\"es_ES\" \/>\n<meta property=\"og:type\" content=\"article\" \/>\n<meta property=\"og:title\" content=\"Exitosa cicletada familiar del Colegio Pumahue en Temuco - Colegio Pumahue Temuco\" \/>\n<meta property=\"og:description\" content=\"A pesar de las altas temperaturas, nada pudo detener la energ\u00eda, la alegr\u00eda y la motivaci\u00f3n de los participantes de la nueva versi\u00f3n de la Cicletada Familiar del Colegio Pumahue de Temuco. El evento reuni\u00f3 a cientos de ni\u00f1os, ni\u00f1as, pap\u00e1s y mam\u00e1s deportistas, todos ellos dispuestos a recorrer las rutas establecidas para esta ocasi\u00f3n. [&hellip;]\" \/>\n<meta property=\"og:url\" content=\"https:\/\/www.pumahue.cl\/temuco\/noticias\/exitosa-cicletada-familiar-del-colegio-pumahue-en-temuco\/\" \/>\n<meta property=\"og:site_name\" content=\"Colegio Pumahue Temuco\" \/>\n<meta property=\"article:publisher\" content=\"http:\/\/www.facebook.com\/ColegiosPumahue\" \/>\n<meta property=\"article:published_time\" content=\"2023-05-29T13:52:59+00:00\" \/>\n<meta property=\"og:image\" content=\"https:\/\/www.pumahue.cl\/temuco\/wp-content\/uploads\/sites\/49\/2023\/05\/Cicletada-7.jpg\" \/>\n\t<meta property=\"og:image:width\" content=\"836\" \/>\n\t<meta property=\"og:image:height\" content=\"523\" \/>\n\t<meta property=\"og:image:type\" content=\"image\/jpeg\" \/>\n<meta name=\"author\" content=\"jorgedelcampo\" \/>\n<meta name=\"twitter:card\" content=\"summary_large_image\" \/>\n<meta name=\"twitter:label1\" content=\"Escrito por\" \/>\n\t<meta name=\"twitter:data1\" content=\"jorgedelcampo\" \/>\n\t<meta name=\"twitter:label2\" content=\"Tiempo de lectura\" \/>\n\t<meta name=\"twitter:data2\" content=\"1 minuto\" \/>\n<script type=\"application\/ld+json\" class=\"yoast-schema-graph\">{\"@context\":\"https:\/\/schema.org\",\"@graph\":[{\"@type\":\"Article\",\"@id\":\"https:\/\/www.pumahue.cl\/temuco\/noticias\/exitosa-cicletada-familiar-del-colegio-pumahue-en-temuco\/#article\",\"isPartOf\":{\"@id\":\"https:\/\/www.pumahue.cl\/temuco\/noticias\/exitosa-cicletada-familiar-del-colegio-pumahue-en-temuco\/\"},\"author\":{\"name\":\"jorgedelcampo\",\"@id\":\"https:\/\/www.pumahue.cl\/temuco\/#\/schema\/person\/0debeea140e397b5d490ee7e553255d8\"},\"headline\":\"Exitosa cicletada familiar del Colegio Pumahue en Temuco\",\"datePublished\":\"2023-05-29T13:52:59+00:00\",\"mainEntityOfPage\":{\"@id\":\"https:\/\/www.pumahue.cl\/temuco\/noticias\/exitosa-cicletada-familiar-del-colegio-pumahue-en-temuco\/\"},\"wordCount\":256,\"commentCount\":0,\"publisher\":{\"@id\":\"https:\/\/www.pumahue.cl\/temuco\/#organization\"},\"image\":{\"@id\":\"https:\/\/www.pumahue.cl\/temuco\/noticias\/exitosa-cicletada-familiar-del-colegio-pumahue-en-temuco\/#primaryimage\"},\"thumbnailUrl\":\"https:\/\/www.pumahue.cl\/temuco\/wp-content\/uploads\/sites\/49\/2023\/05\/Cicletada-7.jpg\",\"articleSection\":[\"Vida Escolar\"],\"inLanguage\":\"es\",\"potentialAction\":[{\"@type\":\"CommentAction\",\"name\":\"Comment\",\"target\":[\"https:\/\/www.pumahue.cl\/temuco\/noticias\/exitosa-cicletada-familiar-del-colegio-pumahue-en-temuco\/#respond\"]}]},{\"@type\":\"WebPage\",\"@id\":\"https:\/\/www.pumahue.cl\/temuco\/noticias\/exitosa-cicletada-familiar-del-colegio-pumahue-en-temuco\/\",\"url\":\"https:\/\/www.pumahue.cl\/temuco\/noticias\/exitosa-cicletada-familiar-del-colegio-pumahue-en-temuco\/\",\"name\":\"Exitosa cicletada familiar del Colegio Pumahue en Temuco - Colegio Pumahue Temuco\",\"isPartOf\":{\"@id\":\"https:\/\/www.pumahue.cl\/temuco\/#website\"},\"primaryImageOfPage\":{\"@id\":\"https:\/\/www.pumahue.cl\/temuco\/noticias\/exitosa-cicletada-familiar-del-colegio-pumahue-en-temuco\/#primaryimage\"},\"image\":{\"@id\":\"https:\/\/www.pumahue.cl\/temuco\/noticias\/exitosa-cicletada-familiar-del-colegio-pumahue-en-temuco\/#primaryimage\"},\"thumbnailUrl\":\"https:\/\/www.pumahue.cl\/temuco\/wp-content\/uploads\/sites\/49\/2023\/05\/Cicletada-7.jpg\",\"datePublished\":\"2023-05-29T13:52:59+00:00\",\"breadcrumb\":{\"@id\":\"https:\/\/www.pumahue.cl\/temuco\/noticias\/exitosa-cicletada-familiar-del-colegio-pumahue-en-temuco\/#breadcrumb\"},\"inLanguage\":\"es\",\"potentialAction\":[{\"@type\":\"ReadAction\",\"target\":[\"https:\/\/www.pumahue.cl\/temuco\/noticias\/exitosa-cicletada-familiar-del-colegio-pumahue-en-temuco\/\"]}]},{\"@type\":\"ImageObject\",\"inLanguage\":\"es\",\"@id\":\"https:\/\/www.pumahue.cl\/temuco\/noticias\/exitosa-cicletada-familiar-del-colegio-pumahue-en-temuco\/#primaryimage\",\"url\":\"https:\/\/www.pumahue.cl\/temuco\/wp-content\/uploads\/sites\/49\/2023\/05\/Cicletada-7.jpg\",\"contentUrl\":\"https:\/\/www.pumahue.cl\/temuco\/wp-content\/uploads\/sites\/49\/2023\/05\/Cicletada-7.jpg\",\"width\":836,\"height\":523},{\"@type\":\"BreadcrumbList\",\"@id\":\"https:\/\/www.pumahue.cl\/temuco\/noticias\/exitosa-cicletada-familiar-del-colegio-pumahue-en-temuco\/#breadcrumb\",\"itemListElement\":[{\"@type\":\"ListItem\",\"position\":1,\"name\":\"Home\",\"item\":\"https:\/\/www.pumahue.cl\/temuco\/\"},{\"@type\":\"ListItem\",\"position\":2,\"name\":\"Exitosa cicletada familiar del Colegio Pumahue en Temuco\"}]},{\"@type\":\"WebSite\",\"@id\":\"https:\/\/www.pumahue.cl\/temuco\/#website\",\"url\":\"https:\/\/www.pumahue.cl\/temuco\/\",\"name\":\"Colegio Pumahue Temuco\",\"description\":\"Parte de Cognita Schools\",\"publisher\":{\"@id\":\"https:\/\/www.pumahue.cl\/temuco\/#organization\"},\"potentialAction\":[{\"@type\":\"SearchAction\",\"target\":{\"@type\":\"EntryPoint\",\"urlTemplate\":\"https:\/\/www.pumahue.cl\/temuco\/?s={search_term_string}\"},\"query-input\":{\"@type\":\"PropertyValueSpecification\",\"valueRequired\":true,\"valueName\":\"search_term_string\"}}],\"inLanguage\":\"es\"},{\"@type\":\"Organization\",\"@id\":\"https:\/\/www.pumahue.cl\/temuco\/#organization\",\"name\":\"Colegio Pumahue Temuco\",\"url\":\"https:\/\/www.pumahue.cl\/temuco\/\",\"logo\":{\"@type\":\"ImageObject\",\"inLanguage\":\"es\",\"@id\":\"https:\/\/www.pumahue.cl\/temuco\/#\/schema\/logo\/image\/\",\"url\":\"https:\/\/www.pumahue.cl\/temuco\/wp-content\/uploads\/sites\/49\/2025\/02\/cropped-logo_Pumahue_.png\",\"contentUrl\":\"https:\/\/www.pumahue.cl\/temuco\/wp-content\/uploads\/sites\/49\/2025\/02\/cropped-logo_Pumahue_.png\",\"width\":512,\"height\":512,\"caption\":\"Colegio Pumahue Temuco\"},\"image\":{\"@id\":\"https:\/\/www.pumahue.cl\/temuco\/#\/schema\/logo\/image\/\"},\"sameAs\":[\"http:\/\/www.facebook.com\/ColegiosPumahue\",\"https:\/\/www.instagram.com\/colegiopumahue_temuco\",\"https:\/\/www.youtube.com\/@CognitaChile\"]},{\"@type\":\"Person\",\"@id\":\"https:\/\/www.pumahue.cl\/temuco\/#\/schema\/person\/0debeea140e397b5d490ee7e553255d8\",\"name\":\"jorgedelcampo\",\"image\":{\"@type\":\"ImageObject\",\"inLanguage\":\"es\",\"@id\":\"https:\/\/www.pumahue.cl\/temuco\/#\/schema\/person\/image\/\",\"url\":\"https:\/\/secure.gravatar.com\/avatar\/4a315f521213b2dc91dbda9bf799f711c8a98ab6f5606ec42cf5b33d1e762e8a?s=96&d=mm&r=g\",\"contentUrl\":\"https:\/\/secure.gravatar.com\/avatar\/4a315f521213b2dc91dbda9bf799f711c8a98ab6f5606ec42cf5b33d1e762e8a?s=96&d=mm&r=g\",\"caption\":\"jorgedelcampo\"}}]}<\/script>\n<!-- \/ Yoast SEO plugin. -->","yoast_head_json":{"title":"Exitosa cicletada familiar del Colegio Pumahue en Temuco - Colegio Pumahue Temuco","robots":{"index":"index","follow":"follow","max-snippet":"max-snippet:-1","max-image-preview":"max-image-preview:large","max-video-preview":"max-video-preview:-1"},"canonical":"https:\/\/www.pumahue.cl\/temuco\/noticias\/exitosa-cicletada-familiar-del-colegio-pumahue-en-temuco\/","og_locale":"es_ES","og_type":"article","og_title":"Exitosa cicletada familiar del Colegio Pumahue en Temuco - Colegio Pumahue Temuco","og_description":"A pesar de las altas temperaturas, nada pudo detener la energ\u00eda, la alegr\u00eda y la motivaci\u00f3n de los participantes de la nueva versi\u00f3n de la Cicletada Familiar del Colegio Pumahue de Temuco. El evento reuni\u00f3 a cientos de ni\u00f1os, ni\u00f1as, pap\u00e1s y mam\u00e1s deportistas, todos ellos dispuestos a recorrer las rutas establecidas para esta ocasi\u00f3n. [&hellip;]","og_url":"https:\/\/www.pumahue.cl\/temuco\/noticias\/exitosa-cicletada-familiar-del-colegio-pumahue-en-temuco\/","og_site_name":"Colegio Pumahue Temuco","article_publisher":"http:\/\/www.facebook.com\/ColegiosPumahue","article_published_time":"2023-05-29T13:52:59+00:00","og_image":[{"width":836,"height":523,"url":"https:\/\/www.pumahue.cl\/temuco\/wp-content\/uploads\/sites\/49\/2023\/05\/Cicletada-7.jpg","type":"image\/jpeg"}],"author":"jorgedelcampo","twitter_card":"summary_large_image","twitter_misc":{"Escrito por":"jorgedelcampo","Tiempo de lectura":"1 minuto"},"schema":{"@context":"https:\/\/schema.org","@graph":[{"@type":"Article","@id":"https:\/\/www.pumahue.cl\/temuco\/noticias\/exitosa-cicletada-familiar-del-colegio-pumahue-en-temuco\/#article","isPartOf":{"@id":"https:\/\/www.pumahue.cl\/temuco\/noticias\/exitosa-cicletada-familiar-del-colegio-pumahue-en-temuco\/"},"author":{"name":"jorgedelcampo","@id":"https:\/\/www.pumahue.cl\/temuco\/#\/schema\/person\/0debeea140e397b5d490ee7e553255d8"},"headline":"Exitosa cicletada familiar del Colegio Pumahue en Temuco","datePublished":"2023-05-29T13:52:59+00:00","mainEntityOfPage":{"@id":"https:\/\/www.pumahue.cl\/temuco\/noticias\/exitosa-cicletada-familiar-del-colegio-pumahue-en-temuco\/"},"wordCount":256,"commentCount":0,"publisher":{"@id":"https:\/\/www.pumahue.cl\/temuco\/#organization"},"image":{"@id":"https:\/\/www.pumahue.cl\/temuco\/noticias\/exitosa-cicletada-familiar-del-colegio-pumahue-en-temuco\/#primaryimage"},"thumbnailUrl":"https:\/\/www.pumahue.cl\/temuco\/wp-content\/uploads\/sites\/49\/2023\/05\/Cicletada-7.jpg","articleSection":["Vida Escolar"],"inLanguage":"es","potentialAction":[{"@type":"CommentAction","name":"Comment","target":["https:\/\/www.pumahue.cl\/temuco\/noticias\/exitosa-cicletada-familiar-del-colegio-pumahue-en-temuco\/#respond"]}]},{"@type":"WebPage","@id":"https:\/\/www.pumahue.cl\/temuco\/noticias\/exitosa-cicletada-familiar-del-colegio-pumahue-en-temuco\/","url":"https:\/\/www.pumahue.cl\/temuco\/noticias\/exitosa-cicletada-familiar-del-colegio-pumahue-en-temuco\/","name":"Exitosa cicletada familiar del Colegio Pumahue en Temuco - Colegio Pumahue Temuco","isPartOf":{"@id":"https:\/\/www.pumahue.cl\/temuco\/#website"},"primaryImageOfPage":{"@id":"https:\/\/www.pumahue.cl\/temuco\/noticias\/exitosa-cicletada-familiar-del-colegio-pumahue-en-temuco\/#primaryimage"},"image":{"@id":"https:\/\/www.pumahue.cl\/temuco\/noticias\/exitosa-cicletada-familiar-del-colegio-pumahue-en-temuco\/#primaryimage"},"thumbnailUrl":"https:\/\/www.pumahue.cl\/temuco\/wp-content\/uploads\/sites\/49\/2023\/05\/Cicletada-7.jpg","datePublished":"2023-05-29T13:52:59+00:00","breadcrumb":{"@id":"https:\/\/www.pumahue.cl\/temuco\/noticias\/exitosa-cicletada-familiar-del-colegio-pumahue-en-temuco\/#breadcrumb"},"inLanguage":"es","potentialAction":[{"@type":"ReadAction","target":["https:\/\/www.pumahue.cl\/temuco\/noticias\/exitosa-cicletada-familiar-del-colegio-pumahue-en-temuco\/"]}]},{"@type":"ImageObject","inLanguage":"es","@id":"https:\/\/www.pumahue.cl\/temuco\/noticias\/exitosa-cicletada-familiar-del-colegio-pumahue-en-temuco\/#primaryimage","url":"https:\/\/www.pumahue.cl\/temuco\/wp-content\/uploads\/sites\/49\/2023\/05\/Cicletada-7.jpg","contentUrl":"https:\/\/www.pumahue.cl\/temuco\/wp-content\/uploads\/sites\/49\/2023\/05\/Cicletada-7.jpg","width":836,"height":523},{"@type":"BreadcrumbList","@id":"https:\/\/www.pumahue.cl\/temuco\/noticias\/exitosa-cicletada-familiar-del-colegio-pumahue-en-temuco\/#breadcrumb","itemListElement":[{"@type":"ListItem","position":1,"name":"Home","item":"https:\/\/www.pumahue.cl\/temuco\/"},{"@type":"ListItem","position":2,"name":"Exitosa cicletada familiar del Colegio Pumahue en Temuco"}]},{"@type":"WebSite","@id":"https:\/\/www.pumahue.cl\/temuco\/#website","url":"https:\/\/www.pumahue.cl\/temuco\/","name":"Colegio Pumahue Temuco","description":"Parte de Cognita Schools","publisher":{"@id":"https:\/\/www.pumahue.cl\/temuco\/#organization"},"potentialAction":[{"@type":"SearchAction","target":{"@type":"EntryPoint","urlTemplate":"https:\/\/www.pumahue.cl\/temuco\/?s={search_term_string}"},"query-input":{"@type":"PropertyValueSpecification","valueRequired":true,"valueName":"search_term_string"}}],"inLanguage":"es"},{"@type":"Organization","@id":"https:\/\/www.pumahue.cl\/temuco\/#organization","name":"Colegio Pumahue Temuco","url":"https:\/\/www.pumahue.cl\/temuco\/","logo":{"@type":"ImageObject","inLanguage":"es","@id":"https:\/\/www.pumahue.cl\/temuco\/#\/schema\/logo\/image\/","url":"https:\/\/www.pumahue.cl\/temuco\/wp-content\/uploads\/sites\/49\/2025\/02\/cropped-logo_Pumahue_.png","contentUrl":"https:\/\/www.pumahue.cl\/temuco\/wp-content\/uploads\/sites\/49\/2025\/02\/cropped-logo_Pumahue_.png","width":512,"height":512,"caption":"Colegio Pumahue Temuco"},"image":{"@id":"https:\/\/www.pumahue.cl\/temuco\/#\/schema\/logo\/image\/"},"sameAs":["http:\/\/www.facebook.com\/ColegiosPumahue","https:\/\/www.instagram.com\/colegiopumahue_temuco","https:\/\/www.youtube.com\/@CognitaChile"]},{"@type":"Person","@id":"https:\/\/www.pumahue.cl\/temuco\/#\/schema\/person\/0debeea140e397b5d490ee7e553255d8","name":"jorgedelcampo","image":{"@type":"ImageObject","inLanguage":"es","@id":"https:\/\/www.pumahue.cl\/temuco\/#\/schema\/person\/image\/","url":"https:\/\/secure.gravatar.com\/avatar\/4a315f521213b2dc91dbda9bf799f711c8a98ab6f5606ec42cf5b33d1e762e8a?s=96&d=mm&r=g","contentUrl":"https:\/\/secure.gravatar.com\/avatar\/4a315f521213b2dc91dbda9bf799f711c8a98ab6f5606ec42cf5b33d1e762e8a?s=96&d=mm&r=g","caption":"jorgedelcampo"}}]}},"jetpack_featured_media_url":"https:\/\/www.pumahue.cl\/temuco\/wp-content\/uploads\/sites\/49\/2023\/05\/Cicletada-7.jpg","previous_post_ID":23278,"previous_post_title":"Estudiantes vivieron la m\u00fasica cl\u00e1sica en el Municipal","previous_post_excerpt":"En el marco de la semana de la educaci\u00f3n art\u00edstica, estudiantes de 3\u00b0 b\u00e1sico A y 5\u00b0 b\u00e1sico C asistieron a un concierto de la Orquesta Filarm\u00f3nica, en el Teatro Municipal de Temuco. La orquesta interpret\u00f3 m\u00fasica de Wolfgang Amadeus Mozart y la entidad art\u00edstica estuvo bajo la direcci\u00f3n del connotado Director de Orquesta Temuquense, [&hellip;]","previous_post_link":"https:\/\/www.pumahue.cl\/temuco\/noticias\/estudiantes-vivieron-la-musica-clasica-en-el-municipal\/","previous_post_class":["post-23278","post","type-post","status-publish","format-standard","has-post-thumbnail","hentry","category-vida-escolar"],"next_post_ID":23298,"next_post_title":"Felipe Herrera brilla en el Karate","next_post_excerpt":"Felipe Herrera, estudiante del 3 D de nuestro colegio, logr\u00f3 brillar en el Torneo Junior de Karate y Kobudo, obteniendo un incre\u00edble primer lugar en su categor\u00eda y qued\u00e1ndose con el t\u00edtulo del campeonato en general! Este emocionante evento tuvo lugar este fin de semana en el Gimnasio Costanera del Caut\u00edn. \u00a1Queremos felicitar a Felipe [&hellip;]","next_post_link":"https:\/\/www.pumahue.cl\/temuco\/noticias\/felipe-herrera-brilla-en-el-karate\/","next_post_class":["post-23298","post","type-post","status-publish","format-standard","has-post-thumbnail","hentry","category-vida-escolar"],"jetpack_sharing_enabled":true,"_links":{"self":[{"href":"https:\/\/www.pumahue.cl\/temuco\/wp-json\/wp\/v2\/posts\/23289","targetHints":{"allow":["GET"]}}],"collection":[{"href":"https:\/\/www.pumahue.cl\/temuco\/wp-json\/wp\/v2\/posts"}],"about":[{"href":"https:\/\/www.pumahue.cl\/temuco\/wp-json\/wp\/v2\/types\/post"}],"author":[{"embeddable":true,"href":"https:\/\/www.pumahue.cl\/temuco\/wp-json\/wp\/v2\/users\/14"}],"replies":[{"embeddable":true,"href":"https:\/\/www.pumahue.cl\/temuco\/wp-json\/wp\/v2\/comments?post=23289"}],"version-history":[{"count":0,"href":"https:\/\/www.pumahue.cl\/temuco\/wp-json\/wp\/v2\/posts\/23289\/revisions"}],"wp:featuredmedia":[{"embeddable":true,"href":"https:\/\/www.pumahue.cl\/temuco\/wp-json\/wp\/v2\/media\/23290"}],"wp:attachment":[{"href":"https:\/\/www.pumahue.cl\/temuco\/wp-json\/wp\/v2\/media?parent=23289"}],"wp:term":[{"taxonomy":"category","embeddable":true,"href":"https:\/\/www.pumahue.cl\/temuco\/wp-json\/wp\/v2\/categories?post=23289"},{"taxonomy":"post_tag","embeddable":true,"href":"https:\/\/www.pumahue.cl\/temuco\/wp-json\/wp\/v2\/tags?post=23289"}],"curies":[{"name":"wp","href":"https:\/\/api.w.org\/{rel}","templated":true}]}}