{"id":23386,"date":"2023-06-14T12:24:37","date_gmt":"2023-06-14T16:24:37","guid":{"rendered":"http:\/\/pumahue.cl\/temuco\/?p=23386"},"modified":"2023-06-14T12:24:37","modified_gmt":"2023-06-14T16:24:37","slug":"cuidemonos-en-este-invierno","status":"publish","type":"post","link":"https:\/\/www.pumahue.cl\/temuco\/noticias\/cuidemonos-en-este-invierno\/","title":{"rendered":"Cuid\u00e9monos en este invierno"},"content":{"rendered":"<p>Debido al fuerte aumento de contagio de virus respiratorios, el Ministerio de Salud (Minsal) ha establecido el <strong>uso obligatorio de MASCARILLA, EN ESPACIOS CERRADOS<\/strong>, para ni\u00f1os y ni\u00f1as mayores de 5 a\u00f1os. La medida regir\u00e1 desde <strong>el mi\u00e9rcoles 14 hasta el fin de la alerta sanitaria que vivimos, la que, en este momento, es hasta el 31 de agosto.<\/strong><\/p>\n<p>Al respecto, sabemos que no existe consenso sobre este tema, sin embargo, es nuestra responsabilidad como Colegio dar a conocer las disposiciones de la autoridad, proteger y prevenir la salud y seguridad de todos nuestros alumnos y colaboradores.<\/p>\n<p>Adem\u00e1s, les recordamos:<\/p>\n<p>-Reforzar el lavado frecuente de manos o uso de alcohol gel<\/p>\n<p>-Se sugiere evitar enviar al Colegio a estudiantes que est\u00e9n cursando alg\u00fan cuadro infeccioso<\/p>\n<p>-Mantener el calendario nacional de vacunas al d\u00eda.<\/p>\n<p>Asimismo, la Secretar\u00eda Regional Ministerial de Educaci\u00f3n, \u201c<strong>evitar aglomeraciones y reuniones en los colegios<\/strong>, por ello nuestro establecimiento ha decidido que las reuniones de apoderados &#8211; fijadas para esta semana &#8211; sean en modalidad online, a trav\u00e9s de invitaciones generadas desde cada profesor\/a jefe.<\/p>\n<p>Les reiteramos nuestra invitamos a seguir cuid\u00e1ndonos entre todos, siendo responsables y conscientes de la alerta sanitaria que vive nuestro pa\u00eds.<\/p>\n"},"excerpt":{"rendered":"<p>Debido al fuerte aumento de contagio de virus respiratorios, el Ministerio de Salud (Minsal) ha establecido el uso obligatorio de MASCARILLA, EN ESPACIOS CERRADOS, para ni\u00f1os y ni\u00f1as mayores de 5 a\u00f1os. La medida regir\u00e1 desde el mi\u00e9rcoles 14 hasta el fin de la alerta sanitaria que vivimos, la que, en este momento, es hasta [&hellip;]<\/p>\n","protected":false},"author":14,"featured_media":23387,"comment_status":"open","ping_status":"open","sticky":false,"template":"","format":"standard","meta":{"_acf_changed":false,"content-type":"","_jetpack_memberships_contains_paid_content":false,"footnotes":""},"categories":[1],"tags":[],"class_list":["post-23386","post","type-post","status-publish","format-standard","has-post-thumbnail","hentry","category-vida-escolar"],"acf":[],"yoast_head":"<!-- This site is optimized with the Yoast SEO plugin v27.1.1 - https:\/\/yoast.com\/product\/yoast-seo-wordpress\/ -->\n<title>Cuid\u00e9monos en este invierno - Colegio Pumahue Temuco<\/title>\n<meta name=\"robots\" content=\"index, follow, max-snippet:-1, max-image-preview:large, max-video-preview:-1\" \/>\n<link rel=\"canonical\" href=\"https:\/\/www.pumahue.cl\/temuco\/noticias\/cuidemonos-en-este-invierno\/\" \/>\n<meta property=\"og:locale\" content=\"es_ES\" \/>\n<meta property=\"og:type\" content=\"article\" \/>\n<meta property=\"og:title\" content=\"Cuid\u00e9monos en este invierno - Colegio Pumahue Temuco\" \/>\n<meta property=\"og:description\" content=\"Debido al fuerte aumento de contagio de virus respiratorios, el Ministerio de Salud (Minsal) ha establecido el uso obligatorio de MASCARILLA, EN ESPACIOS CERRADOS, para ni\u00f1os y ni\u00f1as mayores de 5 a\u00f1os. La medida regir\u00e1 desde el mi\u00e9rcoles 14 hasta el fin de la alerta sanitaria que vivimos, la que, en este momento, es hasta [&hellip;]\" \/>\n<meta property=\"og:url\" content=\"https:\/\/www.pumahue.cl\/temuco\/noticias\/cuidemonos-en-este-invierno\/\" \/>\n<meta property=\"og:site_name\" content=\"Colegio Pumahue Temuco\" \/>\n<meta property=\"article:publisher\" content=\"http:\/\/www.facebook.com\/ColegiosPumahue\" \/>\n<meta property=\"article:published_time\" content=\"2023-06-14T16:24:37+00:00\" \/>\n<meta property=\"og:image\" content=\"https:\/\/www.pumahue.cl\/temuco\/wp-content\/uploads\/sites\/49\/2025\/02\/cropped-logo_Pumahue_.png\" \/>\n\t<meta property=\"og:image:width\" content=\"512\" \/>\n\t<meta property=\"og:image:height\" content=\"512\" \/>\n\t<meta property=\"og:image:type\" content=\"image\/png\" \/>\n<meta name=\"author\" content=\"jorgedelcampo\" \/>\n<meta name=\"twitter:card\" content=\"summary_large_image\" \/>\n<meta name=\"twitter:label1\" content=\"Escrito por\" \/>\n\t<meta name=\"twitter:data1\" content=\"jorgedelcampo\" \/>\n\t<meta name=\"twitter:label2\" content=\"Tiempo de lectura\" \/>\n\t<meta name=\"twitter:data2\" content=\"1 minuto\" \/>\n<script type=\"application\/ld+json\" class=\"yoast-schema-graph\">{\"@context\":\"https:\/\/schema.org\",\"@graph\":[{\"@type\":\"Article\",\"@id\":\"https:\/\/www.pumahue.cl\/temuco\/noticias\/cuidemonos-en-este-invierno\/#article\",\"isPartOf\":{\"@id\":\"https:\/\/www.pumahue.cl\/temuco\/noticias\/cuidemonos-en-este-invierno\/\"},\"author\":{\"name\":\"jorgedelcampo\",\"@id\":\"https:\/\/www.pumahue.cl\/temuco\/#\/schema\/person\/0debeea140e397b5d490ee7e553255d8\"},\"headline\":\"Cuid\u00e9monos en este invierno\",\"datePublished\":\"2023-06-14T16:24:37+00:00\",\"mainEntityOfPage\":{\"@id\":\"https:\/\/www.pumahue.cl\/temuco\/noticias\/cuidemonos-en-este-invierno\/\"},\"wordCount\":214,\"commentCount\":0,\"publisher\":{\"@id\":\"https:\/\/www.pumahue.cl\/temuco\/#organization\"},\"image\":{\"@id\":\"https:\/\/www.pumahue.cl\/temuco\/noticias\/cuidemonos-en-este-invierno\/#primaryimage\"},\"thumbnailUrl\":\"\",\"articleSection\":[\"Vida Escolar\"],\"inLanguage\":\"es\",\"potentialAction\":[{\"@type\":\"CommentAction\",\"name\":\"Comment\",\"target\":[\"https:\/\/www.pumahue.cl\/temuco\/noticias\/cuidemonos-en-este-invierno\/#respond\"]}]},{\"@type\":\"WebPage\",\"@id\":\"https:\/\/www.pumahue.cl\/temuco\/noticias\/cuidemonos-en-este-invierno\/\",\"url\":\"https:\/\/www.pumahue.cl\/temuco\/noticias\/cuidemonos-en-este-invierno\/\",\"name\":\"Cuid\u00e9monos en este invierno - Colegio Pumahue Temuco\",\"isPartOf\":{\"@id\":\"https:\/\/www.pumahue.cl\/temuco\/#website\"},\"primaryImageOfPage\":{\"@id\":\"https:\/\/www.pumahue.cl\/temuco\/noticias\/cuidemonos-en-este-invierno\/#primaryimage\"},\"image\":{\"@id\":\"https:\/\/www.pumahue.cl\/temuco\/noticias\/cuidemonos-en-este-invierno\/#primaryimage\"},\"thumbnailUrl\":\"\",\"datePublished\":\"2023-06-14T16:24:37+00:00\",\"breadcrumb\":{\"@id\":\"https:\/\/www.pumahue.cl\/temuco\/noticias\/cuidemonos-en-este-invierno\/#breadcrumb\"},\"inLanguage\":\"es\",\"potentialAction\":[{\"@type\":\"ReadAction\",\"target\":[\"https:\/\/www.pumahue.cl\/temuco\/noticias\/cuidemonos-en-este-invierno\/\"]}]},{\"@type\":\"ImageObject\",\"inLanguage\":\"es\",\"@id\":\"https:\/\/www.pumahue.cl\/temuco\/noticias\/cuidemonos-en-este-invierno\/#primaryimage\",\"url\":\"\",\"contentUrl\":\"\"},{\"@type\":\"BreadcrumbList\",\"@id\":\"https:\/\/www.pumahue.cl\/temuco\/noticias\/cuidemonos-en-este-invierno\/#breadcrumb\",\"itemListElement\":[{\"@type\":\"ListItem\",\"position\":1,\"name\":\"Home\",\"item\":\"https:\/\/www.pumahue.cl\/temuco\/\"},{\"@type\":\"ListItem\",\"position\":2,\"name\":\"Cuid\u00e9monos en este invierno\"}]},{\"@type\":\"WebSite\",\"@id\":\"https:\/\/www.pumahue.cl\/temuco\/#website\",\"url\":\"https:\/\/www.pumahue.cl\/temuco\/\",\"name\":\"Colegio Pumahue Temuco\",\"description\":\"Parte de Cognita Schools\",\"publisher\":{\"@id\":\"https:\/\/www.pumahue.cl\/temuco\/#organization\"},\"potentialAction\":[{\"@type\":\"SearchAction\",\"target\":{\"@type\":\"EntryPoint\",\"urlTemplate\":\"https:\/\/www.pumahue.cl\/temuco\/?s={search_term_string}\"},\"query-input\":{\"@type\":\"PropertyValueSpecification\",\"valueRequired\":true,\"valueName\":\"search_term_string\"}}],\"inLanguage\":\"es\"},{\"@type\":\"Organization\",\"@id\":\"https:\/\/www.pumahue.cl\/temuco\/#organization\",\"name\":\"Colegio Pumahue Temuco\",\"url\":\"https:\/\/www.pumahue.cl\/temuco\/\",\"logo\":{\"@type\":\"ImageObject\",\"inLanguage\":\"es\",\"@id\":\"https:\/\/www.pumahue.cl\/temuco\/#\/schema\/logo\/image\/\",\"url\":\"https:\/\/www.pumahue.cl\/temuco\/wp-content\/uploads\/sites\/49\/2025\/02\/cropped-logo_Pumahue_.png\",\"contentUrl\":\"https:\/\/www.pumahue.cl\/temuco\/wp-content\/uploads\/sites\/49\/2025\/02\/cropped-logo_Pumahue_.png\",\"width\":512,\"height\":512,\"caption\":\"Colegio Pumahue Temuco\"},\"image\":{\"@id\":\"https:\/\/www.pumahue.cl\/temuco\/#\/schema\/logo\/image\/\"},\"sameAs\":[\"http:\/\/www.facebook.com\/ColegiosPumahue\",\"https:\/\/www.instagram.com\/colegiopumahue_temuco\",\"https:\/\/www.youtube.com\/@CognitaChile\"]},{\"@type\":\"Person\",\"@id\":\"https:\/\/www.pumahue.cl\/temuco\/#\/schema\/person\/0debeea140e397b5d490ee7e553255d8\",\"name\":\"jorgedelcampo\",\"image\":{\"@type\":\"ImageObject\",\"inLanguage\":\"es\",\"@id\":\"https:\/\/www.pumahue.cl\/temuco\/#\/schema\/person\/image\/\",\"url\":\"https:\/\/secure.gravatar.com\/avatar\/4a315f521213b2dc91dbda9bf799f711c8a98ab6f5606ec42cf5b33d1e762e8a?s=96&d=mm&r=g\",\"contentUrl\":\"https:\/\/secure.gravatar.com\/avatar\/4a315f521213b2dc91dbda9bf799f711c8a98ab6f5606ec42cf5b33d1e762e8a?s=96&d=mm&r=g\",\"caption\":\"jorgedelcampo\"}}]}<\/script>\n<!-- \/ Yoast SEO plugin. -->","yoast_head_json":{"title":"Cuid\u00e9monos en este invierno - Colegio Pumahue Temuco","robots":{"index":"index","follow":"follow","max-snippet":"max-snippet:-1","max-image-preview":"max-image-preview:large","max-video-preview":"max-video-preview:-1"},"canonical":"https:\/\/www.pumahue.cl\/temuco\/noticias\/cuidemonos-en-este-invierno\/","og_locale":"es_ES","og_type":"article","og_title":"Cuid\u00e9monos en este invierno - Colegio Pumahue Temuco","og_description":"Debido al fuerte aumento de contagio de virus respiratorios, el Ministerio de Salud (Minsal) ha establecido el uso obligatorio de MASCARILLA, EN ESPACIOS CERRADOS, para ni\u00f1os y ni\u00f1as mayores de 5 a\u00f1os. La medida regir\u00e1 desde el mi\u00e9rcoles 14 hasta el fin de la alerta sanitaria que vivimos, la que, en este momento, es hasta [&hellip;]","og_url":"https:\/\/www.pumahue.cl\/temuco\/noticias\/cuidemonos-en-este-invierno\/","og_site_name":"Colegio Pumahue Temuco","article_publisher":"http:\/\/www.facebook.com\/ColegiosPumahue","article_published_time":"2023-06-14T16:24:37+00:00","og_image":[{"width":512,"height":512,"url":"https:\/\/www.pumahue.cl\/temuco\/wp-content\/uploads\/sites\/49\/2025\/02\/cropped-logo_Pumahue_.png","type":"image\/png"}],"author":"jorgedelcampo","twitter_card":"summary_large_image","twitter_misc":{"Escrito por":"jorgedelcampo","Tiempo de lectura":"1 minuto"},"schema":{"@context":"https:\/\/schema.org","@graph":[{"@type":"Article","@id":"https:\/\/www.pumahue.cl\/temuco\/noticias\/cuidemonos-en-este-invierno\/#article","isPartOf":{"@id":"https:\/\/www.pumahue.cl\/temuco\/noticias\/cuidemonos-en-este-invierno\/"},"author":{"name":"jorgedelcampo","@id":"https:\/\/www.pumahue.cl\/temuco\/#\/schema\/person\/0debeea140e397b5d490ee7e553255d8"},"headline":"Cuid\u00e9monos en este invierno","datePublished":"2023-06-14T16:24:37+00:00","mainEntityOfPage":{"@id":"https:\/\/www.pumahue.cl\/temuco\/noticias\/cuidemonos-en-este-invierno\/"},"wordCount":214,"commentCount":0,"publisher":{"@id":"https:\/\/www.pumahue.cl\/temuco\/#organization"},"image":{"@id":"https:\/\/www.pumahue.cl\/temuco\/noticias\/cuidemonos-en-este-invierno\/#primaryimage"},"thumbnailUrl":"","articleSection":["Vida Escolar"],"inLanguage":"es","potentialAction":[{"@type":"CommentAction","name":"Comment","target":["https:\/\/www.pumahue.cl\/temuco\/noticias\/cuidemonos-en-este-invierno\/#respond"]}]},{"@type":"WebPage","@id":"https:\/\/www.pumahue.cl\/temuco\/noticias\/cuidemonos-en-este-invierno\/","url":"https:\/\/www.pumahue.cl\/temuco\/noticias\/cuidemonos-en-este-invierno\/","name":"Cuid\u00e9monos en este invierno - Colegio Pumahue Temuco","isPartOf":{"@id":"https:\/\/www.pumahue.cl\/temuco\/#website"},"primaryImageOfPage":{"@id":"https:\/\/www.pumahue.cl\/temuco\/noticias\/cuidemonos-en-este-invierno\/#primaryimage"},"image":{"@id":"https:\/\/www.pumahue.cl\/temuco\/noticias\/cuidemonos-en-este-invierno\/#primaryimage"},"thumbnailUrl":"","datePublished":"2023-06-14T16:24:37+00:00","breadcrumb":{"@id":"https:\/\/www.pumahue.cl\/temuco\/noticias\/cuidemonos-en-este-invierno\/#breadcrumb"},"inLanguage":"es","potentialAction":[{"@type":"ReadAction","target":["https:\/\/www.pumahue.cl\/temuco\/noticias\/cuidemonos-en-este-invierno\/"]}]},{"@type":"ImageObject","inLanguage":"es","@id":"https:\/\/www.pumahue.cl\/temuco\/noticias\/cuidemonos-en-este-invierno\/#primaryimage","url":"","contentUrl":""},{"@type":"BreadcrumbList","@id":"https:\/\/www.pumahue.cl\/temuco\/noticias\/cuidemonos-en-este-invierno\/#breadcrumb","itemListElement":[{"@type":"ListItem","position":1,"name":"Home","item":"https:\/\/www.pumahue.cl\/temuco\/"},{"@type":"ListItem","position":2,"name":"Cuid\u00e9monos en este invierno"}]},{"@type":"WebSite","@id":"https:\/\/www.pumahue.cl\/temuco\/#website","url":"https:\/\/www.pumahue.cl\/temuco\/","name":"Colegio Pumahue Temuco","description":"Parte de Cognita Schools","publisher":{"@id":"https:\/\/www.pumahue.cl\/temuco\/#organization"},"potentialAction":[{"@type":"SearchAction","target":{"@type":"EntryPoint","urlTemplate":"https:\/\/www.pumahue.cl\/temuco\/?s={search_term_string}"},"query-input":{"@type":"PropertyValueSpecification","valueRequired":true,"valueName":"search_term_string"}}],"inLanguage":"es"},{"@type":"Organization","@id":"https:\/\/www.pumahue.cl\/temuco\/#organization","name":"Colegio Pumahue Temuco","url":"https:\/\/www.pumahue.cl\/temuco\/","logo":{"@type":"ImageObject","inLanguage":"es","@id":"https:\/\/www.pumahue.cl\/temuco\/#\/schema\/logo\/image\/","url":"https:\/\/www.pumahue.cl\/temuco\/wp-content\/uploads\/sites\/49\/2025\/02\/cropped-logo_Pumahue_.png","contentUrl":"https:\/\/www.pumahue.cl\/temuco\/wp-content\/uploads\/sites\/49\/2025\/02\/cropped-logo_Pumahue_.png","width":512,"height":512,"caption":"Colegio Pumahue Temuco"},"image":{"@id":"https:\/\/www.pumahue.cl\/temuco\/#\/schema\/logo\/image\/"},"sameAs":["http:\/\/www.facebook.com\/ColegiosPumahue","https:\/\/www.instagram.com\/colegiopumahue_temuco","https:\/\/www.youtube.com\/@CognitaChile"]},{"@type":"Person","@id":"https:\/\/www.pumahue.cl\/temuco\/#\/schema\/person\/0debeea140e397b5d490ee7e553255d8","name":"jorgedelcampo","image":{"@type":"ImageObject","inLanguage":"es","@id":"https:\/\/www.pumahue.cl\/temuco\/#\/schema\/person\/image\/","url":"https:\/\/secure.gravatar.com\/avatar\/4a315f521213b2dc91dbda9bf799f711c8a98ab6f5606ec42cf5b33d1e762e8a?s=96&d=mm&r=g","contentUrl":"https:\/\/secure.gravatar.com\/avatar\/4a315f521213b2dc91dbda9bf799f711c8a98ab6f5606ec42cf5b33d1e762e8a?s=96&d=mm&r=g","caption":"jorgedelcampo"}}]}},"jetpack_featured_media_url":"","previous_post_ID":23382,"previous_post_title":"Tecnolog\u00eda sobre ruedas","previous_post_excerpt":"En la b\u00fasqueda de aprovechar al m\u00e1ximo los recursos digitales disponibles y considerando las necesidades tanto de docentes como estudiantes, nuestro colegio ha dispuesto de un Laboratorio de Computaci\u00f3n M\u00f3vil. Es decir, lo que antes era una sala de computaci\u00f3n tradicional, ahora se ha transformado en un recurso pr\u00e1ctico que lleva los equipos a las [&hellip;]","previous_post_link":"https:\/\/www.pumahue.cl\/temuco\/noticias\/tecnologia-sobre-ruedas\/","previous_post_class":["post-23382","post","type-post","status-publish","format-standard","has-post-thumbnail","hentry","category-vida-escolar"],"next_post_ID":23390,"next_post_title":"Convocatoria a rendir ex\u00e1menes internacionales de ingl\u00e9s","next_post_excerpt":"Uno de los elementos diferenciadores de nuestro colegio es el aprendizaje del idioma ingl\u00e9s, lo cual motiva tanto a docentes como a estudiantes a estar en constante perfeccionamiento. En este sentido, el Departamento de Ingl\u00e9s del Colegio Pumahue Temuco en conjunto con English UC inicia la convocatoria para inscripci\u00f3n de Ex\u00e1menes Internacionales de Ingl\u00e9s de [&hellip;]","next_post_link":"https:\/\/www.pumahue.cl\/temuco\/noticias\/convocatoria-a-rendir-examenes-internacionales-de-ingles\/","next_post_class":["post-23390","post","type-post","status-publish","format-standard","has-post-thumbnail","hentry","category-vida-escolar"],"jetpack_sharing_enabled":true,"_links":{"self":[{"href":"https:\/\/www.pumahue.cl\/temuco\/wp-json\/wp\/v2\/posts\/23386","targetHints":{"allow":["GET"]}}],"collection":[{"href":"https:\/\/www.pumahue.cl\/temuco\/wp-json\/wp\/v2\/posts"}],"about":[{"href":"https:\/\/www.pumahue.cl\/temuco\/wp-json\/wp\/v2\/types\/post"}],"author":[{"embeddable":true,"href":"https:\/\/www.pumahue.cl\/temuco\/wp-json\/wp\/v2\/users\/14"}],"replies":[{"embeddable":true,"href":"https:\/\/www.pumahue.cl\/temuco\/wp-json\/wp\/v2\/comments?post=23386"}],"version-history":[{"count":0,"href":"https:\/\/www.pumahue.cl\/temuco\/wp-json\/wp\/v2\/posts\/23386\/revisions"}],"wp:featuredmedia":[{"embeddable":true,"href":"https:\/\/www.pumahue.cl\/temuco\/wp-json\/"}],"wp:attachment":[{"href":"https:\/\/www.pumahue.cl\/temuco\/wp-json\/wp\/v2\/media?parent=23386"}],"wp:term":[{"taxonomy":"category","embeddable":true,"href":"https:\/\/www.pumahue.cl\/temuco\/wp-json\/wp\/v2\/categories?post=23386"},{"taxonomy":"post_tag","embeddable":true,"href":"https:\/\/www.pumahue.cl\/temuco\/wp-json\/wp\/v2\/tags?post=23386"}],"curies":[{"name":"wp","href":"https:\/\/api.w.org\/{rel}","templated":true}]}}