{"id":23556,"date":"2023-08-03T12:54:31","date_gmt":"2023-08-03T16:54:31","guid":{"rendered":"http:\/\/pumahue.cl\/temuco\/?p=23556"},"modified":"2023-08-03T12:54:31","modified_gmt":"2023-08-03T16:54:31","slug":"vuelve-la-brigada-ecologica-este-semestre","status":"publish","type":"post","link":"https:\/\/www.pumahue.cl\/temuco\/noticias\/vuelve-la-brigada-ecologica-este-semestre\/","title":{"rendered":"Vuelve la brigada ecol\u00f3gica este semestre"},"content":{"rendered":"<p>La brigada ecol\u00f3gica de nuestro colegio ya est\u00e1 preparada para iniciar sus actividades del segundo semestre, las que estar\u00e1n a cargo del encargado programa &#8220;Ecolog\u00eda y Sustentabilidad\/ Ecology &amp; Sustainability, Mister Gonzalo Castro.<\/p>\n<p>Recordemos la importancia de apoyar permanentemente la campa\u00f1a interna &#8220;DEJA TU HUELLA VERDE&#8221; para mantener limpios los diferentes espacios de nuestro colegio: ba\u00f1os, casino y patio.<\/p>\n<p>\u00a1Sigamos cuidando nuestro colegio y su entorno!.<\/p>\n"},"excerpt":{"rendered":"<p>La brigada ecol\u00f3gica de nuestro colegio ya est\u00e1 preparada para iniciar sus actividades del segundo semestre, las que estar\u00e1n a cargo del encargado programa &#8220;Ecolog\u00eda y Sustentabilidad\/ Ecology &amp; Sustainability, Mister Gonzalo Castro. Recordemos la importancia de apoyar permanentemente la campa\u00f1a interna &#8220;DEJA TU HUELLA VERDE&#8221; para mantener limpios los diferentes espacios de nuestro colegio: [&hellip;]<\/p>\n","protected":false},"author":14,"featured_media":23557,"comment_status":"open","ping_status":"open","sticky":false,"template":"","format":"standard","meta":{"_acf_changed":false,"content-type":"","_jetpack_memberships_contains_paid_content":false,"footnotes":""},"categories":[1],"tags":[],"class_list":["post-23556","post","type-post","status-publish","format-standard","has-post-thumbnail","hentry","category-vida-escolar"],"acf":[],"yoast_head":"<!-- This site is optimized with the Yoast SEO plugin v27.1.1 - https:\/\/yoast.com\/product\/yoast-seo-wordpress\/ -->\n<title>Vuelve la brigada ecol\u00f3gica este semestre - Colegio Pumahue Temuco<\/title>\n<meta name=\"robots\" content=\"index, follow, max-snippet:-1, max-image-preview:large, max-video-preview:-1\" \/>\n<link rel=\"canonical\" href=\"https:\/\/www.pumahue.cl\/temuco\/noticias\/vuelve-la-brigada-ecologica-este-semestre\/\" \/>\n<meta property=\"og:locale\" content=\"es_ES\" \/>\n<meta property=\"og:type\" content=\"article\" \/>\n<meta property=\"og:title\" content=\"Vuelve la brigada ecol\u00f3gica este semestre - Colegio Pumahue Temuco\" \/>\n<meta property=\"og:description\" content=\"La brigada ecol\u00f3gica de nuestro colegio ya est\u00e1 preparada para iniciar sus actividades del segundo semestre, las que estar\u00e1n a cargo del encargado programa &#8220;Ecolog\u00eda y Sustentabilidad\/ Ecology &amp; Sustainability, Mister Gonzalo Castro. Recordemos la importancia de apoyar permanentemente la campa\u00f1a interna &#8220;DEJA TU HUELLA VERDE&#8221; para mantener limpios los diferentes espacios de nuestro colegio: [&hellip;]\" \/>\n<meta property=\"og:url\" content=\"https:\/\/www.pumahue.cl\/temuco\/noticias\/vuelve-la-brigada-ecologica-este-semestre\/\" \/>\n<meta property=\"og:site_name\" content=\"Colegio Pumahue Temuco\" \/>\n<meta property=\"article:publisher\" content=\"http:\/\/www.facebook.com\/ColegiosPumahue\" \/>\n<meta property=\"article:published_time\" content=\"2023-08-03T16:54:31+00:00\" \/>\n<meta property=\"og:image\" content=\"https:\/\/www.pumahue.cl\/temuco\/wp-content\/uploads\/sites\/49\/2025\/02\/cropped-logo_Pumahue_.png\" \/>\n\t<meta property=\"og:image:width\" content=\"512\" \/>\n\t<meta property=\"og:image:height\" content=\"512\" \/>\n\t<meta property=\"og:image:type\" content=\"image\/png\" \/>\n<meta name=\"author\" content=\"jorgedelcampo\" \/>\n<meta name=\"twitter:card\" content=\"summary_large_image\" \/>\n<meta name=\"twitter:label1\" content=\"Escrito por\" \/>\n\t<meta name=\"twitter:data1\" content=\"jorgedelcampo\" \/>\n<script type=\"application\/ld+json\" class=\"yoast-schema-graph\">{\"@context\":\"https:\/\/schema.org\",\"@graph\":[{\"@type\":\"Article\",\"@id\":\"https:\/\/www.pumahue.cl\/temuco\/noticias\/vuelve-la-brigada-ecologica-este-semestre\/#article\",\"isPartOf\":{\"@id\":\"https:\/\/www.pumahue.cl\/temuco\/noticias\/vuelve-la-brigada-ecologica-este-semestre\/\"},\"author\":{\"name\":\"jorgedelcampo\",\"@id\":\"https:\/\/www.pumahue.cl\/temuco\/#\/schema\/person\/0debeea140e397b5d490ee7e553255d8\"},\"headline\":\"Vuelve la brigada ecol\u00f3gica este semestre\",\"datePublished\":\"2023-08-03T16:54:31+00:00\",\"mainEntityOfPage\":{\"@id\":\"https:\/\/www.pumahue.cl\/temuco\/noticias\/vuelve-la-brigada-ecologica-este-semestre\/\"},\"wordCount\":78,\"commentCount\":0,\"publisher\":{\"@id\":\"https:\/\/www.pumahue.cl\/temuco\/#organization\"},\"image\":{\"@id\":\"https:\/\/www.pumahue.cl\/temuco\/noticias\/vuelve-la-brigada-ecologica-este-semestre\/#primaryimage\"},\"thumbnailUrl\":\"\",\"articleSection\":[\"Vida Escolar\"],\"inLanguage\":\"es\",\"potentialAction\":[{\"@type\":\"CommentAction\",\"name\":\"Comment\",\"target\":[\"https:\/\/www.pumahue.cl\/temuco\/noticias\/vuelve-la-brigada-ecologica-este-semestre\/#respond\"]}]},{\"@type\":\"WebPage\",\"@id\":\"https:\/\/www.pumahue.cl\/temuco\/noticias\/vuelve-la-brigada-ecologica-este-semestre\/\",\"url\":\"https:\/\/www.pumahue.cl\/temuco\/noticias\/vuelve-la-brigada-ecologica-este-semestre\/\",\"name\":\"Vuelve la brigada ecol\u00f3gica este semestre - Colegio Pumahue Temuco\",\"isPartOf\":{\"@id\":\"https:\/\/www.pumahue.cl\/temuco\/#website\"},\"primaryImageOfPage\":{\"@id\":\"https:\/\/www.pumahue.cl\/temuco\/noticias\/vuelve-la-brigada-ecologica-este-semestre\/#primaryimage\"},\"image\":{\"@id\":\"https:\/\/www.pumahue.cl\/temuco\/noticias\/vuelve-la-brigada-ecologica-este-semestre\/#primaryimage\"},\"thumbnailUrl\":\"\",\"datePublished\":\"2023-08-03T16:54:31+00:00\",\"breadcrumb\":{\"@id\":\"https:\/\/www.pumahue.cl\/temuco\/noticias\/vuelve-la-brigada-ecologica-este-semestre\/#breadcrumb\"},\"inLanguage\":\"es\",\"potentialAction\":[{\"@type\":\"ReadAction\",\"target\":[\"https:\/\/www.pumahue.cl\/temuco\/noticias\/vuelve-la-brigada-ecologica-este-semestre\/\"]}]},{\"@type\":\"ImageObject\",\"inLanguage\":\"es\",\"@id\":\"https:\/\/www.pumahue.cl\/temuco\/noticias\/vuelve-la-brigada-ecologica-este-semestre\/#primaryimage\",\"url\":\"\",\"contentUrl\":\"\"},{\"@type\":\"BreadcrumbList\",\"@id\":\"https:\/\/www.pumahue.cl\/temuco\/noticias\/vuelve-la-brigada-ecologica-este-semestre\/#breadcrumb\",\"itemListElement\":[{\"@type\":\"ListItem\",\"position\":1,\"name\":\"Home\",\"item\":\"https:\/\/www.pumahue.cl\/temuco\/\"},{\"@type\":\"ListItem\",\"position\":2,\"name\":\"Vuelve la brigada ecol\u00f3gica este semestre\"}]},{\"@type\":\"WebSite\",\"@id\":\"https:\/\/www.pumahue.cl\/temuco\/#website\",\"url\":\"https:\/\/www.pumahue.cl\/temuco\/\",\"name\":\"Colegio Pumahue Temuco\",\"description\":\"Parte de Cognita Schools\",\"publisher\":{\"@id\":\"https:\/\/www.pumahue.cl\/temuco\/#organization\"},\"potentialAction\":[{\"@type\":\"SearchAction\",\"target\":{\"@type\":\"EntryPoint\",\"urlTemplate\":\"https:\/\/www.pumahue.cl\/temuco\/?s={search_term_string}\"},\"query-input\":{\"@type\":\"PropertyValueSpecification\",\"valueRequired\":true,\"valueName\":\"search_term_string\"}}],\"inLanguage\":\"es\"},{\"@type\":\"Organization\",\"@id\":\"https:\/\/www.pumahue.cl\/temuco\/#organization\",\"name\":\"Colegio Pumahue Temuco\",\"url\":\"https:\/\/www.pumahue.cl\/temuco\/\",\"logo\":{\"@type\":\"ImageObject\",\"inLanguage\":\"es\",\"@id\":\"https:\/\/www.pumahue.cl\/temuco\/#\/schema\/logo\/image\/\",\"url\":\"https:\/\/www.pumahue.cl\/temuco\/wp-content\/uploads\/sites\/49\/2025\/02\/cropped-logo_Pumahue_.png\",\"contentUrl\":\"https:\/\/www.pumahue.cl\/temuco\/wp-content\/uploads\/sites\/49\/2025\/02\/cropped-logo_Pumahue_.png\",\"width\":512,\"height\":512,\"caption\":\"Colegio Pumahue Temuco\"},\"image\":{\"@id\":\"https:\/\/www.pumahue.cl\/temuco\/#\/schema\/logo\/image\/\"},\"sameAs\":[\"http:\/\/www.facebook.com\/ColegiosPumahue\",\"https:\/\/www.instagram.com\/colegiopumahue_temuco\",\"https:\/\/www.youtube.com\/@CognitaChile\"]},{\"@type\":\"Person\",\"@id\":\"https:\/\/www.pumahue.cl\/temuco\/#\/schema\/person\/0debeea140e397b5d490ee7e553255d8\",\"name\":\"jorgedelcampo\",\"image\":{\"@type\":\"ImageObject\",\"inLanguage\":\"es\",\"@id\":\"https:\/\/www.pumahue.cl\/temuco\/#\/schema\/person\/image\/\",\"url\":\"https:\/\/secure.gravatar.com\/avatar\/4a315f521213b2dc91dbda9bf799f711c8a98ab6f5606ec42cf5b33d1e762e8a?s=96&d=mm&r=g\",\"contentUrl\":\"https:\/\/secure.gravatar.com\/avatar\/4a315f521213b2dc91dbda9bf799f711c8a98ab6f5606ec42cf5b33d1e762e8a?s=96&d=mm&r=g\",\"caption\":\"jorgedelcampo\"}}]}<\/script>\n<!-- \/ Yoast SEO plugin. -->","yoast_head_json":{"title":"Vuelve la brigada ecol\u00f3gica este semestre - Colegio Pumahue Temuco","robots":{"index":"index","follow":"follow","max-snippet":"max-snippet:-1","max-image-preview":"max-image-preview:large","max-video-preview":"max-video-preview:-1"},"canonical":"https:\/\/www.pumahue.cl\/temuco\/noticias\/vuelve-la-brigada-ecologica-este-semestre\/","og_locale":"es_ES","og_type":"article","og_title":"Vuelve la brigada ecol\u00f3gica este semestre - Colegio Pumahue Temuco","og_description":"La brigada ecol\u00f3gica de nuestro colegio ya est\u00e1 preparada para iniciar sus actividades del segundo semestre, las que estar\u00e1n a cargo del encargado programa &#8220;Ecolog\u00eda y Sustentabilidad\/ Ecology &amp; Sustainability, Mister Gonzalo Castro. Recordemos la importancia de apoyar permanentemente la campa\u00f1a interna &#8220;DEJA TU HUELLA VERDE&#8221; para mantener limpios los diferentes espacios de nuestro colegio: [&hellip;]","og_url":"https:\/\/www.pumahue.cl\/temuco\/noticias\/vuelve-la-brigada-ecologica-este-semestre\/","og_site_name":"Colegio Pumahue Temuco","article_publisher":"http:\/\/www.facebook.com\/ColegiosPumahue","article_published_time":"2023-08-03T16:54:31+00:00","og_image":[{"width":512,"height":512,"url":"https:\/\/www.pumahue.cl\/temuco\/wp-content\/uploads\/sites\/49\/2025\/02\/cropped-logo_Pumahue_.png","type":"image\/png"}],"author":"jorgedelcampo","twitter_card":"summary_large_image","twitter_misc":{"Escrito por":"jorgedelcampo"},"schema":{"@context":"https:\/\/schema.org","@graph":[{"@type":"Article","@id":"https:\/\/www.pumahue.cl\/temuco\/noticias\/vuelve-la-brigada-ecologica-este-semestre\/#article","isPartOf":{"@id":"https:\/\/www.pumahue.cl\/temuco\/noticias\/vuelve-la-brigada-ecologica-este-semestre\/"},"author":{"name":"jorgedelcampo","@id":"https:\/\/www.pumahue.cl\/temuco\/#\/schema\/person\/0debeea140e397b5d490ee7e553255d8"},"headline":"Vuelve la brigada ecol\u00f3gica este semestre","datePublished":"2023-08-03T16:54:31+00:00","mainEntityOfPage":{"@id":"https:\/\/www.pumahue.cl\/temuco\/noticias\/vuelve-la-brigada-ecologica-este-semestre\/"},"wordCount":78,"commentCount":0,"publisher":{"@id":"https:\/\/www.pumahue.cl\/temuco\/#organization"},"image":{"@id":"https:\/\/www.pumahue.cl\/temuco\/noticias\/vuelve-la-brigada-ecologica-este-semestre\/#primaryimage"},"thumbnailUrl":"","articleSection":["Vida Escolar"],"inLanguage":"es","potentialAction":[{"@type":"CommentAction","name":"Comment","target":["https:\/\/www.pumahue.cl\/temuco\/noticias\/vuelve-la-brigada-ecologica-este-semestre\/#respond"]}]},{"@type":"WebPage","@id":"https:\/\/www.pumahue.cl\/temuco\/noticias\/vuelve-la-brigada-ecologica-este-semestre\/","url":"https:\/\/www.pumahue.cl\/temuco\/noticias\/vuelve-la-brigada-ecologica-este-semestre\/","name":"Vuelve la brigada ecol\u00f3gica este semestre - Colegio Pumahue Temuco","isPartOf":{"@id":"https:\/\/www.pumahue.cl\/temuco\/#website"},"primaryImageOfPage":{"@id":"https:\/\/www.pumahue.cl\/temuco\/noticias\/vuelve-la-brigada-ecologica-este-semestre\/#primaryimage"},"image":{"@id":"https:\/\/www.pumahue.cl\/temuco\/noticias\/vuelve-la-brigada-ecologica-este-semestre\/#primaryimage"},"thumbnailUrl":"","datePublished":"2023-08-03T16:54:31+00:00","breadcrumb":{"@id":"https:\/\/www.pumahue.cl\/temuco\/noticias\/vuelve-la-brigada-ecologica-este-semestre\/#breadcrumb"},"inLanguage":"es","potentialAction":[{"@type":"ReadAction","target":["https:\/\/www.pumahue.cl\/temuco\/noticias\/vuelve-la-brigada-ecologica-este-semestre\/"]}]},{"@type":"ImageObject","inLanguage":"es","@id":"https:\/\/www.pumahue.cl\/temuco\/noticias\/vuelve-la-brigada-ecologica-este-semestre\/#primaryimage","url":"","contentUrl":""},{"@type":"BreadcrumbList","@id":"https:\/\/www.pumahue.cl\/temuco\/noticias\/vuelve-la-brigada-ecologica-este-semestre\/#breadcrumb","itemListElement":[{"@type":"ListItem","position":1,"name":"Home","item":"https:\/\/www.pumahue.cl\/temuco\/"},{"@type":"ListItem","position":2,"name":"Vuelve la brigada ecol\u00f3gica este semestre"}]},{"@type":"WebSite","@id":"https:\/\/www.pumahue.cl\/temuco\/#website","url":"https:\/\/www.pumahue.cl\/temuco\/","name":"Colegio Pumahue Temuco","description":"Parte de Cognita Schools","publisher":{"@id":"https:\/\/www.pumahue.cl\/temuco\/#organization"},"potentialAction":[{"@type":"SearchAction","target":{"@type":"EntryPoint","urlTemplate":"https:\/\/www.pumahue.cl\/temuco\/?s={search_term_string}"},"query-input":{"@type":"PropertyValueSpecification","valueRequired":true,"valueName":"search_term_string"}}],"inLanguage":"es"},{"@type":"Organization","@id":"https:\/\/www.pumahue.cl\/temuco\/#organization","name":"Colegio Pumahue Temuco","url":"https:\/\/www.pumahue.cl\/temuco\/","logo":{"@type":"ImageObject","inLanguage":"es","@id":"https:\/\/www.pumahue.cl\/temuco\/#\/schema\/logo\/image\/","url":"https:\/\/www.pumahue.cl\/temuco\/wp-content\/uploads\/sites\/49\/2025\/02\/cropped-logo_Pumahue_.png","contentUrl":"https:\/\/www.pumahue.cl\/temuco\/wp-content\/uploads\/sites\/49\/2025\/02\/cropped-logo_Pumahue_.png","width":512,"height":512,"caption":"Colegio Pumahue Temuco"},"image":{"@id":"https:\/\/www.pumahue.cl\/temuco\/#\/schema\/logo\/image\/"},"sameAs":["http:\/\/www.facebook.com\/ColegiosPumahue","https:\/\/www.instagram.com\/colegiopumahue_temuco","https:\/\/www.youtube.com\/@CognitaChile"]},{"@type":"Person","@id":"https:\/\/www.pumahue.cl\/temuco\/#\/schema\/person\/0debeea140e397b5d490ee7e553255d8","name":"jorgedelcampo","image":{"@type":"ImageObject","inLanguage":"es","@id":"https:\/\/www.pumahue.cl\/temuco\/#\/schema\/person\/image\/","url":"https:\/\/secure.gravatar.com\/avatar\/4a315f521213b2dc91dbda9bf799f711c8a98ab6f5606ec42cf5b33d1e762e8a?s=96&d=mm&r=g","contentUrl":"https:\/\/secure.gravatar.com\/avatar\/4a315f521213b2dc91dbda9bf799f711c8a98ab6f5606ec42cf5b33d1e762e8a?s=96&d=mm&r=g","caption":"jorgedelcampo"}}]}},"jetpack_featured_media_url":"","previous_post_ID":23551,"previous_post_title":"Experiencias cient\u00edficas","previous_post_excerpt":"Nuestros estudiantes de los 4tos B\u00e1sicos biling\u00fces, durante esta semana, vivieron de una manera diferente la asignatura de ciencias. En esta oportunidad experimentaron en laboratorio de ciencias para comprender los conceptos de masa y volumen, en el marco de la unidad \u201cMatter and Force\u201d\u009d. &nbsp;","previous_post_link":"https:\/\/www.pumahue.cl\/temuco\/noticias\/experiencias-cientificas\/","previous_post_class":["post-23551","post","type-post","status-publish","format-standard","has-post-thumbnail","hentry","category-vida-escolar"],"next_post_ID":23559,"next_post_title":"Viaje hacia las Maravillas Microsc\u00f3picas","next_post_excerpt":"En este emocionante laboratorio, los ni\u00f1os cient\u00edficos, de 4\u00b0A y 4\u00b0B, se embarcaron en un viaje de descubrimiento para explorar las maravillas microsc\u00f3picas de la naturaleza. Trabajando en grupos, utilizaron microscopios para estudiar las interacciones de seres vivos y elementos no vivos. El laboratorio foment\u00f3 la curiosidad, trabajo en equipo y amor por la ciencia [&hellip;]","next_post_link":"https:\/\/www.pumahue.cl\/temuco\/noticias\/viaje-hacia-las-maravillas-microscopicas\/","next_post_class":["post-23559","post","type-post","status-publish","format-standard","has-post-thumbnail","hentry","category-vida-escolar"],"jetpack_sharing_enabled":true,"_links":{"self":[{"href":"https:\/\/www.pumahue.cl\/temuco\/wp-json\/wp\/v2\/posts\/23556","targetHints":{"allow":["GET"]}}],"collection":[{"href":"https:\/\/www.pumahue.cl\/temuco\/wp-json\/wp\/v2\/posts"}],"about":[{"href":"https:\/\/www.pumahue.cl\/temuco\/wp-json\/wp\/v2\/types\/post"}],"author":[{"embeddable":true,"href":"https:\/\/www.pumahue.cl\/temuco\/wp-json\/wp\/v2\/users\/14"}],"replies":[{"embeddable":true,"href":"https:\/\/www.pumahue.cl\/temuco\/wp-json\/wp\/v2\/comments?post=23556"}],"version-history":[{"count":0,"href":"https:\/\/www.pumahue.cl\/temuco\/wp-json\/wp\/v2\/posts\/23556\/revisions"}],"wp:featuredmedia":[{"embeddable":true,"href":"https:\/\/www.pumahue.cl\/temuco\/wp-json\/"}],"wp:attachment":[{"href":"https:\/\/www.pumahue.cl\/temuco\/wp-json\/wp\/v2\/media?parent=23556"}],"wp:term":[{"taxonomy":"category","embeddable":true,"href":"https:\/\/www.pumahue.cl\/temuco\/wp-json\/wp\/v2\/categories?post=23556"},{"taxonomy":"post_tag","embeddable":true,"href":"https:\/\/www.pumahue.cl\/temuco\/wp-json\/wp\/v2\/tags?post=23556"}],"curies":[{"name":"wp","href":"https:\/\/api.w.org\/{rel}","templated":true}]}}