{"id":23807,"date":"2023-10-03T12:15:23","date_gmt":"2023-10-03T15:15:23","guid":{"rendered":"https:\/\/www.pumahue.cl\/temuco\/?p=23807"},"modified":"2023-10-03T12:15:23","modified_gmt":"2023-10-03T15:15:23","slug":"kinder-b-visita-la-universidad-de-la-frontera","status":"publish","type":"post","link":"https:\/\/www.pumahue.cl\/temuco\/noticias\/kinder-b-visita-la-universidad-de-la-frontera\/","title":{"rendered":"Kinder B visita la Universidad de La Frontera"},"content":{"rendered":"\n<p>Los ni\u00f1os y ni\u00f1as del Kinder B de nuestro Colegio visitaron la Universidad de La Frontera, en el marco de la \u201cMuestra de tecnolog\u00edas avanzadas para ni\u00f1os de k\u00ednder&#8221;, que implement\u00f3 la Universidad. En la ocasi\u00f3n los peque\u00f1os tuvieron la oportunidad de recorrer, junto a sus padres y educadoras, &nbsp;diferentes \u00e1reas de investigaci\u00f3n cient\u00edfica de esta Casa de Estudios Superiores. &nbsp;<\/p>\n\n\n\n<p>El objetivo de esta visita fue acercar a los ni\u00f1os a las tecnolog\u00edas asociadas a rob\u00f3tica, drones y aceleradores lineales, para s\u00ed motivarlos en estas tem\u00e1ticas, ya que se encuentran trabajando en un proyecto de innovaci\u00f3n y tecnolog\u00eda para la conferencia internacional School of the Future, donde ellos van a presentar un proyecto de cuidado y responsabilidad de dispositivos tecnol\u00f3gicos<\/p>\n\n\n\n<p>Los profesionales de la Universidad les prepararon una demostraci\u00f3n del funcionamiento y aplicaciones de un acelerador lineal, de un radio telescopio, de un dron meteorol\u00f3gico, adem\u00e1s de ver en acci\u00f3n un robot industrial e impresoras 3D.<\/p>\n"},"excerpt":{"rendered":"<p>Los ni\u00f1os y ni\u00f1as del Kinder B de nuestro Colegio visitaron la Universidad de La Frontera, en el marco de la \u201cMuestra de tecnolog\u00edas avanzadas para ni\u00f1os de k\u00ednder&#8221;, que implement\u00f3 la Universidad. En la ocasi\u00f3n los peque\u00f1os tuvieron la oportunidad de recorrer, junto a sus padres y educadoras, &nbsp;diferentes \u00e1reas de investigaci\u00f3n cient\u00edfica de [&hellip;]<\/p>\n","protected":false},"author":14,"featured_media":23808,"comment_status":"open","ping_status":"open","sticky":false,"template":"","format":"standard","meta":{"_acf_changed":false,"content-type":"","_jetpack_memberships_contains_paid_content":false,"footnotes":""},"categories":[1],"tags":[],"class_list":["post-23807","post","type-post","status-publish","format-standard","has-post-thumbnail","hentry","category-vida-escolar"],"acf":[],"yoast_head":"<!-- This site is optimized with the Yoast SEO plugin v27.1.1 - https:\/\/yoast.com\/product\/yoast-seo-wordpress\/ -->\n<title>Kinder B visita la Universidad de La Frontera - Colegio Pumahue Temuco<\/title>\n<meta name=\"robots\" content=\"index, follow, max-snippet:-1, max-image-preview:large, max-video-preview:-1\" \/>\n<link rel=\"canonical\" href=\"https:\/\/www.pumahue.cl\/temuco\/noticias\/kinder-b-visita-la-universidad-de-la-frontera\/\" \/>\n<meta property=\"og:locale\" content=\"es_ES\" \/>\n<meta property=\"og:type\" content=\"article\" \/>\n<meta property=\"og:title\" content=\"Kinder B visita la Universidad de La Frontera - Colegio Pumahue Temuco\" \/>\n<meta property=\"og:description\" content=\"Los ni\u00f1os y ni\u00f1as del Kinder B de nuestro Colegio visitaron la Universidad de La Frontera, en el marco de la \u201cMuestra de tecnolog\u00edas avanzadas para ni\u00f1os de k\u00ednder&#8221;, que implement\u00f3 la Universidad. En la ocasi\u00f3n los peque\u00f1os tuvieron la oportunidad de recorrer, junto a sus padres y educadoras, &nbsp;diferentes \u00e1reas de investigaci\u00f3n cient\u00edfica de [&hellip;]\" \/>\n<meta property=\"og:url\" content=\"https:\/\/www.pumahue.cl\/temuco\/noticias\/kinder-b-visita-la-universidad-de-la-frontera\/\" \/>\n<meta property=\"og:site_name\" content=\"Colegio Pumahue Temuco\" \/>\n<meta property=\"article:publisher\" content=\"http:\/\/www.facebook.com\/ColegiosPumahue\" \/>\n<meta property=\"article:published_time\" content=\"2023-10-03T15:15:23+00:00\" \/>\n<meta property=\"og:image\" content=\"https:\/\/www.pumahue.cl\/temuco\/wp-content\/uploads\/sites\/49\/2023\/10\/ufro-1-.jpg\" \/>\n\t<meta property=\"og:image:width\" content=\"836\" \/>\n\t<meta property=\"og:image:height\" content=\"523\" \/>\n\t<meta property=\"og:image:type\" content=\"image\/jpeg\" \/>\n<meta name=\"author\" content=\"jorgedelcampo\" \/>\n<meta name=\"twitter:card\" content=\"summary_large_image\" \/>\n<meta name=\"twitter:label1\" content=\"Escrito por\" \/>\n\t<meta name=\"twitter:data1\" content=\"jorgedelcampo\" \/>\n\t<meta name=\"twitter:label2\" content=\"Tiempo de lectura\" \/>\n\t<meta name=\"twitter:data2\" content=\"1 minuto\" \/>\n<script type=\"application\/ld+json\" class=\"yoast-schema-graph\">{\"@context\":\"https:\/\/schema.org\",\"@graph\":[{\"@type\":\"Article\",\"@id\":\"https:\/\/www.pumahue.cl\/temuco\/noticias\/kinder-b-visita-la-universidad-de-la-frontera\/#article\",\"isPartOf\":{\"@id\":\"https:\/\/www.pumahue.cl\/temuco\/noticias\/kinder-b-visita-la-universidad-de-la-frontera\/\"},\"author\":{\"name\":\"jorgedelcampo\",\"@id\":\"https:\/\/www.pumahue.cl\/temuco\/#\/schema\/person\/0debeea140e397b5d490ee7e553255d8\"},\"headline\":\"Kinder B visita la Universidad de La Frontera\",\"datePublished\":\"2023-10-03T15:15:23+00:00\",\"mainEntityOfPage\":{\"@id\":\"https:\/\/www.pumahue.cl\/temuco\/noticias\/kinder-b-visita-la-universidad-de-la-frontera\/\"},\"wordCount\":186,\"commentCount\":0,\"publisher\":{\"@id\":\"https:\/\/www.pumahue.cl\/temuco\/#organization\"},\"image\":{\"@id\":\"https:\/\/www.pumahue.cl\/temuco\/noticias\/kinder-b-visita-la-universidad-de-la-frontera\/#primaryimage\"},\"thumbnailUrl\":\"https:\/\/www.pumahue.cl\/temuco\/wp-content\/uploads\/sites\/49\/2023\/10\/ufro-1-.jpg\",\"articleSection\":[\"Vida Escolar\"],\"inLanguage\":\"es\",\"potentialAction\":[{\"@type\":\"CommentAction\",\"name\":\"Comment\",\"target\":[\"https:\/\/www.pumahue.cl\/temuco\/noticias\/kinder-b-visita-la-universidad-de-la-frontera\/#respond\"]}]},{\"@type\":\"WebPage\",\"@id\":\"https:\/\/www.pumahue.cl\/temuco\/noticias\/kinder-b-visita-la-universidad-de-la-frontera\/\",\"url\":\"https:\/\/www.pumahue.cl\/temuco\/noticias\/kinder-b-visita-la-universidad-de-la-frontera\/\",\"name\":\"Kinder B visita la Universidad de La Frontera - Colegio Pumahue Temuco\",\"isPartOf\":{\"@id\":\"https:\/\/www.pumahue.cl\/temuco\/#website\"},\"primaryImageOfPage\":{\"@id\":\"https:\/\/www.pumahue.cl\/temuco\/noticias\/kinder-b-visita-la-universidad-de-la-frontera\/#primaryimage\"},\"image\":{\"@id\":\"https:\/\/www.pumahue.cl\/temuco\/noticias\/kinder-b-visita-la-universidad-de-la-frontera\/#primaryimage\"},\"thumbnailUrl\":\"https:\/\/www.pumahue.cl\/temuco\/wp-content\/uploads\/sites\/49\/2023\/10\/ufro-1-.jpg\",\"datePublished\":\"2023-10-03T15:15:23+00:00\",\"breadcrumb\":{\"@id\":\"https:\/\/www.pumahue.cl\/temuco\/noticias\/kinder-b-visita-la-universidad-de-la-frontera\/#breadcrumb\"},\"inLanguage\":\"es\",\"potentialAction\":[{\"@type\":\"ReadAction\",\"target\":[\"https:\/\/www.pumahue.cl\/temuco\/noticias\/kinder-b-visita-la-universidad-de-la-frontera\/\"]}]},{\"@type\":\"ImageObject\",\"inLanguage\":\"es\",\"@id\":\"https:\/\/www.pumahue.cl\/temuco\/noticias\/kinder-b-visita-la-universidad-de-la-frontera\/#primaryimage\",\"url\":\"https:\/\/www.pumahue.cl\/temuco\/wp-content\/uploads\/sites\/49\/2023\/10\/ufro-1-.jpg\",\"contentUrl\":\"https:\/\/www.pumahue.cl\/temuco\/wp-content\/uploads\/sites\/49\/2023\/10\/ufro-1-.jpg\",\"width\":836,\"height\":523},{\"@type\":\"BreadcrumbList\",\"@id\":\"https:\/\/www.pumahue.cl\/temuco\/noticias\/kinder-b-visita-la-universidad-de-la-frontera\/#breadcrumb\",\"itemListElement\":[{\"@type\":\"ListItem\",\"position\":1,\"name\":\"Home\",\"item\":\"https:\/\/www.pumahue.cl\/temuco\/\"},{\"@type\":\"ListItem\",\"position\":2,\"name\":\"Kinder B visita la Universidad de La Frontera\"}]},{\"@type\":\"WebSite\",\"@id\":\"https:\/\/www.pumahue.cl\/temuco\/#website\",\"url\":\"https:\/\/www.pumahue.cl\/temuco\/\",\"name\":\"Colegio Pumahue Temuco\",\"description\":\"Parte de Cognita Schools\",\"publisher\":{\"@id\":\"https:\/\/www.pumahue.cl\/temuco\/#organization\"},\"potentialAction\":[{\"@type\":\"SearchAction\",\"target\":{\"@type\":\"EntryPoint\",\"urlTemplate\":\"https:\/\/www.pumahue.cl\/temuco\/?s={search_term_string}\"},\"query-input\":{\"@type\":\"PropertyValueSpecification\",\"valueRequired\":true,\"valueName\":\"search_term_string\"}}],\"inLanguage\":\"es\"},{\"@type\":\"Organization\",\"@id\":\"https:\/\/www.pumahue.cl\/temuco\/#organization\",\"name\":\"Colegio Pumahue Temuco\",\"url\":\"https:\/\/www.pumahue.cl\/temuco\/\",\"logo\":{\"@type\":\"ImageObject\",\"inLanguage\":\"es\",\"@id\":\"https:\/\/www.pumahue.cl\/temuco\/#\/schema\/logo\/image\/\",\"url\":\"https:\/\/www.pumahue.cl\/temuco\/wp-content\/uploads\/sites\/49\/2025\/02\/cropped-logo_Pumahue_.png\",\"contentUrl\":\"https:\/\/www.pumahue.cl\/temuco\/wp-content\/uploads\/sites\/49\/2025\/02\/cropped-logo_Pumahue_.png\",\"width\":512,\"height\":512,\"caption\":\"Colegio Pumahue Temuco\"},\"image\":{\"@id\":\"https:\/\/www.pumahue.cl\/temuco\/#\/schema\/logo\/image\/\"},\"sameAs\":[\"http:\/\/www.facebook.com\/ColegiosPumahue\",\"https:\/\/www.instagram.com\/colegiopumahue_temuco\",\"https:\/\/www.youtube.com\/@CognitaChile\"]},{\"@type\":\"Person\",\"@id\":\"https:\/\/www.pumahue.cl\/temuco\/#\/schema\/person\/0debeea140e397b5d490ee7e553255d8\",\"name\":\"jorgedelcampo\",\"image\":{\"@type\":\"ImageObject\",\"inLanguage\":\"es\",\"@id\":\"https:\/\/www.pumahue.cl\/temuco\/#\/schema\/person\/image\/\",\"url\":\"https:\/\/secure.gravatar.com\/avatar\/4a315f521213b2dc91dbda9bf799f711c8a98ab6f5606ec42cf5b33d1e762e8a?s=96&d=mm&r=g\",\"contentUrl\":\"https:\/\/secure.gravatar.com\/avatar\/4a315f521213b2dc91dbda9bf799f711c8a98ab6f5606ec42cf5b33d1e762e8a?s=96&d=mm&r=g\",\"caption\":\"jorgedelcampo\"}}]}<\/script>\n<!-- \/ Yoast SEO plugin. -->","yoast_head_json":{"title":"Kinder B visita la Universidad de La Frontera - Colegio Pumahue Temuco","robots":{"index":"index","follow":"follow","max-snippet":"max-snippet:-1","max-image-preview":"max-image-preview:large","max-video-preview":"max-video-preview:-1"},"canonical":"https:\/\/www.pumahue.cl\/temuco\/noticias\/kinder-b-visita-la-universidad-de-la-frontera\/","og_locale":"es_ES","og_type":"article","og_title":"Kinder B visita la Universidad de La Frontera - Colegio Pumahue Temuco","og_description":"Los ni\u00f1os y ni\u00f1as del Kinder B de nuestro Colegio visitaron la Universidad de La Frontera, en el marco de la \u201cMuestra de tecnolog\u00edas avanzadas para ni\u00f1os de k\u00ednder&#8221;, que implement\u00f3 la Universidad. En la ocasi\u00f3n los peque\u00f1os tuvieron la oportunidad de recorrer, junto a sus padres y educadoras, &nbsp;diferentes \u00e1reas de investigaci\u00f3n cient\u00edfica de [&hellip;]","og_url":"https:\/\/www.pumahue.cl\/temuco\/noticias\/kinder-b-visita-la-universidad-de-la-frontera\/","og_site_name":"Colegio Pumahue Temuco","article_publisher":"http:\/\/www.facebook.com\/ColegiosPumahue","article_published_time":"2023-10-03T15:15:23+00:00","og_image":[{"width":836,"height":523,"url":"https:\/\/www.pumahue.cl\/temuco\/wp-content\/uploads\/sites\/49\/2023\/10\/ufro-1-.jpg","type":"image\/jpeg"}],"author":"jorgedelcampo","twitter_card":"summary_large_image","twitter_misc":{"Escrito por":"jorgedelcampo","Tiempo de lectura":"1 minuto"},"schema":{"@context":"https:\/\/schema.org","@graph":[{"@type":"Article","@id":"https:\/\/www.pumahue.cl\/temuco\/noticias\/kinder-b-visita-la-universidad-de-la-frontera\/#article","isPartOf":{"@id":"https:\/\/www.pumahue.cl\/temuco\/noticias\/kinder-b-visita-la-universidad-de-la-frontera\/"},"author":{"name":"jorgedelcampo","@id":"https:\/\/www.pumahue.cl\/temuco\/#\/schema\/person\/0debeea140e397b5d490ee7e553255d8"},"headline":"Kinder B visita la Universidad de La Frontera","datePublished":"2023-10-03T15:15:23+00:00","mainEntityOfPage":{"@id":"https:\/\/www.pumahue.cl\/temuco\/noticias\/kinder-b-visita-la-universidad-de-la-frontera\/"},"wordCount":186,"commentCount":0,"publisher":{"@id":"https:\/\/www.pumahue.cl\/temuco\/#organization"},"image":{"@id":"https:\/\/www.pumahue.cl\/temuco\/noticias\/kinder-b-visita-la-universidad-de-la-frontera\/#primaryimage"},"thumbnailUrl":"https:\/\/www.pumahue.cl\/temuco\/wp-content\/uploads\/sites\/49\/2023\/10\/ufro-1-.jpg","articleSection":["Vida Escolar"],"inLanguage":"es","potentialAction":[{"@type":"CommentAction","name":"Comment","target":["https:\/\/www.pumahue.cl\/temuco\/noticias\/kinder-b-visita-la-universidad-de-la-frontera\/#respond"]}]},{"@type":"WebPage","@id":"https:\/\/www.pumahue.cl\/temuco\/noticias\/kinder-b-visita-la-universidad-de-la-frontera\/","url":"https:\/\/www.pumahue.cl\/temuco\/noticias\/kinder-b-visita-la-universidad-de-la-frontera\/","name":"Kinder B visita la Universidad de La Frontera - Colegio Pumahue Temuco","isPartOf":{"@id":"https:\/\/www.pumahue.cl\/temuco\/#website"},"primaryImageOfPage":{"@id":"https:\/\/www.pumahue.cl\/temuco\/noticias\/kinder-b-visita-la-universidad-de-la-frontera\/#primaryimage"},"image":{"@id":"https:\/\/www.pumahue.cl\/temuco\/noticias\/kinder-b-visita-la-universidad-de-la-frontera\/#primaryimage"},"thumbnailUrl":"https:\/\/www.pumahue.cl\/temuco\/wp-content\/uploads\/sites\/49\/2023\/10\/ufro-1-.jpg","datePublished":"2023-10-03T15:15:23+00:00","breadcrumb":{"@id":"https:\/\/www.pumahue.cl\/temuco\/noticias\/kinder-b-visita-la-universidad-de-la-frontera\/#breadcrumb"},"inLanguage":"es","potentialAction":[{"@type":"ReadAction","target":["https:\/\/www.pumahue.cl\/temuco\/noticias\/kinder-b-visita-la-universidad-de-la-frontera\/"]}]},{"@type":"ImageObject","inLanguage":"es","@id":"https:\/\/www.pumahue.cl\/temuco\/noticias\/kinder-b-visita-la-universidad-de-la-frontera\/#primaryimage","url":"https:\/\/www.pumahue.cl\/temuco\/wp-content\/uploads\/sites\/49\/2023\/10\/ufro-1-.jpg","contentUrl":"https:\/\/www.pumahue.cl\/temuco\/wp-content\/uploads\/sites\/49\/2023\/10\/ufro-1-.jpg","width":836,"height":523},{"@type":"BreadcrumbList","@id":"https:\/\/www.pumahue.cl\/temuco\/noticias\/kinder-b-visita-la-universidad-de-la-frontera\/#breadcrumb","itemListElement":[{"@type":"ListItem","position":1,"name":"Home","item":"https:\/\/www.pumahue.cl\/temuco\/"},{"@type":"ListItem","position":2,"name":"Kinder B visita la Universidad de La Frontera"}]},{"@type":"WebSite","@id":"https:\/\/www.pumahue.cl\/temuco\/#website","url":"https:\/\/www.pumahue.cl\/temuco\/","name":"Colegio Pumahue Temuco","description":"Parte de Cognita Schools","publisher":{"@id":"https:\/\/www.pumahue.cl\/temuco\/#organization"},"potentialAction":[{"@type":"SearchAction","target":{"@type":"EntryPoint","urlTemplate":"https:\/\/www.pumahue.cl\/temuco\/?s={search_term_string}"},"query-input":{"@type":"PropertyValueSpecification","valueRequired":true,"valueName":"search_term_string"}}],"inLanguage":"es"},{"@type":"Organization","@id":"https:\/\/www.pumahue.cl\/temuco\/#organization","name":"Colegio Pumahue Temuco","url":"https:\/\/www.pumahue.cl\/temuco\/","logo":{"@type":"ImageObject","inLanguage":"es","@id":"https:\/\/www.pumahue.cl\/temuco\/#\/schema\/logo\/image\/","url":"https:\/\/www.pumahue.cl\/temuco\/wp-content\/uploads\/sites\/49\/2025\/02\/cropped-logo_Pumahue_.png","contentUrl":"https:\/\/www.pumahue.cl\/temuco\/wp-content\/uploads\/sites\/49\/2025\/02\/cropped-logo_Pumahue_.png","width":512,"height":512,"caption":"Colegio Pumahue Temuco"},"image":{"@id":"https:\/\/www.pumahue.cl\/temuco\/#\/schema\/logo\/image\/"},"sameAs":["http:\/\/www.facebook.com\/ColegiosPumahue","https:\/\/www.instagram.com\/colegiopumahue_temuco","https:\/\/www.youtube.com\/@CognitaChile"]},{"@type":"Person","@id":"https:\/\/www.pumahue.cl\/temuco\/#\/schema\/person\/0debeea140e397b5d490ee7e553255d8","name":"jorgedelcampo","image":{"@type":"ImageObject","inLanguage":"es","@id":"https:\/\/www.pumahue.cl\/temuco\/#\/schema\/person\/image\/","url":"https:\/\/secure.gravatar.com\/avatar\/4a315f521213b2dc91dbda9bf799f711c8a98ab6f5606ec42cf5b33d1e762e8a?s=96&d=mm&r=g","contentUrl":"https:\/\/secure.gravatar.com\/avatar\/4a315f521213b2dc91dbda9bf799f711c8a98ab6f5606ec42cf5b33d1e762e8a?s=96&d=mm&r=g","caption":"jorgedelcampo"}}]}},"jetpack_featured_media_url":"https:\/\/www.pumahue.cl\/temuco\/wp-content\/uploads\/sites\/49\/2023\/10\/ufro-1-.jpg","previous_post_ID":23804,"previous_post_title":"Semana de la ciencia","previous_post_excerpt":"En nuestro Colegio se vivir\u00e1 la semana de la ciencia entre el 02 y 06 de octubre. Para ello, el departamento de Ciencias ha preparado interesantes actividades, entre las que se cuentan: charlas, laboratorios entretenidos, visitas de universidades entre otras. Destaca entre estas actividades la participaci\u00f3n de Gabriel Le\u00f3n, bioqu\u00edmico y doctor en biolog\u00eda celular [&hellip;]","previous_post_link":"https:\/\/www.pumahue.cl\/temuco\/noticias\/semana-de-la-ciencia\/","previous_post_class":["post-23804","post","type-post","status-publish","format-standard","has-post-thumbnail","hentry","category-vida-escolar"],"next_post_ID":23816,"next_post_title":"Jornada de Integraci\u00f3n de Viaje de Intercambio UK","next_post_excerpt":"El pasado s\u00e1bado 30 de septiembre se realiz\u00f3 un exitosa Jornada de Integraci\u00f3n del Programa de Intercambio UK en el Colegio Pumahue Chicureo. Este evento fue organizado para padres y estudiantes, previo al viaje que el 3 de noviembre inician 60 j\u00f3venes de la red Cognita Chile. La jornada de integraci\u00f3n, que se realiza previo [&hellip;]","next_post_link":"https:\/\/www.pumahue.cl\/temuco\/noticias\/jornada-de-integracion-de-viaje-de-intercambio-uk\/","next_post_class":["post-23816","post","type-post","status-publish","format-standard","has-post-thumbnail","hentry","category-vida-escolar"],"jetpack_sharing_enabled":true,"_links":{"self":[{"href":"https:\/\/www.pumahue.cl\/temuco\/wp-json\/wp\/v2\/posts\/23807","targetHints":{"allow":["GET"]}}],"collection":[{"href":"https:\/\/www.pumahue.cl\/temuco\/wp-json\/wp\/v2\/posts"}],"about":[{"href":"https:\/\/www.pumahue.cl\/temuco\/wp-json\/wp\/v2\/types\/post"}],"author":[{"embeddable":true,"href":"https:\/\/www.pumahue.cl\/temuco\/wp-json\/wp\/v2\/users\/14"}],"replies":[{"embeddable":true,"href":"https:\/\/www.pumahue.cl\/temuco\/wp-json\/wp\/v2\/comments?post=23807"}],"version-history":[{"count":0,"href":"https:\/\/www.pumahue.cl\/temuco\/wp-json\/wp\/v2\/posts\/23807\/revisions"}],"wp:featuredmedia":[{"embeddable":true,"href":"https:\/\/www.pumahue.cl\/temuco\/wp-json\/wp\/v2\/media\/23808"}],"wp:attachment":[{"href":"https:\/\/www.pumahue.cl\/temuco\/wp-json\/wp\/v2\/media?parent=23807"}],"wp:term":[{"taxonomy":"category","embeddable":true,"href":"https:\/\/www.pumahue.cl\/temuco\/wp-json\/wp\/v2\/categories?post=23807"},{"taxonomy":"post_tag","embeddable":true,"href":"https:\/\/www.pumahue.cl\/temuco\/wp-json\/wp\/v2\/tags?post=23807"}],"curies":[{"name":"wp","href":"https:\/\/api.w.org\/{rel}","templated":true}]}}