{"id":23847,"date":"2023-10-06T17:38:36","date_gmt":"2023-10-06T20:38:36","guid":{"rendered":"https:\/\/www.pumahue.cl\/temuco\/?p=23847"},"modified":"2023-10-06T17:38:36","modified_gmt":"2023-10-06T20:38:36","slug":"es-momento-de-celebrar","status":"publish","type":"post","link":"https:\/\/www.pumahue.cl\/temuco\/noticias\/es-momento-de-celebrar\/","title":{"rendered":"Es momento de celebrar"},"content":{"rendered":"\n<p>Debido a las <strong>actividades de aniversario de nuestro colegio y de la celebraci\u00f3n del d\u00eda del profesor<\/strong>, la pr\u00f3xima semana, se suspender\u00e1n las actividades extraprogram\u00e1ticas que se desarrollan en los diferentes espacios f\u00edsicos de nuestro establecimiento.<\/p>\n\n\n\n<p>Asimismo, les comentamos que, producto de los eventos se\u00f1alados, existir\u00e1n salidas anticipadas de los estudiantes, seg\u00fan la siguiente indicaci\u00f3n:<\/p>\n\n\n\n<p><strong>Educ. Parvularia<\/strong><\/p>\n\n\n\n<p>Jueves 12 de octubre salida anticipada 12.:30 horas&nbsp;<\/p>\n\n\n\n<p><strong>Ens. B\u00e1sica: 1\u00b0 a 3\u00b0 B\u00e1sico<\/strong><\/p>\n\n\n\n<p>Jueves 12 de octubre salida anticipada 12:45 horas<\/p>\n\n\n\n<p><strong>Ens. B\u00e1sica: 4\u00b0 a 6\u00b0 B\u00e1sico<\/strong><\/p>\n\n\n\n<p>Jueves 12 de octubre salida anticipada 13:00 horas<\/p>\n\n\n\n<p><strong>Media: 7\u00b0 a IV \u00b0Medio<\/strong><\/p>\n\n\n\n<p>Mi\u00e9rcoles 11 y 12 jueves de octubre salida anticipada 13:15 horas<\/p>\n\n\n\n<p>Viernes 13 no habr\u00e1 clases de ning\u00fan ciclo (D\u00eda del Profesor).<\/p>\n\n\n\n<p>En tanto jueves 12 de octubre, en las dos primeras horas, los estudiantes podr\u00e1n realizar convivencias en sus respectivas salas. De manera voluntaria, los apoderados que deseen adornar las salas, tendr\u00e1n la posibilidad de hacerlo el mi\u00e9rcoles 11 de octubre, en la tarde.<\/p>\n\n\n\n<p><\/p>\n"},"excerpt":{"rendered":"<p>Debido a las actividades de aniversario de nuestro colegio y de la celebraci\u00f3n del d\u00eda del profesor, la pr\u00f3xima semana, se suspender\u00e1n las actividades extraprogram\u00e1ticas que se desarrollan en los diferentes espacios f\u00edsicos de nuestro establecimiento. Asimismo, les comentamos que, producto de los eventos se\u00f1alados, existir\u00e1n salidas anticipadas de los estudiantes, seg\u00fan la siguiente indicaci\u00f3n: [&hellip;]<\/p>\n","protected":false},"author":14,"featured_media":23848,"comment_status":"open","ping_status":"open","sticky":false,"template":"","format":"standard","meta":{"_acf_changed":false,"content-type":"","_jetpack_memberships_contains_paid_content":false,"footnotes":""},"categories":[1],"tags":[],"class_list":["post-23847","post","type-post","status-publish","format-standard","has-post-thumbnail","hentry","category-vida-escolar"],"acf":[],"yoast_head":"<!-- This site is optimized with the Yoast SEO plugin v27.1.1 - https:\/\/yoast.com\/product\/yoast-seo-wordpress\/ -->\n<title>Es momento de celebrar - Colegio Pumahue Temuco<\/title>\n<meta name=\"robots\" content=\"index, follow, max-snippet:-1, max-image-preview:large, max-video-preview:-1\" \/>\n<link rel=\"canonical\" href=\"https:\/\/www.pumahue.cl\/temuco\/noticias\/es-momento-de-celebrar\/\" \/>\n<meta property=\"og:locale\" content=\"es_ES\" \/>\n<meta property=\"og:type\" content=\"article\" \/>\n<meta property=\"og:title\" content=\"Es momento de celebrar - Colegio Pumahue Temuco\" \/>\n<meta property=\"og:description\" content=\"Debido a las actividades de aniversario de nuestro colegio y de la celebraci\u00f3n del d\u00eda del profesor, la pr\u00f3xima semana, se suspender\u00e1n las actividades extraprogram\u00e1ticas que se desarrollan en los diferentes espacios f\u00edsicos de nuestro establecimiento. Asimismo, les comentamos que, producto de los eventos se\u00f1alados, existir\u00e1n salidas anticipadas de los estudiantes, seg\u00fan la siguiente indicaci\u00f3n: [&hellip;]\" \/>\n<meta property=\"og:url\" content=\"https:\/\/www.pumahue.cl\/temuco\/noticias\/es-momento-de-celebrar\/\" \/>\n<meta property=\"og:site_name\" content=\"Colegio Pumahue Temuco\" \/>\n<meta property=\"article:publisher\" content=\"http:\/\/www.facebook.com\/ColegiosPumahue\" \/>\n<meta property=\"article:published_time\" content=\"2023-10-06T20:38:36+00:00\" \/>\n<meta property=\"og:image\" content=\"https:\/\/www.pumahue.cl\/temuco\/wp-content\/uploads\/sites\/49\/2023\/10\/Aniversario-23.jpg\" \/>\n\t<meta property=\"og:image:width\" content=\"836\" \/>\n\t<meta property=\"og:image:height\" content=\"523\" \/>\n\t<meta property=\"og:image:type\" content=\"image\/jpeg\" \/>\n<meta name=\"author\" content=\"jorgedelcampo\" \/>\n<meta name=\"twitter:card\" content=\"summary_large_image\" \/>\n<meta name=\"twitter:label1\" content=\"Escrito por\" \/>\n\t<meta name=\"twitter:data1\" content=\"jorgedelcampo\" \/>\n\t<meta name=\"twitter:label2\" content=\"Tiempo de lectura\" \/>\n\t<meta name=\"twitter:data2\" content=\"1 minuto\" \/>\n<script type=\"application\/ld+json\" class=\"yoast-schema-graph\">{\"@context\":\"https:\/\/schema.org\",\"@graph\":[{\"@type\":\"Article\",\"@id\":\"https:\/\/www.pumahue.cl\/temuco\/noticias\/es-momento-de-celebrar\/#article\",\"isPartOf\":{\"@id\":\"https:\/\/www.pumahue.cl\/temuco\/noticias\/es-momento-de-celebrar\/\"},\"author\":{\"name\":\"jorgedelcampo\",\"@id\":\"https:\/\/www.pumahue.cl\/temuco\/#\/schema\/person\/0debeea140e397b5d490ee7e553255d8\"},\"headline\":\"Es momento de celebrar\",\"datePublished\":\"2023-10-06T20:38:36+00:00\",\"mainEntityOfPage\":{\"@id\":\"https:\/\/www.pumahue.cl\/temuco\/noticias\/es-momento-de-celebrar\/\"},\"wordCount\":171,\"commentCount\":0,\"publisher\":{\"@id\":\"https:\/\/www.pumahue.cl\/temuco\/#organization\"},\"image\":{\"@id\":\"https:\/\/www.pumahue.cl\/temuco\/noticias\/es-momento-de-celebrar\/#primaryimage\"},\"thumbnailUrl\":\"https:\/\/www.pumahue.cl\/temuco\/wp-content\/uploads\/sites\/49\/2023\/10\/Aniversario-23.jpg\",\"articleSection\":[\"Vida Escolar\"],\"inLanguage\":\"es\",\"potentialAction\":[{\"@type\":\"CommentAction\",\"name\":\"Comment\",\"target\":[\"https:\/\/www.pumahue.cl\/temuco\/noticias\/es-momento-de-celebrar\/#respond\"]}]},{\"@type\":\"WebPage\",\"@id\":\"https:\/\/www.pumahue.cl\/temuco\/noticias\/es-momento-de-celebrar\/\",\"url\":\"https:\/\/www.pumahue.cl\/temuco\/noticias\/es-momento-de-celebrar\/\",\"name\":\"Es momento de celebrar - Colegio Pumahue Temuco\",\"isPartOf\":{\"@id\":\"https:\/\/www.pumahue.cl\/temuco\/#website\"},\"primaryImageOfPage\":{\"@id\":\"https:\/\/www.pumahue.cl\/temuco\/noticias\/es-momento-de-celebrar\/#primaryimage\"},\"image\":{\"@id\":\"https:\/\/www.pumahue.cl\/temuco\/noticias\/es-momento-de-celebrar\/#primaryimage\"},\"thumbnailUrl\":\"https:\/\/www.pumahue.cl\/temuco\/wp-content\/uploads\/sites\/49\/2023\/10\/Aniversario-23.jpg\",\"datePublished\":\"2023-10-06T20:38:36+00:00\",\"breadcrumb\":{\"@id\":\"https:\/\/www.pumahue.cl\/temuco\/noticias\/es-momento-de-celebrar\/#breadcrumb\"},\"inLanguage\":\"es\",\"potentialAction\":[{\"@type\":\"ReadAction\",\"target\":[\"https:\/\/www.pumahue.cl\/temuco\/noticias\/es-momento-de-celebrar\/\"]}]},{\"@type\":\"ImageObject\",\"inLanguage\":\"es\",\"@id\":\"https:\/\/www.pumahue.cl\/temuco\/noticias\/es-momento-de-celebrar\/#primaryimage\",\"url\":\"https:\/\/www.pumahue.cl\/temuco\/wp-content\/uploads\/sites\/49\/2023\/10\/Aniversario-23.jpg\",\"contentUrl\":\"https:\/\/www.pumahue.cl\/temuco\/wp-content\/uploads\/sites\/49\/2023\/10\/Aniversario-23.jpg\",\"width\":836,\"height\":523},{\"@type\":\"BreadcrumbList\",\"@id\":\"https:\/\/www.pumahue.cl\/temuco\/noticias\/es-momento-de-celebrar\/#breadcrumb\",\"itemListElement\":[{\"@type\":\"ListItem\",\"position\":1,\"name\":\"Home\",\"item\":\"https:\/\/www.pumahue.cl\/temuco\/\"},{\"@type\":\"ListItem\",\"position\":2,\"name\":\"Es momento de celebrar\"}]},{\"@type\":\"WebSite\",\"@id\":\"https:\/\/www.pumahue.cl\/temuco\/#website\",\"url\":\"https:\/\/www.pumahue.cl\/temuco\/\",\"name\":\"Colegio Pumahue Temuco\",\"description\":\"Parte de Cognita Schools\",\"publisher\":{\"@id\":\"https:\/\/www.pumahue.cl\/temuco\/#organization\"},\"potentialAction\":[{\"@type\":\"SearchAction\",\"target\":{\"@type\":\"EntryPoint\",\"urlTemplate\":\"https:\/\/www.pumahue.cl\/temuco\/?s={search_term_string}\"},\"query-input\":{\"@type\":\"PropertyValueSpecification\",\"valueRequired\":true,\"valueName\":\"search_term_string\"}}],\"inLanguage\":\"es\"},{\"@type\":\"Organization\",\"@id\":\"https:\/\/www.pumahue.cl\/temuco\/#organization\",\"name\":\"Colegio Pumahue Temuco\",\"url\":\"https:\/\/www.pumahue.cl\/temuco\/\",\"logo\":{\"@type\":\"ImageObject\",\"inLanguage\":\"es\",\"@id\":\"https:\/\/www.pumahue.cl\/temuco\/#\/schema\/logo\/image\/\",\"url\":\"https:\/\/www.pumahue.cl\/temuco\/wp-content\/uploads\/sites\/49\/2025\/02\/cropped-logo_Pumahue_.png\",\"contentUrl\":\"https:\/\/www.pumahue.cl\/temuco\/wp-content\/uploads\/sites\/49\/2025\/02\/cropped-logo_Pumahue_.png\",\"width\":512,\"height\":512,\"caption\":\"Colegio Pumahue Temuco\"},\"image\":{\"@id\":\"https:\/\/www.pumahue.cl\/temuco\/#\/schema\/logo\/image\/\"},\"sameAs\":[\"http:\/\/www.facebook.com\/ColegiosPumahue\",\"https:\/\/www.instagram.com\/colegiopumahue_temuco\",\"https:\/\/www.youtube.com\/@CognitaChile\"]},{\"@type\":\"Person\",\"@id\":\"https:\/\/www.pumahue.cl\/temuco\/#\/schema\/person\/0debeea140e397b5d490ee7e553255d8\",\"name\":\"jorgedelcampo\",\"image\":{\"@type\":\"ImageObject\",\"inLanguage\":\"es\",\"@id\":\"https:\/\/www.pumahue.cl\/temuco\/#\/schema\/person\/image\/\",\"url\":\"https:\/\/secure.gravatar.com\/avatar\/4a315f521213b2dc91dbda9bf799f711c8a98ab6f5606ec42cf5b33d1e762e8a?s=96&d=mm&r=g\",\"contentUrl\":\"https:\/\/secure.gravatar.com\/avatar\/4a315f521213b2dc91dbda9bf799f711c8a98ab6f5606ec42cf5b33d1e762e8a?s=96&d=mm&r=g\",\"caption\":\"jorgedelcampo\"}}]}<\/script>\n<!-- \/ Yoast SEO plugin. -->","yoast_head_json":{"title":"Es momento de celebrar - Colegio Pumahue Temuco","robots":{"index":"index","follow":"follow","max-snippet":"max-snippet:-1","max-image-preview":"max-image-preview:large","max-video-preview":"max-video-preview:-1"},"canonical":"https:\/\/www.pumahue.cl\/temuco\/noticias\/es-momento-de-celebrar\/","og_locale":"es_ES","og_type":"article","og_title":"Es momento de celebrar - Colegio Pumahue Temuco","og_description":"Debido a las actividades de aniversario de nuestro colegio y de la celebraci\u00f3n del d\u00eda del profesor, la pr\u00f3xima semana, se suspender\u00e1n las actividades extraprogram\u00e1ticas que se desarrollan en los diferentes espacios f\u00edsicos de nuestro establecimiento. Asimismo, les comentamos que, producto de los eventos se\u00f1alados, existir\u00e1n salidas anticipadas de los estudiantes, seg\u00fan la siguiente indicaci\u00f3n: [&hellip;]","og_url":"https:\/\/www.pumahue.cl\/temuco\/noticias\/es-momento-de-celebrar\/","og_site_name":"Colegio Pumahue Temuco","article_publisher":"http:\/\/www.facebook.com\/ColegiosPumahue","article_published_time":"2023-10-06T20:38:36+00:00","og_image":[{"width":836,"height":523,"url":"https:\/\/www.pumahue.cl\/temuco\/wp-content\/uploads\/sites\/49\/2023\/10\/Aniversario-23.jpg","type":"image\/jpeg"}],"author":"jorgedelcampo","twitter_card":"summary_large_image","twitter_misc":{"Escrito por":"jorgedelcampo","Tiempo de lectura":"1 minuto"},"schema":{"@context":"https:\/\/schema.org","@graph":[{"@type":"Article","@id":"https:\/\/www.pumahue.cl\/temuco\/noticias\/es-momento-de-celebrar\/#article","isPartOf":{"@id":"https:\/\/www.pumahue.cl\/temuco\/noticias\/es-momento-de-celebrar\/"},"author":{"name":"jorgedelcampo","@id":"https:\/\/www.pumahue.cl\/temuco\/#\/schema\/person\/0debeea140e397b5d490ee7e553255d8"},"headline":"Es momento de celebrar","datePublished":"2023-10-06T20:38:36+00:00","mainEntityOfPage":{"@id":"https:\/\/www.pumahue.cl\/temuco\/noticias\/es-momento-de-celebrar\/"},"wordCount":171,"commentCount":0,"publisher":{"@id":"https:\/\/www.pumahue.cl\/temuco\/#organization"},"image":{"@id":"https:\/\/www.pumahue.cl\/temuco\/noticias\/es-momento-de-celebrar\/#primaryimage"},"thumbnailUrl":"https:\/\/www.pumahue.cl\/temuco\/wp-content\/uploads\/sites\/49\/2023\/10\/Aniversario-23.jpg","articleSection":["Vida Escolar"],"inLanguage":"es","potentialAction":[{"@type":"CommentAction","name":"Comment","target":["https:\/\/www.pumahue.cl\/temuco\/noticias\/es-momento-de-celebrar\/#respond"]}]},{"@type":"WebPage","@id":"https:\/\/www.pumahue.cl\/temuco\/noticias\/es-momento-de-celebrar\/","url":"https:\/\/www.pumahue.cl\/temuco\/noticias\/es-momento-de-celebrar\/","name":"Es momento de celebrar - Colegio Pumahue Temuco","isPartOf":{"@id":"https:\/\/www.pumahue.cl\/temuco\/#website"},"primaryImageOfPage":{"@id":"https:\/\/www.pumahue.cl\/temuco\/noticias\/es-momento-de-celebrar\/#primaryimage"},"image":{"@id":"https:\/\/www.pumahue.cl\/temuco\/noticias\/es-momento-de-celebrar\/#primaryimage"},"thumbnailUrl":"https:\/\/www.pumahue.cl\/temuco\/wp-content\/uploads\/sites\/49\/2023\/10\/Aniversario-23.jpg","datePublished":"2023-10-06T20:38:36+00:00","breadcrumb":{"@id":"https:\/\/www.pumahue.cl\/temuco\/noticias\/es-momento-de-celebrar\/#breadcrumb"},"inLanguage":"es","potentialAction":[{"@type":"ReadAction","target":["https:\/\/www.pumahue.cl\/temuco\/noticias\/es-momento-de-celebrar\/"]}]},{"@type":"ImageObject","inLanguage":"es","@id":"https:\/\/www.pumahue.cl\/temuco\/noticias\/es-momento-de-celebrar\/#primaryimage","url":"https:\/\/www.pumahue.cl\/temuco\/wp-content\/uploads\/sites\/49\/2023\/10\/Aniversario-23.jpg","contentUrl":"https:\/\/www.pumahue.cl\/temuco\/wp-content\/uploads\/sites\/49\/2023\/10\/Aniversario-23.jpg","width":836,"height":523},{"@type":"BreadcrumbList","@id":"https:\/\/www.pumahue.cl\/temuco\/noticias\/es-momento-de-celebrar\/#breadcrumb","itemListElement":[{"@type":"ListItem","position":1,"name":"Home","item":"https:\/\/www.pumahue.cl\/temuco\/"},{"@type":"ListItem","position":2,"name":"Es momento de celebrar"}]},{"@type":"WebSite","@id":"https:\/\/www.pumahue.cl\/temuco\/#website","url":"https:\/\/www.pumahue.cl\/temuco\/","name":"Colegio Pumahue Temuco","description":"Parte de Cognita Schools","publisher":{"@id":"https:\/\/www.pumahue.cl\/temuco\/#organization"},"potentialAction":[{"@type":"SearchAction","target":{"@type":"EntryPoint","urlTemplate":"https:\/\/www.pumahue.cl\/temuco\/?s={search_term_string}"},"query-input":{"@type":"PropertyValueSpecification","valueRequired":true,"valueName":"search_term_string"}}],"inLanguage":"es"},{"@type":"Organization","@id":"https:\/\/www.pumahue.cl\/temuco\/#organization","name":"Colegio Pumahue Temuco","url":"https:\/\/www.pumahue.cl\/temuco\/","logo":{"@type":"ImageObject","inLanguage":"es","@id":"https:\/\/www.pumahue.cl\/temuco\/#\/schema\/logo\/image\/","url":"https:\/\/www.pumahue.cl\/temuco\/wp-content\/uploads\/sites\/49\/2025\/02\/cropped-logo_Pumahue_.png","contentUrl":"https:\/\/www.pumahue.cl\/temuco\/wp-content\/uploads\/sites\/49\/2025\/02\/cropped-logo_Pumahue_.png","width":512,"height":512,"caption":"Colegio Pumahue Temuco"},"image":{"@id":"https:\/\/www.pumahue.cl\/temuco\/#\/schema\/logo\/image\/"},"sameAs":["http:\/\/www.facebook.com\/ColegiosPumahue","https:\/\/www.instagram.com\/colegiopumahue_temuco","https:\/\/www.youtube.com\/@CognitaChile"]},{"@type":"Person","@id":"https:\/\/www.pumahue.cl\/temuco\/#\/schema\/person\/0debeea140e397b5d490ee7e553255d8","name":"jorgedelcampo","image":{"@type":"ImageObject","inLanguage":"es","@id":"https:\/\/www.pumahue.cl\/temuco\/#\/schema\/person\/image\/","url":"https:\/\/secure.gravatar.com\/avatar\/4a315f521213b2dc91dbda9bf799f711c8a98ab6f5606ec42cf5b33d1e762e8a?s=96&d=mm&r=g","contentUrl":"https:\/\/secure.gravatar.com\/avatar\/4a315f521213b2dc91dbda9bf799f711c8a98ab6f5606ec42cf5b33d1e762e8a?s=96&d=mm&r=g","caption":"jorgedelcampo"}}]}},"jetpack_featured_media_url":"https:\/\/www.pumahue.cl\/temuco\/wp-content\/uploads\/sites\/49\/2023\/10\/Aniversario-23.jpg","previous_post_ID":23844,"previous_post_title":"Partidos amistosos en Voleibol","previous_post_excerpt":"Para lograr una actuaci\u00f3n competitiva en un deporte, los jugadores deben enfrentarse con otros equipos; y esto es lo que han hecho nuestros jugadores de voleibol Femenino y Masculino. De esta forma, a fines del mes de septiembre, jugaron una serie de partidos amistosos que les ayudaron a determinar sus puntos m\u00e1s altos, pero tambi\u00e9n [&hellip;]","previous_post_link":"https:\/\/www.pumahue.cl\/temuco\/noticias\/partidos-amistosos-en-voleibol\/","previous_post_class":["post-23844","post","type-post","status-publish","format-standard","has-post-thumbnail","hentry","category-vida-escolar"],"next_post_ID":23850,"next_post_title":"Ganadora de Taekwondo","next_post_excerpt":"Con solo un a\u00f1o dedicada al Taekwondo , Josefina Contreras Castro, estudiante del 6\u00b0 b\u00e1sico B de nuestro Colegio, ya cosecha triunfos en esta disciplina. Josefina tuvo una exitosa participaci\u00f3n en el Campeonato Songham, realizado recientemente en la ciudad de Florian\u00f3polis, Brasil. En la ocasi\u00f3n, viaj\u00f3 con sus padres a vivir esta enriquecedora experiencia, donde [&hellip;]","next_post_link":"https:\/\/www.pumahue.cl\/temuco\/noticias\/ganadora-de-taekwondo\/","next_post_class":["post-23850","post","type-post","status-publish","format-standard","has-post-thumbnail","hentry","category-vida-escolar"],"jetpack_sharing_enabled":true,"_links":{"self":[{"href":"https:\/\/www.pumahue.cl\/temuco\/wp-json\/wp\/v2\/posts\/23847","targetHints":{"allow":["GET"]}}],"collection":[{"href":"https:\/\/www.pumahue.cl\/temuco\/wp-json\/wp\/v2\/posts"}],"about":[{"href":"https:\/\/www.pumahue.cl\/temuco\/wp-json\/wp\/v2\/types\/post"}],"author":[{"embeddable":true,"href":"https:\/\/www.pumahue.cl\/temuco\/wp-json\/wp\/v2\/users\/14"}],"replies":[{"embeddable":true,"href":"https:\/\/www.pumahue.cl\/temuco\/wp-json\/wp\/v2\/comments?post=23847"}],"version-history":[{"count":0,"href":"https:\/\/www.pumahue.cl\/temuco\/wp-json\/wp\/v2\/posts\/23847\/revisions"}],"wp:featuredmedia":[{"embeddable":true,"href":"https:\/\/www.pumahue.cl\/temuco\/wp-json\/wp\/v2\/media\/23848"}],"wp:attachment":[{"href":"https:\/\/www.pumahue.cl\/temuco\/wp-json\/wp\/v2\/media?parent=23847"}],"wp:term":[{"taxonomy":"category","embeddable":true,"href":"https:\/\/www.pumahue.cl\/temuco\/wp-json\/wp\/v2\/categories?post=23847"},{"taxonomy":"post_tag","embeddable":true,"href":"https:\/\/www.pumahue.cl\/temuco\/wp-json\/wp\/v2\/tags?post=23847"}],"curies":[{"name":"wp","href":"https:\/\/api.w.org\/{rel}","templated":true}]}}