{"id":23853,"date":"2023-10-11T16:22:21","date_gmt":"2023-10-11T19:22:21","guid":{"rendered":"https:\/\/www.pumahue.cl\/temuco\/?p=23853"},"modified":"2023-10-11T16:22:21","modified_gmt":"2023-10-11T19:22:21","slug":"el-espiritu-de-los-juego-panamericanos-en-la-araucania","status":"publish","type":"post","link":"https:\/\/www.pumahue.cl\/temuco\/noticias\/el-espiritu-de-los-juego-panamericanos-en-la-araucania\/","title":{"rendered":"El esp\u00edritu de los Juego Panamericanos en La Araucan\u00eda"},"content":{"rendered":"\n<p>En el d\u00eda de hoy, nuestros estudiantes <strong>Eduardo Alarc\u00f3n Henr\u00edquez del 6\u00b0 B\u00e1sico B y &nbsp;Maximiliano Peters Alberti del 4\u00b0B\u00e1sico B; pertenecientes a la Brigada Ecol\u00f3gica de nuestro establecimiento<\/strong>, &nbsp;&nbsp;vivieron una especial jornada al empaparse &nbsp;del esp\u00edritu y la energ\u00eda de los Juegos Panamericanos, a trav\u00e9s de su participaci\u00f3n en &nbsp;la llegada de la Antorcha&nbsp; a nuestra capital regional.<\/p>\n\n\n\n<p>Los j\u00f3venes pumahuinos tuvieron la oportunidad de participar de la ceremonia oficial, realizada en las faldas del cerro \u00d1ielol y de acompa\u00f1ar, desde ese punto de inicio, el recorrido de Hugo Catrilero, deportista que fue seleccionado para efectuar el primer tramo de relevo de la Antorcha hasta las afueras del Liceo Pablo Neruda.<\/p>\n\n\n\n<p>Cabe recordar que Maximiliano y Eduardo fueron seleccionados, ya que nuestro Colegio, a trav\u00e9s de la Brigada Ecol\u00f3gica, pertenece a un grupo de establecimientos que cuentan con Certificaci\u00f3n Ambiental de Establecimientos Educacionales (SNCAE), el cual consiste en un programa voluntario que busca implementar estrategias de educaci\u00f3n ambiental en las comunidades educativas.<\/p>\n\n\n\n<p><strong>Atletismo Presente<\/strong><\/p>\n\n\n\n<p>Asimismo, particip\u00f3 una delegaci\u00f3n de estudiantes destacados en atletismo, quienes fueron convocados a un campeonato, desarrollado en el Campo Deportes \u00d1ielol, lugar en que tambi\u00e9n lograron presenciar el paso de la Antorcha de los Juegos Panamericanos en esta instancia deportiva.<\/p>\n"},"excerpt":{"rendered":"<p>En el d\u00eda de hoy, nuestros estudiantes Eduardo Alarc\u00f3n Henr\u00edquez del 6\u00b0 B\u00e1sico B y &nbsp;Maximiliano Peters Alberti del 4\u00b0B\u00e1sico B; pertenecientes a la Brigada Ecol\u00f3gica de nuestro establecimiento, &nbsp;&nbsp;vivieron una especial jornada al empaparse &nbsp;del esp\u00edritu y la energ\u00eda de los Juegos Panamericanos, a trav\u00e9s de su participaci\u00f3n en &nbsp;la llegada de la Antorcha&nbsp; [&hellip;]<\/p>\n","protected":false},"author":14,"featured_media":23861,"comment_status":"open","ping_status":"open","sticky":false,"template":"","format":"standard","meta":{"_acf_changed":false,"content-type":"","_jetpack_memberships_contains_paid_content":false,"footnotes":""},"categories":[1],"tags":[],"class_list":["post-23853","post","type-post","status-publish","format-standard","has-post-thumbnail","hentry","category-vida-escolar"],"acf":[],"yoast_head":"<!-- This site is optimized with the Yoast SEO plugin v27.1.1 - https:\/\/yoast.com\/product\/yoast-seo-wordpress\/ -->\n<title>El esp\u00edritu de los Juego Panamericanos en La Araucan\u00eda - Colegio Pumahue Temuco<\/title>\n<meta name=\"robots\" content=\"index, follow, max-snippet:-1, max-image-preview:large, max-video-preview:-1\" \/>\n<link rel=\"canonical\" href=\"https:\/\/www.pumahue.cl\/temuco\/noticias\/el-espiritu-de-los-juego-panamericanos-en-la-araucania\/\" \/>\n<meta property=\"og:locale\" content=\"es_ES\" \/>\n<meta property=\"og:type\" content=\"article\" \/>\n<meta property=\"og:title\" content=\"El esp\u00edritu de los Juego Panamericanos en La Araucan\u00eda - Colegio Pumahue Temuco\" \/>\n<meta property=\"og:description\" content=\"En el d\u00eda de hoy, nuestros estudiantes Eduardo Alarc\u00f3n Henr\u00edquez del 6\u00b0 B\u00e1sico B y &nbsp;Maximiliano Peters Alberti del 4\u00b0B\u00e1sico B; pertenecientes a la Brigada Ecol\u00f3gica de nuestro establecimiento, &nbsp;&nbsp;vivieron una especial jornada al empaparse &nbsp;del esp\u00edritu y la energ\u00eda de los Juegos Panamericanos, a trav\u00e9s de su participaci\u00f3n en &nbsp;la llegada de la Antorcha&nbsp; [&hellip;]\" \/>\n<meta property=\"og:url\" content=\"https:\/\/www.pumahue.cl\/temuco\/noticias\/el-espiritu-de-los-juego-panamericanos-en-la-araucania\/\" \/>\n<meta property=\"og:site_name\" content=\"Colegio Pumahue Temuco\" \/>\n<meta property=\"article:publisher\" content=\"http:\/\/www.facebook.com\/ColegiosPumahue\" \/>\n<meta property=\"article:published_time\" content=\"2023-10-11T19:22:21+00:00\" \/>\n<meta property=\"og:image\" content=\"https:\/\/www.pumahue.cl\/temuco\/wp-content\/uploads\/sites\/49\/2023\/10\/antorcha-3.jpg\" \/>\n\t<meta property=\"og:image:width\" content=\"836\" \/>\n\t<meta property=\"og:image:height\" content=\"523\" \/>\n\t<meta property=\"og:image:type\" content=\"image\/jpeg\" \/>\n<meta name=\"author\" content=\"jorgedelcampo\" \/>\n<meta name=\"twitter:card\" content=\"summary_large_image\" \/>\n<meta name=\"twitter:label1\" content=\"Escrito por\" \/>\n\t<meta name=\"twitter:data1\" content=\"jorgedelcampo\" \/>\n\t<meta name=\"twitter:label2\" content=\"Tiempo de lectura\" \/>\n\t<meta name=\"twitter:data2\" content=\"1 minuto\" \/>\n<script type=\"application\/ld+json\" class=\"yoast-schema-graph\">{\"@context\":\"https:\/\/schema.org\",\"@graph\":[{\"@type\":\"Article\",\"@id\":\"https:\/\/www.pumahue.cl\/temuco\/noticias\/el-espiritu-de-los-juego-panamericanos-en-la-araucania\/#article\",\"isPartOf\":{\"@id\":\"https:\/\/www.pumahue.cl\/temuco\/noticias\/el-espiritu-de-los-juego-panamericanos-en-la-araucania\/\"},\"author\":{\"name\":\"jorgedelcampo\",\"@id\":\"https:\/\/www.pumahue.cl\/temuco\/#\/schema\/person\/0debeea140e397b5d490ee7e553255d8\"},\"headline\":\"El esp\u00edritu de los Juego Panamericanos en La Araucan\u00eda\",\"datePublished\":\"2023-10-11T19:22:21+00:00\",\"mainEntityOfPage\":{\"@id\":\"https:\/\/www.pumahue.cl\/temuco\/noticias\/el-espiritu-de-los-juego-panamericanos-en-la-araucania\/\"},\"wordCount\":239,\"commentCount\":0,\"publisher\":{\"@id\":\"https:\/\/www.pumahue.cl\/temuco\/#organization\"},\"image\":{\"@id\":\"https:\/\/www.pumahue.cl\/temuco\/noticias\/el-espiritu-de-los-juego-panamericanos-en-la-araucania\/#primaryimage\"},\"thumbnailUrl\":\"https:\/\/www.pumahue.cl\/temuco\/wp-content\/uploads\/sites\/49\/2023\/10\/antorcha-3.jpg\",\"articleSection\":[\"Vida Escolar\"],\"inLanguage\":\"es\",\"potentialAction\":[{\"@type\":\"CommentAction\",\"name\":\"Comment\",\"target\":[\"https:\/\/www.pumahue.cl\/temuco\/noticias\/el-espiritu-de-los-juego-panamericanos-en-la-araucania\/#respond\"]}]},{\"@type\":\"WebPage\",\"@id\":\"https:\/\/www.pumahue.cl\/temuco\/noticias\/el-espiritu-de-los-juego-panamericanos-en-la-araucania\/\",\"url\":\"https:\/\/www.pumahue.cl\/temuco\/noticias\/el-espiritu-de-los-juego-panamericanos-en-la-araucania\/\",\"name\":\"El esp\u00edritu de los Juego Panamericanos en La Araucan\u00eda - Colegio Pumahue Temuco\",\"isPartOf\":{\"@id\":\"https:\/\/www.pumahue.cl\/temuco\/#website\"},\"primaryImageOfPage\":{\"@id\":\"https:\/\/www.pumahue.cl\/temuco\/noticias\/el-espiritu-de-los-juego-panamericanos-en-la-araucania\/#primaryimage\"},\"image\":{\"@id\":\"https:\/\/www.pumahue.cl\/temuco\/noticias\/el-espiritu-de-los-juego-panamericanos-en-la-araucania\/#primaryimage\"},\"thumbnailUrl\":\"https:\/\/www.pumahue.cl\/temuco\/wp-content\/uploads\/sites\/49\/2023\/10\/antorcha-3.jpg\",\"datePublished\":\"2023-10-11T19:22:21+00:00\",\"breadcrumb\":{\"@id\":\"https:\/\/www.pumahue.cl\/temuco\/noticias\/el-espiritu-de-los-juego-panamericanos-en-la-araucania\/#breadcrumb\"},\"inLanguage\":\"es\",\"potentialAction\":[{\"@type\":\"ReadAction\",\"target\":[\"https:\/\/www.pumahue.cl\/temuco\/noticias\/el-espiritu-de-los-juego-panamericanos-en-la-araucania\/\"]}]},{\"@type\":\"ImageObject\",\"inLanguage\":\"es\",\"@id\":\"https:\/\/www.pumahue.cl\/temuco\/noticias\/el-espiritu-de-los-juego-panamericanos-en-la-araucania\/#primaryimage\",\"url\":\"https:\/\/www.pumahue.cl\/temuco\/wp-content\/uploads\/sites\/49\/2023\/10\/antorcha-3.jpg\",\"contentUrl\":\"https:\/\/www.pumahue.cl\/temuco\/wp-content\/uploads\/sites\/49\/2023\/10\/antorcha-3.jpg\",\"width\":836,\"height\":523},{\"@type\":\"BreadcrumbList\",\"@id\":\"https:\/\/www.pumahue.cl\/temuco\/noticias\/el-espiritu-de-los-juego-panamericanos-en-la-araucania\/#breadcrumb\",\"itemListElement\":[{\"@type\":\"ListItem\",\"position\":1,\"name\":\"Home\",\"item\":\"https:\/\/www.pumahue.cl\/temuco\/\"},{\"@type\":\"ListItem\",\"position\":2,\"name\":\"El esp\u00edritu de los Juego Panamericanos en La Araucan\u00eda\"}]},{\"@type\":\"WebSite\",\"@id\":\"https:\/\/www.pumahue.cl\/temuco\/#website\",\"url\":\"https:\/\/www.pumahue.cl\/temuco\/\",\"name\":\"Colegio Pumahue Temuco\",\"description\":\"Parte de Cognita Schools\",\"publisher\":{\"@id\":\"https:\/\/www.pumahue.cl\/temuco\/#organization\"},\"potentialAction\":[{\"@type\":\"SearchAction\",\"target\":{\"@type\":\"EntryPoint\",\"urlTemplate\":\"https:\/\/www.pumahue.cl\/temuco\/?s={search_term_string}\"},\"query-input\":{\"@type\":\"PropertyValueSpecification\",\"valueRequired\":true,\"valueName\":\"search_term_string\"}}],\"inLanguage\":\"es\"},{\"@type\":\"Organization\",\"@id\":\"https:\/\/www.pumahue.cl\/temuco\/#organization\",\"name\":\"Colegio Pumahue Temuco\",\"url\":\"https:\/\/www.pumahue.cl\/temuco\/\",\"logo\":{\"@type\":\"ImageObject\",\"inLanguage\":\"es\",\"@id\":\"https:\/\/www.pumahue.cl\/temuco\/#\/schema\/logo\/image\/\",\"url\":\"https:\/\/www.pumahue.cl\/temuco\/wp-content\/uploads\/sites\/49\/2025\/02\/cropped-logo_Pumahue_.png\",\"contentUrl\":\"https:\/\/www.pumahue.cl\/temuco\/wp-content\/uploads\/sites\/49\/2025\/02\/cropped-logo_Pumahue_.png\",\"width\":512,\"height\":512,\"caption\":\"Colegio Pumahue Temuco\"},\"image\":{\"@id\":\"https:\/\/www.pumahue.cl\/temuco\/#\/schema\/logo\/image\/\"},\"sameAs\":[\"http:\/\/www.facebook.com\/ColegiosPumahue\",\"https:\/\/www.instagram.com\/colegiopumahue_temuco\",\"https:\/\/www.youtube.com\/@CognitaChile\"]},{\"@type\":\"Person\",\"@id\":\"https:\/\/www.pumahue.cl\/temuco\/#\/schema\/person\/0debeea140e397b5d490ee7e553255d8\",\"name\":\"jorgedelcampo\",\"image\":{\"@type\":\"ImageObject\",\"inLanguage\":\"es\",\"@id\":\"https:\/\/www.pumahue.cl\/temuco\/#\/schema\/person\/image\/\",\"url\":\"https:\/\/secure.gravatar.com\/avatar\/4a315f521213b2dc91dbda9bf799f711c8a98ab6f5606ec42cf5b33d1e762e8a?s=96&d=mm&r=g\",\"contentUrl\":\"https:\/\/secure.gravatar.com\/avatar\/4a315f521213b2dc91dbda9bf799f711c8a98ab6f5606ec42cf5b33d1e762e8a?s=96&d=mm&r=g\",\"caption\":\"jorgedelcampo\"}}]}<\/script>\n<!-- \/ Yoast SEO plugin. -->","yoast_head_json":{"title":"El esp\u00edritu de los Juego Panamericanos en La Araucan\u00eda - Colegio Pumahue Temuco","robots":{"index":"index","follow":"follow","max-snippet":"max-snippet:-1","max-image-preview":"max-image-preview:large","max-video-preview":"max-video-preview:-1"},"canonical":"https:\/\/www.pumahue.cl\/temuco\/noticias\/el-espiritu-de-los-juego-panamericanos-en-la-araucania\/","og_locale":"es_ES","og_type":"article","og_title":"El esp\u00edritu de los Juego Panamericanos en La Araucan\u00eda - Colegio Pumahue Temuco","og_description":"En el d\u00eda de hoy, nuestros estudiantes Eduardo Alarc\u00f3n Henr\u00edquez del 6\u00b0 B\u00e1sico B y &nbsp;Maximiliano Peters Alberti del 4\u00b0B\u00e1sico B; pertenecientes a la Brigada Ecol\u00f3gica de nuestro establecimiento, &nbsp;&nbsp;vivieron una especial jornada al empaparse &nbsp;del esp\u00edritu y la energ\u00eda de los Juegos Panamericanos, a trav\u00e9s de su participaci\u00f3n en &nbsp;la llegada de la Antorcha&nbsp; [&hellip;]","og_url":"https:\/\/www.pumahue.cl\/temuco\/noticias\/el-espiritu-de-los-juego-panamericanos-en-la-araucania\/","og_site_name":"Colegio Pumahue Temuco","article_publisher":"http:\/\/www.facebook.com\/ColegiosPumahue","article_published_time":"2023-10-11T19:22:21+00:00","og_image":[{"width":836,"height":523,"url":"https:\/\/www.pumahue.cl\/temuco\/wp-content\/uploads\/sites\/49\/2023\/10\/antorcha-3.jpg","type":"image\/jpeg"}],"author":"jorgedelcampo","twitter_card":"summary_large_image","twitter_misc":{"Escrito por":"jorgedelcampo","Tiempo de lectura":"1 minuto"},"schema":{"@context":"https:\/\/schema.org","@graph":[{"@type":"Article","@id":"https:\/\/www.pumahue.cl\/temuco\/noticias\/el-espiritu-de-los-juego-panamericanos-en-la-araucania\/#article","isPartOf":{"@id":"https:\/\/www.pumahue.cl\/temuco\/noticias\/el-espiritu-de-los-juego-panamericanos-en-la-araucania\/"},"author":{"name":"jorgedelcampo","@id":"https:\/\/www.pumahue.cl\/temuco\/#\/schema\/person\/0debeea140e397b5d490ee7e553255d8"},"headline":"El esp\u00edritu de los Juego Panamericanos en La Araucan\u00eda","datePublished":"2023-10-11T19:22:21+00:00","mainEntityOfPage":{"@id":"https:\/\/www.pumahue.cl\/temuco\/noticias\/el-espiritu-de-los-juego-panamericanos-en-la-araucania\/"},"wordCount":239,"commentCount":0,"publisher":{"@id":"https:\/\/www.pumahue.cl\/temuco\/#organization"},"image":{"@id":"https:\/\/www.pumahue.cl\/temuco\/noticias\/el-espiritu-de-los-juego-panamericanos-en-la-araucania\/#primaryimage"},"thumbnailUrl":"https:\/\/www.pumahue.cl\/temuco\/wp-content\/uploads\/sites\/49\/2023\/10\/antorcha-3.jpg","articleSection":["Vida Escolar"],"inLanguage":"es","potentialAction":[{"@type":"CommentAction","name":"Comment","target":["https:\/\/www.pumahue.cl\/temuco\/noticias\/el-espiritu-de-los-juego-panamericanos-en-la-araucania\/#respond"]}]},{"@type":"WebPage","@id":"https:\/\/www.pumahue.cl\/temuco\/noticias\/el-espiritu-de-los-juego-panamericanos-en-la-araucania\/","url":"https:\/\/www.pumahue.cl\/temuco\/noticias\/el-espiritu-de-los-juego-panamericanos-en-la-araucania\/","name":"El esp\u00edritu de los Juego Panamericanos en La Araucan\u00eda - Colegio Pumahue Temuco","isPartOf":{"@id":"https:\/\/www.pumahue.cl\/temuco\/#website"},"primaryImageOfPage":{"@id":"https:\/\/www.pumahue.cl\/temuco\/noticias\/el-espiritu-de-los-juego-panamericanos-en-la-araucania\/#primaryimage"},"image":{"@id":"https:\/\/www.pumahue.cl\/temuco\/noticias\/el-espiritu-de-los-juego-panamericanos-en-la-araucania\/#primaryimage"},"thumbnailUrl":"https:\/\/www.pumahue.cl\/temuco\/wp-content\/uploads\/sites\/49\/2023\/10\/antorcha-3.jpg","datePublished":"2023-10-11T19:22:21+00:00","breadcrumb":{"@id":"https:\/\/www.pumahue.cl\/temuco\/noticias\/el-espiritu-de-los-juego-panamericanos-en-la-araucania\/#breadcrumb"},"inLanguage":"es","potentialAction":[{"@type":"ReadAction","target":["https:\/\/www.pumahue.cl\/temuco\/noticias\/el-espiritu-de-los-juego-panamericanos-en-la-araucania\/"]}]},{"@type":"ImageObject","inLanguage":"es","@id":"https:\/\/www.pumahue.cl\/temuco\/noticias\/el-espiritu-de-los-juego-panamericanos-en-la-araucania\/#primaryimage","url":"https:\/\/www.pumahue.cl\/temuco\/wp-content\/uploads\/sites\/49\/2023\/10\/antorcha-3.jpg","contentUrl":"https:\/\/www.pumahue.cl\/temuco\/wp-content\/uploads\/sites\/49\/2023\/10\/antorcha-3.jpg","width":836,"height":523},{"@type":"BreadcrumbList","@id":"https:\/\/www.pumahue.cl\/temuco\/noticias\/el-espiritu-de-los-juego-panamericanos-en-la-araucania\/#breadcrumb","itemListElement":[{"@type":"ListItem","position":1,"name":"Home","item":"https:\/\/www.pumahue.cl\/temuco\/"},{"@type":"ListItem","position":2,"name":"El esp\u00edritu de los Juego Panamericanos en La Araucan\u00eda"}]},{"@type":"WebSite","@id":"https:\/\/www.pumahue.cl\/temuco\/#website","url":"https:\/\/www.pumahue.cl\/temuco\/","name":"Colegio Pumahue Temuco","description":"Parte de Cognita Schools","publisher":{"@id":"https:\/\/www.pumahue.cl\/temuco\/#organization"},"potentialAction":[{"@type":"SearchAction","target":{"@type":"EntryPoint","urlTemplate":"https:\/\/www.pumahue.cl\/temuco\/?s={search_term_string}"},"query-input":{"@type":"PropertyValueSpecification","valueRequired":true,"valueName":"search_term_string"}}],"inLanguage":"es"},{"@type":"Organization","@id":"https:\/\/www.pumahue.cl\/temuco\/#organization","name":"Colegio Pumahue Temuco","url":"https:\/\/www.pumahue.cl\/temuco\/","logo":{"@type":"ImageObject","inLanguage":"es","@id":"https:\/\/www.pumahue.cl\/temuco\/#\/schema\/logo\/image\/","url":"https:\/\/www.pumahue.cl\/temuco\/wp-content\/uploads\/sites\/49\/2025\/02\/cropped-logo_Pumahue_.png","contentUrl":"https:\/\/www.pumahue.cl\/temuco\/wp-content\/uploads\/sites\/49\/2025\/02\/cropped-logo_Pumahue_.png","width":512,"height":512,"caption":"Colegio Pumahue Temuco"},"image":{"@id":"https:\/\/www.pumahue.cl\/temuco\/#\/schema\/logo\/image\/"},"sameAs":["http:\/\/www.facebook.com\/ColegiosPumahue","https:\/\/www.instagram.com\/colegiopumahue_temuco","https:\/\/www.youtube.com\/@CognitaChile"]},{"@type":"Person","@id":"https:\/\/www.pumahue.cl\/temuco\/#\/schema\/person\/0debeea140e397b5d490ee7e553255d8","name":"jorgedelcampo","image":{"@type":"ImageObject","inLanguage":"es","@id":"https:\/\/www.pumahue.cl\/temuco\/#\/schema\/person\/image\/","url":"https:\/\/secure.gravatar.com\/avatar\/4a315f521213b2dc91dbda9bf799f711c8a98ab6f5606ec42cf5b33d1e762e8a?s=96&d=mm&r=g","contentUrl":"https:\/\/secure.gravatar.com\/avatar\/4a315f521213b2dc91dbda9bf799f711c8a98ab6f5606ec42cf5b33d1e762e8a?s=96&d=mm&r=g","caption":"jorgedelcampo"}}]}},"jetpack_featured_media_url":"https:\/\/www.pumahue.cl\/temuco\/wp-content\/uploads\/sites\/49\/2023\/10\/antorcha-3.jpg","previous_post_ID":23850,"previous_post_title":"Ganadora de Taekwondo","previous_post_excerpt":"Con solo un a\u00f1o dedicada al Taekwondo , Josefina Contreras Castro, estudiante del 6\u00b0 b\u00e1sico B de nuestro Colegio, ya cosecha triunfos en esta disciplina. Josefina tuvo una exitosa participaci\u00f3n en el Campeonato Songham, realizado recientemente en la ciudad de Florian\u00f3polis, Brasil. En la ocasi\u00f3n, viaj\u00f3 con sus padres a vivir esta enriquecedora experiencia, donde [&hellip;]","previous_post_link":"https:\/\/www.pumahue.cl\/temuco\/noticias\/ganadora-de-taekwondo\/","previous_post_class":["post-23850","post","type-post","status-publish","format-standard","has-post-thumbnail","hentry","category-vida-escolar"],"next_post_ID":23864,"next_post_title":"Historia y patrimonio cultural de La Araucan\u00eda","next_post_excerpt":"El 4\u00b0 B\u00e1sico D tuvo la oportunidad de llevar a cabo una enriquecedora salida pedag\u00f3gica al MuseoRegional de nuestra ciudad, un valioso espacio cultural que se encuentra en pleno coraz\u00f3n de laAvenida Alemania. Esta visita permiti\u00f3 a nuestros estudiantes reconocer la historia y el patrimoniocultural de nuestra regi\u00f3n.Explorando las exhibiciones y colecciones del museo, logrando [&hellip;]","next_post_link":"https:\/\/www.pumahue.cl\/temuco\/noticias\/historia-y-patrimonio-cultural-de-la-araucania\/","next_post_class":["post-23864","post","type-post","status-publish","format-standard","has-post-thumbnail","hentry","category-vida-escolar"],"jetpack_sharing_enabled":true,"_links":{"self":[{"href":"https:\/\/www.pumahue.cl\/temuco\/wp-json\/wp\/v2\/posts\/23853","targetHints":{"allow":["GET"]}}],"collection":[{"href":"https:\/\/www.pumahue.cl\/temuco\/wp-json\/wp\/v2\/posts"}],"about":[{"href":"https:\/\/www.pumahue.cl\/temuco\/wp-json\/wp\/v2\/types\/post"}],"author":[{"embeddable":true,"href":"https:\/\/www.pumahue.cl\/temuco\/wp-json\/wp\/v2\/users\/14"}],"replies":[{"embeddable":true,"href":"https:\/\/www.pumahue.cl\/temuco\/wp-json\/wp\/v2\/comments?post=23853"}],"version-history":[{"count":0,"href":"https:\/\/www.pumahue.cl\/temuco\/wp-json\/wp\/v2\/posts\/23853\/revisions"}],"wp:featuredmedia":[{"embeddable":true,"href":"https:\/\/www.pumahue.cl\/temuco\/wp-json\/wp\/v2\/media\/23861"}],"wp:attachment":[{"href":"https:\/\/www.pumahue.cl\/temuco\/wp-json\/wp\/v2\/media?parent=23853"}],"wp:term":[{"taxonomy":"category","embeddable":true,"href":"https:\/\/www.pumahue.cl\/temuco\/wp-json\/wp\/v2\/categories?post=23853"},{"taxonomy":"post_tag","embeddable":true,"href":"https:\/\/www.pumahue.cl\/temuco\/wp-json\/wp\/v2\/tags?post=23853"}],"curies":[{"name":"wp","href":"https:\/\/api.w.org\/{rel}","templated":true}]}}