{"id":23864,"date":"2023-10-16T09:05:35","date_gmt":"2023-10-16T12:05:35","guid":{"rendered":"https:\/\/www.pumahue.cl\/temuco\/?p=23864"},"modified":"2023-10-16T09:05:35","modified_gmt":"2023-10-16T12:05:35","slug":"historia-y-patrimonio-cultural-de-la-araucania","status":"publish","type":"post","link":"https:\/\/www.pumahue.cl\/temuco\/noticias\/historia-y-patrimonio-cultural-de-la-araucania\/","title":{"rendered":"Historia y patrimonio cultural de La Araucan\u00eda"},"content":{"rendered":"\n<p>El <strong>4\u00b0 B\u00e1sico D<\/strong> tuvo la oportunidad de llevar a cabo una enriquecedora salida pedag\u00f3gica al <strong>Museo<br>Regional de nuestra ciudad<\/strong>, un valioso espacio cultural que se encuentra en pleno coraz\u00f3n de la<br>Avenida Alemania. Esta visita permiti\u00f3 a nuestros estudiantes reconocer la historia y el patrimonio<br>cultural de nuestra regi\u00f3n.<br>Explorando las exhibiciones y colecciones del museo, logrando ampliar su conocimiento sobre la<br>historia local, la arqueolog\u00eda, la cultura y las tradiciones que han moldeado nuestra comunidad a lo<br>largo de los a\u00f1os.<br>Esta salida pedag\u00f3gica no solo foment\u00f3 el aprendizaje fuera de las aulas, sino que tambi\u00e9n ayud\u00f3<br>a cultivar un mayor sentido de identidad y pertenencia a nuestro entorno cultural.<\/p>\n"},"excerpt":{"rendered":"<p>El 4\u00b0 B\u00e1sico D tuvo la oportunidad de llevar a cabo una enriquecedora salida pedag\u00f3gica al MuseoRegional de nuestra ciudad, un valioso espacio cultural que se encuentra en pleno coraz\u00f3n de laAvenida Alemania. Esta visita permiti\u00f3 a nuestros estudiantes reconocer la historia y el patrimoniocultural de nuestra regi\u00f3n.Explorando las exhibiciones y colecciones del museo, logrando [&hellip;]<\/p>\n","protected":false},"author":14,"featured_media":23865,"comment_status":"open","ping_status":"open","sticky":false,"template":"","format":"standard","meta":{"_acf_changed":false,"content-type":"","_jetpack_memberships_contains_paid_content":false,"footnotes":""},"categories":[1],"tags":[],"class_list":["post-23864","post","type-post","status-publish","format-standard","has-post-thumbnail","hentry","category-vida-escolar"],"acf":[],"yoast_head":"<!-- This site is optimized with the Yoast SEO plugin v27.1.1 - https:\/\/yoast.com\/product\/yoast-seo-wordpress\/ -->\n<title>Historia y patrimonio cultural de La Araucan\u00eda - Colegio Pumahue Temuco<\/title>\n<meta name=\"robots\" content=\"index, follow, max-snippet:-1, max-image-preview:large, max-video-preview:-1\" \/>\n<link rel=\"canonical\" href=\"https:\/\/www.pumahue.cl\/temuco\/noticias\/historia-y-patrimonio-cultural-de-la-araucania\/\" \/>\n<meta property=\"og:locale\" content=\"es_ES\" \/>\n<meta property=\"og:type\" content=\"article\" \/>\n<meta property=\"og:title\" content=\"Historia y patrimonio cultural de La Araucan\u00eda - Colegio Pumahue Temuco\" \/>\n<meta property=\"og:description\" content=\"El 4\u00b0 B\u00e1sico D tuvo la oportunidad de llevar a cabo una enriquecedora salida pedag\u00f3gica al MuseoRegional de nuestra ciudad, un valioso espacio cultural que se encuentra en pleno coraz\u00f3n de laAvenida Alemania. Esta visita permiti\u00f3 a nuestros estudiantes reconocer la historia y el patrimoniocultural de nuestra regi\u00f3n.Explorando las exhibiciones y colecciones del museo, logrando [&hellip;]\" \/>\n<meta property=\"og:url\" content=\"https:\/\/www.pumahue.cl\/temuco\/noticias\/historia-y-patrimonio-cultural-de-la-araucania\/\" \/>\n<meta property=\"og:site_name\" content=\"Colegio Pumahue Temuco\" \/>\n<meta property=\"article:publisher\" content=\"http:\/\/www.facebook.com\/ColegiosPumahue\" \/>\n<meta property=\"article:published_time\" content=\"2023-10-16T12:05:35+00:00\" \/>\n<meta property=\"og:image\" content=\"https:\/\/www.pumahue.cl\/temuco\/wp-content\/uploads\/sites\/49\/2023\/10\/museo-1-.jpg\" \/>\n\t<meta property=\"og:image:width\" content=\"836\" \/>\n\t<meta property=\"og:image:height\" content=\"523\" \/>\n\t<meta property=\"og:image:type\" content=\"image\/jpeg\" \/>\n<meta name=\"author\" content=\"jorgedelcampo\" \/>\n<meta name=\"twitter:card\" content=\"summary_large_image\" \/>\n<meta name=\"twitter:label1\" content=\"Escrito por\" \/>\n\t<meta name=\"twitter:data1\" content=\"jorgedelcampo\" \/>\n\t<meta name=\"twitter:label2\" content=\"Tiempo de lectura\" \/>\n\t<meta name=\"twitter:data2\" content=\"1 minuto\" \/>\n<script type=\"application\/ld+json\" class=\"yoast-schema-graph\">{\"@context\":\"https:\/\/schema.org\",\"@graph\":[{\"@type\":\"Article\",\"@id\":\"https:\/\/www.pumahue.cl\/temuco\/noticias\/historia-y-patrimonio-cultural-de-la-araucania\/#article\",\"isPartOf\":{\"@id\":\"https:\/\/www.pumahue.cl\/temuco\/noticias\/historia-y-patrimonio-cultural-de-la-araucania\/\"},\"author\":{\"name\":\"jorgedelcampo\",\"@id\":\"https:\/\/www.pumahue.cl\/temuco\/#\/schema\/person\/0debeea140e397b5d490ee7e553255d8\"},\"headline\":\"Historia y patrimonio cultural de La Araucan\u00eda\",\"datePublished\":\"2023-10-16T12:05:35+00:00\",\"mainEntityOfPage\":{\"@id\":\"https:\/\/www.pumahue.cl\/temuco\/noticias\/historia-y-patrimonio-cultural-de-la-araucania\/\"},\"wordCount\":123,\"commentCount\":0,\"publisher\":{\"@id\":\"https:\/\/www.pumahue.cl\/temuco\/#organization\"},\"image\":{\"@id\":\"https:\/\/www.pumahue.cl\/temuco\/noticias\/historia-y-patrimonio-cultural-de-la-araucania\/#primaryimage\"},\"thumbnailUrl\":\"https:\/\/www.pumahue.cl\/temuco\/wp-content\/uploads\/sites\/49\/2023\/10\/museo-1-.jpg\",\"articleSection\":[\"Vida Escolar\"],\"inLanguage\":\"es\",\"potentialAction\":[{\"@type\":\"CommentAction\",\"name\":\"Comment\",\"target\":[\"https:\/\/www.pumahue.cl\/temuco\/noticias\/historia-y-patrimonio-cultural-de-la-araucania\/#respond\"]}]},{\"@type\":\"WebPage\",\"@id\":\"https:\/\/www.pumahue.cl\/temuco\/noticias\/historia-y-patrimonio-cultural-de-la-araucania\/\",\"url\":\"https:\/\/www.pumahue.cl\/temuco\/noticias\/historia-y-patrimonio-cultural-de-la-araucania\/\",\"name\":\"Historia y patrimonio cultural de La Araucan\u00eda - Colegio Pumahue Temuco\",\"isPartOf\":{\"@id\":\"https:\/\/www.pumahue.cl\/temuco\/#website\"},\"primaryImageOfPage\":{\"@id\":\"https:\/\/www.pumahue.cl\/temuco\/noticias\/historia-y-patrimonio-cultural-de-la-araucania\/#primaryimage\"},\"image\":{\"@id\":\"https:\/\/www.pumahue.cl\/temuco\/noticias\/historia-y-patrimonio-cultural-de-la-araucania\/#primaryimage\"},\"thumbnailUrl\":\"https:\/\/www.pumahue.cl\/temuco\/wp-content\/uploads\/sites\/49\/2023\/10\/museo-1-.jpg\",\"datePublished\":\"2023-10-16T12:05:35+00:00\",\"breadcrumb\":{\"@id\":\"https:\/\/www.pumahue.cl\/temuco\/noticias\/historia-y-patrimonio-cultural-de-la-araucania\/#breadcrumb\"},\"inLanguage\":\"es\",\"potentialAction\":[{\"@type\":\"ReadAction\",\"target\":[\"https:\/\/www.pumahue.cl\/temuco\/noticias\/historia-y-patrimonio-cultural-de-la-araucania\/\"]}]},{\"@type\":\"ImageObject\",\"inLanguage\":\"es\",\"@id\":\"https:\/\/www.pumahue.cl\/temuco\/noticias\/historia-y-patrimonio-cultural-de-la-araucania\/#primaryimage\",\"url\":\"https:\/\/www.pumahue.cl\/temuco\/wp-content\/uploads\/sites\/49\/2023\/10\/museo-1-.jpg\",\"contentUrl\":\"https:\/\/www.pumahue.cl\/temuco\/wp-content\/uploads\/sites\/49\/2023\/10\/museo-1-.jpg\",\"width\":836,\"height\":523},{\"@type\":\"BreadcrumbList\",\"@id\":\"https:\/\/www.pumahue.cl\/temuco\/noticias\/historia-y-patrimonio-cultural-de-la-araucania\/#breadcrumb\",\"itemListElement\":[{\"@type\":\"ListItem\",\"position\":1,\"name\":\"Home\",\"item\":\"https:\/\/www.pumahue.cl\/temuco\/\"},{\"@type\":\"ListItem\",\"position\":2,\"name\":\"Historia y patrimonio cultural de La Araucan\u00eda\"}]},{\"@type\":\"WebSite\",\"@id\":\"https:\/\/www.pumahue.cl\/temuco\/#website\",\"url\":\"https:\/\/www.pumahue.cl\/temuco\/\",\"name\":\"Colegio Pumahue Temuco\",\"description\":\"Parte de Cognita Schools\",\"publisher\":{\"@id\":\"https:\/\/www.pumahue.cl\/temuco\/#organization\"},\"potentialAction\":[{\"@type\":\"SearchAction\",\"target\":{\"@type\":\"EntryPoint\",\"urlTemplate\":\"https:\/\/www.pumahue.cl\/temuco\/?s={search_term_string}\"},\"query-input\":{\"@type\":\"PropertyValueSpecification\",\"valueRequired\":true,\"valueName\":\"search_term_string\"}}],\"inLanguage\":\"es\"},{\"@type\":\"Organization\",\"@id\":\"https:\/\/www.pumahue.cl\/temuco\/#organization\",\"name\":\"Colegio Pumahue Temuco\",\"url\":\"https:\/\/www.pumahue.cl\/temuco\/\",\"logo\":{\"@type\":\"ImageObject\",\"inLanguage\":\"es\",\"@id\":\"https:\/\/www.pumahue.cl\/temuco\/#\/schema\/logo\/image\/\",\"url\":\"https:\/\/www.pumahue.cl\/temuco\/wp-content\/uploads\/sites\/49\/2025\/02\/cropped-logo_Pumahue_.png\",\"contentUrl\":\"https:\/\/www.pumahue.cl\/temuco\/wp-content\/uploads\/sites\/49\/2025\/02\/cropped-logo_Pumahue_.png\",\"width\":512,\"height\":512,\"caption\":\"Colegio Pumahue Temuco\"},\"image\":{\"@id\":\"https:\/\/www.pumahue.cl\/temuco\/#\/schema\/logo\/image\/\"},\"sameAs\":[\"http:\/\/www.facebook.com\/ColegiosPumahue\",\"https:\/\/www.instagram.com\/colegiopumahue_temuco\",\"https:\/\/www.youtube.com\/@CognitaChile\"]},{\"@type\":\"Person\",\"@id\":\"https:\/\/www.pumahue.cl\/temuco\/#\/schema\/person\/0debeea140e397b5d490ee7e553255d8\",\"name\":\"jorgedelcampo\",\"image\":{\"@type\":\"ImageObject\",\"inLanguage\":\"es\",\"@id\":\"https:\/\/www.pumahue.cl\/temuco\/#\/schema\/person\/image\/\",\"url\":\"https:\/\/secure.gravatar.com\/avatar\/4a315f521213b2dc91dbda9bf799f711c8a98ab6f5606ec42cf5b33d1e762e8a?s=96&d=mm&r=g\",\"contentUrl\":\"https:\/\/secure.gravatar.com\/avatar\/4a315f521213b2dc91dbda9bf799f711c8a98ab6f5606ec42cf5b33d1e762e8a?s=96&d=mm&r=g\",\"caption\":\"jorgedelcampo\"}}]}<\/script>\n<!-- \/ Yoast SEO plugin. -->","yoast_head_json":{"title":"Historia y patrimonio cultural de La Araucan\u00eda - Colegio Pumahue Temuco","robots":{"index":"index","follow":"follow","max-snippet":"max-snippet:-1","max-image-preview":"max-image-preview:large","max-video-preview":"max-video-preview:-1"},"canonical":"https:\/\/www.pumahue.cl\/temuco\/noticias\/historia-y-patrimonio-cultural-de-la-araucania\/","og_locale":"es_ES","og_type":"article","og_title":"Historia y patrimonio cultural de La Araucan\u00eda - Colegio Pumahue Temuco","og_description":"El 4\u00b0 B\u00e1sico D tuvo la oportunidad de llevar a cabo una enriquecedora salida pedag\u00f3gica al MuseoRegional de nuestra ciudad, un valioso espacio cultural que se encuentra en pleno coraz\u00f3n de laAvenida Alemania. Esta visita permiti\u00f3 a nuestros estudiantes reconocer la historia y el patrimoniocultural de nuestra regi\u00f3n.Explorando las exhibiciones y colecciones del museo, logrando [&hellip;]","og_url":"https:\/\/www.pumahue.cl\/temuco\/noticias\/historia-y-patrimonio-cultural-de-la-araucania\/","og_site_name":"Colegio Pumahue Temuco","article_publisher":"http:\/\/www.facebook.com\/ColegiosPumahue","article_published_time":"2023-10-16T12:05:35+00:00","og_image":[{"width":836,"height":523,"url":"https:\/\/www.pumahue.cl\/temuco\/wp-content\/uploads\/sites\/49\/2023\/10\/museo-1-.jpg","type":"image\/jpeg"}],"author":"jorgedelcampo","twitter_card":"summary_large_image","twitter_misc":{"Escrito por":"jorgedelcampo","Tiempo de lectura":"1 minuto"},"schema":{"@context":"https:\/\/schema.org","@graph":[{"@type":"Article","@id":"https:\/\/www.pumahue.cl\/temuco\/noticias\/historia-y-patrimonio-cultural-de-la-araucania\/#article","isPartOf":{"@id":"https:\/\/www.pumahue.cl\/temuco\/noticias\/historia-y-patrimonio-cultural-de-la-araucania\/"},"author":{"name":"jorgedelcampo","@id":"https:\/\/www.pumahue.cl\/temuco\/#\/schema\/person\/0debeea140e397b5d490ee7e553255d8"},"headline":"Historia y patrimonio cultural de La Araucan\u00eda","datePublished":"2023-10-16T12:05:35+00:00","mainEntityOfPage":{"@id":"https:\/\/www.pumahue.cl\/temuco\/noticias\/historia-y-patrimonio-cultural-de-la-araucania\/"},"wordCount":123,"commentCount":0,"publisher":{"@id":"https:\/\/www.pumahue.cl\/temuco\/#organization"},"image":{"@id":"https:\/\/www.pumahue.cl\/temuco\/noticias\/historia-y-patrimonio-cultural-de-la-araucania\/#primaryimage"},"thumbnailUrl":"https:\/\/www.pumahue.cl\/temuco\/wp-content\/uploads\/sites\/49\/2023\/10\/museo-1-.jpg","articleSection":["Vida Escolar"],"inLanguage":"es","potentialAction":[{"@type":"CommentAction","name":"Comment","target":["https:\/\/www.pumahue.cl\/temuco\/noticias\/historia-y-patrimonio-cultural-de-la-araucania\/#respond"]}]},{"@type":"WebPage","@id":"https:\/\/www.pumahue.cl\/temuco\/noticias\/historia-y-patrimonio-cultural-de-la-araucania\/","url":"https:\/\/www.pumahue.cl\/temuco\/noticias\/historia-y-patrimonio-cultural-de-la-araucania\/","name":"Historia y patrimonio cultural de La Araucan\u00eda - Colegio Pumahue Temuco","isPartOf":{"@id":"https:\/\/www.pumahue.cl\/temuco\/#website"},"primaryImageOfPage":{"@id":"https:\/\/www.pumahue.cl\/temuco\/noticias\/historia-y-patrimonio-cultural-de-la-araucania\/#primaryimage"},"image":{"@id":"https:\/\/www.pumahue.cl\/temuco\/noticias\/historia-y-patrimonio-cultural-de-la-araucania\/#primaryimage"},"thumbnailUrl":"https:\/\/www.pumahue.cl\/temuco\/wp-content\/uploads\/sites\/49\/2023\/10\/museo-1-.jpg","datePublished":"2023-10-16T12:05:35+00:00","breadcrumb":{"@id":"https:\/\/www.pumahue.cl\/temuco\/noticias\/historia-y-patrimonio-cultural-de-la-araucania\/#breadcrumb"},"inLanguage":"es","potentialAction":[{"@type":"ReadAction","target":["https:\/\/www.pumahue.cl\/temuco\/noticias\/historia-y-patrimonio-cultural-de-la-araucania\/"]}]},{"@type":"ImageObject","inLanguage":"es","@id":"https:\/\/www.pumahue.cl\/temuco\/noticias\/historia-y-patrimonio-cultural-de-la-araucania\/#primaryimage","url":"https:\/\/www.pumahue.cl\/temuco\/wp-content\/uploads\/sites\/49\/2023\/10\/museo-1-.jpg","contentUrl":"https:\/\/www.pumahue.cl\/temuco\/wp-content\/uploads\/sites\/49\/2023\/10\/museo-1-.jpg","width":836,"height":523},{"@type":"BreadcrumbList","@id":"https:\/\/www.pumahue.cl\/temuco\/noticias\/historia-y-patrimonio-cultural-de-la-araucania\/#breadcrumb","itemListElement":[{"@type":"ListItem","position":1,"name":"Home","item":"https:\/\/www.pumahue.cl\/temuco\/"},{"@type":"ListItem","position":2,"name":"Historia y patrimonio cultural de La Araucan\u00eda"}]},{"@type":"WebSite","@id":"https:\/\/www.pumahue.cl\/temuco\/#website","url":"https:\/\/www.pumahue.cl\/temuco\/","name":"Colegio Pumahue Temuco","description":"Parte de Cognita Schools","publisher":{"@id":"https:\/\/www.pumahue.cl\/temuco\/#organization"},"potentialAction":[{"@type":"SearchAction","target":{"@type":"EntryPoint","urlTemplate":"https:\/\/www.pumahue.cl\/temuco\/?s={search_term_string}"},"query-input":{"@type":"PropertyValueSpecification","valueRequired":true,"valueName":"search_term_string"}}],"inLanguage":"es"},{"@type":"Organization","@id":"https:\/\/www.pumahue.cl\/temuco\/#organization","name":"Colegio Pumahue Temuco","url":"https:\/\/www.pumahue.cl\/temuco\/","logo":{"@type":"ImageObject","inLanguage":"es","@id":"https:\/\/www.pumahue.cl\/temuco\/#\/schema\/logo\/image\/","url":"https:\/\/www.pumahue.cl\/temuco\/wp-content\/uploads\/sites\/49\/2025\/02\/cropped-logo_Pumahue_.png","contentUrl":"https:\/\/www.pumahue.cl\/temuco\/wp-content\/uploads\/sites\/49\/2025\/02\/cropped-logo_Pumahue_.png","width":512,"height":512,"caption":"Colegio Pumahue Temuco"},"image":{"@id":"https:\/\/www.pumahue.cl\/temuco\/#\/schema\/logo\/image\/"},"sameAs":["http:\/\/www.facebook.com\/ColegiosPumahue","https:\/\/www.instagram.com\/colegiopumahue_temuco","https:\/\/www.youtube.com\/@CognitaChile"]},{"@type":"Person","@id":"https:\/\/www.pumahue.cl\/temuco\/#\/schema\/person\/0debeea140e397b5d490ee7e553255d8","name":"jorgedelcampo","image":{"@type":"ImageObject","inLanguage":"es","@id":"https:\/\/www.pumahue.cl\/temuco\/#\/schema\/person\/image\/","url":"https:\/\/secure.gravatar.com\/avatar\/4a315f521213b2dc91dbda9bf799f711c8a98ab6f5606ec42cf5b33d1e762e8a?s=96&d=mm&r=g","contentUrl":"https:\/\/secure.gravatar.com\/avatar\/4a315f521213b2dc91dbda9bf799f711c8a98ab6f5606ec42cf5b33d1e762e8a?s=96&d=mm&r=g","caption":"jorgedelcampo"}}]}},"jetpack_featured_media_url":"https:\/\/www.pumahue.cl\/temuco\/wp-content\/uploads\/sites\/49\/2023\/10\/museo-1-.jpg","previous_post_ID":23853,"previous_post_title":"El esp\u00edritu de los Juego Panamericanos en La Araucan\u00eda","previous_post_excerpt":"En el d\u00eda de hoy, nuestros estudiantes Eduardo Alarc\u00f3n Henr\u00edquez del 6\u00b0 B\u00e1sico B y &nbsp;Maximiliano Peters Alberti del 4\u00b0B\u00e1sico B; pertenecientes a la Brigada Ecol\u00f3gica de nuestro establecimiento, &nbsp;&nbsp;vivieron una especial jornada al empaparse &nbsp;del esp\u00edritu y la energ\u00eda de los Juegos Panamericanos, a trav\u00e9s de su participaci\u00f3n en &nbsp;la llegada de la Antorcha&nbsp; [&hellip;]","previous_post_link":"https:\/\/www.pumahue.cl\/temuco\/noticias\/el-espiritu-de-los-juego-panamericanos-en-la-araucania\/","previous_post_class":["post-23853","post","type-post","status-publish","format-standard","has-post-thumbnail","hentry","category-vida-escolar"],"next_post_ID":23873,"next_post_title":"El mundo de las historietas nacionales\u00a0","next_post_excerpt":"En el marco del coloquio titulado &#8220;Historieta Nacional: Condorito y Mampato&#8221;, organizado por la carrera de Pedagog\u00eda en Lengua Castellana y Comunicaci\u00f3n de la Universidad Cat\u00f3lica de Temuco, nuestros estudiantes de 6\u00b0 b\u00e1sico A fueron invitados a este evento, lo que se tradujo en una entretenida salida pedag\u00f3gica. El evento se llev\u00f3 a cabo en [&hellip;]","next_post_link":"https:\/\/www.pumahue.cl\/temuco\/noticias\/el-mundo-de-las-historietas-nacionales\/","next_post_class":["post-23873","post","type-post","status-publish","format-standard","has-post-thumbnail","hentry","category-vida-escolar"],"jetpack_sharing_enabled":true,"_links":{"self":[{"href":"https:\/\/www.pumahue.cl\/temuco\/wp-json\/wp\/v2\/posts\/23864","targetHints":{"allow":["GET"]}}],"collection":[{"href":"https:\/\/www.pumahue.cl\/temuco\/wp-json\/wp\/v2\/posts"}],"about":[{"href":"https:\/\/www.pumahue.cl\/temuco\/wp-json\/wp\/v2\/types\/post"}],"author":[{"embeddable":true,"href":"https:\/\/www.pumahue.cl\/temuco\/wp-json\/wp\/v2\/users\/14"}],"replies":[{"embeddable":true,"href":"https:\/\/www.pumahue.cl\/temuco\/wp-json\/wp\/v2\/comments?post=23864"}],"version-history":[{"count":0,"href":"https:\/\/www.pumahue.cl\/temuco\/wp-json\/wp\/v2\/posts\/23864\/revisions"}],"wp:featuredmedia":[{"embeddable":true,"href":"https:\/\/www.pumahue.cl\/temuco\/wp-json\/wp\/v2\/media\/23865"}],"wp:attachment":[{"href":"https:\/\/www.pumahue.cl\/temuco\/wp-json\/wp\/v2\/media?parent=23864"}],"wp:term":[{"taxonomy":"category","embeddable":true,"href":"https:\/\/www.pumahue.cl\/temuco\/wp-json\/wp\/v2\/categories?post=23864"},{"taxonomy":"post_tag","embeddable":true,"href":"https:\/\/www.pumahue.cl\/temuco\/wp-json\/wp\/v2\/tags?post=23864"}],"curies":[{"name":"wp","href":"https:\/\/api.w.org\/{rel}","templated":true}]}}