{"id":23886,"date":"2023-10-16T17:28:48","date_gmt":"2023-10-16T20:28:48","guid":{"rendered":"https:\/\/www.pumahue.cl\/temuco\/?p=23886"},"modified":"2023-10-16T17:28:48","modified_gmt":"2023-10-16T20:28:48","slug":"celebramos-a-nuestros-profesores","status":"publish","type":"post","link":"https:\/\/www.pumahue.cl\/temuco\/noticias\/celebramos-a-nuestros-profesores\/","title":{"rendered":"Celebramos a nuestros profesores"},"content":{"rendered":"\n<p>La labor docente es una de las profesiones con mayor responsabilidad en el \u00e1mbito laboral de un pa\u00eds, ya que los profesores son quienes est\u00e1n a cargo de la formaci\u00f3n de las mentes de ni\u00f1os y j\u00f3venes.<\/p>\n\n\n\n<p>Por ello, celebramos a todos los profesores de nuestro Colegio, adem\u00e1s de reconocer a aquellas personas que han estado dedicados a la ense\u00f1anza durante muchos a\u00f1os, sumando a esta premiaci\u00f3n al personal de apoyo que con su trayectoria han sido los responsables de darle vida al Colegio Pumahue de Temuco.<\/p>\n\n\n\n<p>Por ello, en esta ceremonia se premi\u00f3 a nuestros profesores por 5 a\u00f1os de trayectoria<\/p>\n\n\n\n<p>Suzana Cabalin Hurtado (Educadora Biling\u00fce)<\/p>\n\n\n\n<p>Ivonne Fernandez Mu\u00f1oz (Docente De Ense\u00f1anza Media)<\/p>\n\n\n\n<p>Danica Martin Estefane (Docente De Ense\u00f1anza B\u00e1sica Biling\u00fce)<\/p>\n\n\n\n<p>Nicole N\u00fa\u00f1ez Rivas (Co Educadora De Edu. Parvularia)<\/p>\n\n\n\n<p>Natalia Serra Guillen (Docente De Ense\u00f1anza Media)<\/p>\n\n\n\n<p>Christel Yefih Vel\u00e1squez (Co Educadora De Edu. Parvularia)<\/p>\n\n\n\n<p>Mar\u00eda Paz Vera Vera (Docente De Ense\u00f1anza B\u00e1sica)<\/p>\n\n\n\n<p>Jorge Luis Espinoza Rodr\u00edguez (Docente De Ense\u00f1anza B\u00e1sica)<\/p>\n\n\n\n<p><\/p>\n\n\n\n<p>Tambi\u00e9n se reconoci\u00f3 a los docentes con 10 a\u00f1os de trayectoria<\/p>\n\n\n\n<p>Mar\u00eda Pilar Carrasco Saavedra (Docente De Ense\u00f1anza B\u00e1sica)<\/p>\n\n\n\n<p>Catherine Palavicino Melillan (Docente De Ense\u00f1anza B\u00e1sica)<\/p>\n\n\n\n<p>En la categor\u00eda de 15 a\u00f1os de trayectoria, por su dedicaci\u00f3n constante a la educaci\u00f3n y por convertirse en protagonista del desarrollo de nuestro colegio, recibieron su presente: Jessica \u00c1lvarez Madrid (Encargada De Admisi\u00f3n); \u00a0Andrea Debarca Mart\u00ednez (Docente De Ense\u00f1anza Media).<\/p>\n\n\n\n<p>En la categor\u00eda de 20 a\u00f1os de trayectoria, recibi\u00f3 su reconocimiento; Jos\u00e9 Antonio Moreno Cortez ((Docente De Ense\u00f1anza B\u00e1sica).<\/p>\n\n\n\n<p>Cabe mencionar que tambi\u00e9n se premi\u00f3 a Miss Dayand Valenzuela, ex directora de estudios de nuestro Colegio, quien fue reconocida por su importante labor docente y como directora de varias generaciones de estudiantes de nuestro establecimiento. Asimismo, los propios profesores y administrativos le entregaron el premio al mejor compa\u00f1ero, que este a\u00f1o 2023, recay\u00f3 en la Secretaria de Rector\u00eda, Miss M\u00f3nica Soto.<\/p>\n"},"excerpt":{"rendered":"<p>La labor docente es una de las profesiones con mayor responsabilidad en el \u00e1mbito laboral de un pa\u00eds, ya que los profesores son quienes est\u00e1n a cargo de la formaci\u00f3n de las mentes de ni\u00f1os y j\u00f3venes. Por ello, celebramos a todos los profesores de nuestro Colegio, adem\u00e1s de reconocer a aquellas personas que han [&hellip;]<\/p>\n","protected":false},"author":14,"featured_media":23887,"comment_status":"open","ping_status":"open","sticky":false,"template":"","format":"standard","meta":{"_acf_changed":false,"content-type":"","_jetpack_memberships_contains_paid_content":false,"footnotes":""},"categories":[1],"tags":[],"class_list":["post-23886","post","type-post","status-publish","format-standard","has-post-thumbnail","hentry","category-vida-escolar"],"acf":[],"yoast_head":"<!-- This site is optimized with the Yoast SEO plugin v27.1.1 - https:\/\/yoast.com\/product\/yoast-seo-wordpress\/ -->\n<title>Celebramos a nuestros profesores - Colegio Pumahue Temuco<\/title>\n<meta name=\"robots\" content=\"index, follow, max-snippet:-1, max-image-preview:large, max-video-preview:-1\" \/>\n<link rel=\"canonical\" href=\"https:\/\/www.pumahue.cl\/temuco\/noticias\/celebramos-a-nuestros-profesores\/\" \/>\n<meta property=\"og:locale\" content=\"es_ES\" \/>\n<meta property=\"og:type\" content=\"article\" \/>\n<meta property=\"og:title\" content=\"Celebramos a nuestros profesores - Colegio Pumahue Temuco\" \/>\n<meta property=\"og:description\" content=\"La labor docente es una de las profesiones con mayor responsabilidad en el \u00e1mbito laboral de un pa\u00eds, ya que los profesores son quienes est\u00e1n a cargo de la formaci\u00f3n de las mentes de ni\u00f1os y j\u00f3venes. Por ello, celebramos a todos los profesores de nuestro Colegio, adem\u00e1s de reconocer a aquellas personas que han [&hellip;]\" \/>\n<meta property=\"og:url\" content=\"https:\/\/www.pumahue.cl\/temuco\/noticias\/celebramos-a-nuestros-profesores\/\" \/>\n<meta property=\"og:site_name\" content=\"Colegio Pumahue Temuco\" \/>\n<meta property=\"article:publisher\" content=\"http:\/\/www.facebook.com\/ColegiosPumahue\" \/>\n<meta property=\"article:published_time\" content=\"2023-10-16T20:28:48+00:00\" \/>\n<meta property=\"og:image\" content=\"https:\/\/www.pumahue.cl\/temuco\/wp-content\/uploads\/sites\/49\/2023\/10\/premiacion-.jpg\" \/>\n\t<meta property=\"og:image:width\" content=\"836\" \/>\n\t<meta property=\"og:image:height\" content=\"523\" \/>\n\t<meta property=\"og:image:type\" content=\"image\/jpeg\" \/>\n<meta name=\"author\" content=\"jorgedelcampo\" \/>\n<meta name=\"twitter:card\" content=\"summary_large_image\" \/>\n<meta name=\"twitter:label1\" content=\"Escrito por\" \/>\n\t<meta name=\"twitter:data1\" content=\"jorgedelcampo\" \/>\n\t<meta name=\"twitter:label2\" content=\"Tiempo de lectura\" \/>\n\t<meta name=\"twitter:data2\" content=\"2 minutos\" \/>\n<script type=\"application\/ld+json\" class=\"yoast-schema-graph\">{\"@context\":\"https:\/\/schema.org\",\"@graph\":[{\"@type\":\"Article\",\"@id\":\"https:\/\/www.pumahue.cl\/temuco\/noticias\/celebramos-a-nuestros-profesores\/#article\",\"isPartOf\":{\"@id\":\"https:\/\/www.pumahue.cl\/temuco\/noticias\/celebramos-a-nuestros-profesores\/\"},\"author\":{\"name\":\"jorgedelcampo\",\"@id\":\"https:\/\/www.pumahue.cl\/temuco\/#\/schema\/person\/0debeea140e397b5d490ee7e553255d8\"},\"headline\":\"Celebramos a nuestros profesores\",\"datePublished\":\"2023-10-16T20:28:48+00:00\",\"mainEntityOfPage\":{\"@id\":\"https:\/\/www.pumahue.cl\/temuco\/noticias\/celebramos-a-nuestros-profesores\/\"},\"wordCount\":356,\"commentCount\":0,\"publisher\":{\"@id\":\"https:\/\/www.pumahue.cl\/temuco\/#organization\"},\"image\":{\"@id\":\"https:\/\/www.pumahue.cl\/temuco\/noticias\/celebramos-a-nuestros-profesores\/#primaryimage\"},\"thumbnailUrl\":\"https:\/\/www.pumahue.cl\/temuco\/wp-content\/uploads\/sites\/49\/2023\/10\/premiacion-.jpg\",\"articleSection\":[\"Vida Escolar\"],\"inLanguage\":\"es\",\"potentialAction\":[{\"@type\":\"CommentAction\",\"name\":\"Comment\",\"target\":[\"https:\/\/www.pumahue.cl\/temuco\/noticias\/celebramos-a-nuestros-profesores\/#respond\"]}]},{\"@type\":\"WebPage\",\"@id\":\"https:\/\/www.pumahue.cl\/temuco\/noticias\/celebramos-a-nuestros-profesores\/\",\"url\":\"https:\/\/www.pumahue.cl\/temuco\/noticias\/celebramos-a-nuestros-profesores\/\",\"name\":\"Celebramos a nuestros profesores - Colegio Pumahue Temuco\",\"isPartOf\":{\"@id\":\"https:\/\/www.pumahue.cl\/temuco\/#website\"},\"primaryImageOfPage\":{\"@id\":\"https:\/\/www.pumahue.cl\/temuco\/noticias\/celebramos-a-nuestros-profesores\/#primaryimage\"},\"image\":{\"@id\":\"https:\/\/www.pumahue.cl\/temuco\/noticias\/celebramos-a-nuestros-profesores\/#primaryimage\"},\"thumbnailUrl\":\"https:\/\/www.pumahue.cl\/temuco\/wp-content\/uploads\/sites\/49\/2023\/10\/premiacion-.jpg\",\"datePublished\":\"2023-10-16T20:28:48+00:00\",\"breadcrumb\":{\"@id\":\"https:\/\/www.pumahue.cl\/temuco\/noticias\/celebramos-a-nuestros-profesores\/#breadcrumb\"},\"inLanguage\":\"es\",\"potentialAction\":[{\"@type\":\"ReadAction\",\"target\":[\"https:\/\/www.pumahue.cl\/temuco\/noticias\/celebramos-a-nuestros-profesores\/\"]}]},{\"@type\":\"ImageObject\",\"inLanguage\":\"es\",\"@id\":\"https:\/\/www.pumahue.cl\/temuco\/noticias\/celebramos-a-nuestros-profesores\/#primaryimage\",\"url\":\"https:\/\/www.pumahue.cl\/temuco\/wp-content\/uploads\/sites\/49\/2023\/10\/premiacion-.jpg\",\"contentUrl\":\"https:\/\/www.pumahue.cl\/temuco\/wp-content\/uploads\/sites\/49\/2023\/10\/premiacion-.jpg\",\"width\":836,\"height\":523},{\"@type\":\"BreadcrumbList\",\"@id\":\"https:\/\/www.pumahue.cl\/temuco\/noticias\/celebramos-a-nuestros-profesores\/#breadcrumb\",\"itemListElement\":[{\"@type\":\"ListItem\",\"position\":1,\"name\":\"Home\",\"item\":\"https:\/\/www.pumahue.cl\/temuco\/\"},{\"@type\":\"ListItem\",\"position\":2,\"name\":\"Celebramos a nuestros profesores\"}]},{\"@type\":\"WebSite\",\"@id\":\"https:\/\/www.pumahue.cl\/temuco\/#website\",\"url\":\"https:\/\/www.pumahue.cl\/temuco\/\",\"name\":\"Colegio Pumahue Temuco\",\"description\":\"Parte de Cognita Schools\",\"publisher\":{\"@id\":\"https:\/\/www.pumahue.cl\/temuco\/#organization\"},\"potentialAction\":[{\"@type\":\"SearchAction\",\"target\":{\"@type\":\"EntryPoint\",\"urlTemplate\":\"https:\/\/www.pumahue.cl\/temuco\/?s={search_term_string}\"},\"query-input\":{\"@type\":\"PropertyValueSpecification\",\"valueRequired\":true,\"valueName\":\"search_term_string\"}}],\"inLanguage\":\"es\"},{\"@type\":\"Organization\",\"@id\":\"https:\/\/www.pumahue.cl\/temuco\/#organization\",\"name\":\"Colegio Pumahue Temuco\",\"url\":\"https:\/\/www.pumahue.cl\/temuco\/\",\"logo\":{\"@type\":\"ImageObject\",\"inLanguage\":\"es\",\"@id\":\"https:\/\/www.pumahue.cl\/temuco\/#\/schema\/logo\/image\/\",\"url\":\"https:\/\/www.pumahue.cl\/temuco\/wp-content\/uploads\/sites\/49\/2025\/02\/cropped-logo_Pumahue_.png\",\"contentUrl\":\"https:\/\/www.pumahue.cl\/temuco\/wp-content\/uploads\/sites\/49\/2025\/02\/cropped-logo_Pumahue_.png\",\"width\":512,\"height\":512,\"caption\":\"Colegio Pumahue Temuco\"},\"image\":{\"@id\":\"https:\/\/www.pumahue.cl\/temuco\/#\/schema\/logo\/image\/\"},\"sameAs\":[\"http:\/\/www.facebook.com\/ColegiosPumahue\",\"https:\/\/www.instagram.com\/colegiopumahue_temuco\",\"https:\/\/www.youtube.com\/@CognitaChile\"]},{\"@type\":\"Person\",\"@id\":\"https:\/\/www.pumahue.cl\/temuco\/#\/schema\/person\/0debeea140e397b5d490ee7e553255d8\",\"name\":\"jorgedelcampo\",\"image\":{\"@type\":\"ImageObject\",\"inLanguage\":\"es\",\"@id\":\"https:\/\/www.pumahue.cl\/temuco\/#\/schema\/person\/image\/\",\"url\":\"https:\/\/secure.gravatar.com\/avatar\/4a315f521213b2dc91dbda9bf799f711c8a98ab6f5606ec42cf5b33d1e762e8a?s=96&d=mm&r=g\",\"contentUrl\":\"https:\/\/secure.gravatar.com\/avatar\/4a315f521213b2dc91dbda9bf799f711c8a98ab6f5606ec42cf5b33d1e762e8a?s=96&d=mm&r=g\",\"caption\":\"jorgedelcampo\"}}]}<\/script>\n<!-- \/ Yoast SEO plugin. -->","yoast_head_json":{"title":"Celebramos a nuestros profesores - Colegio Pumahue Temuco","robots":{"index":"index","follow":"follow","max-snippet":"max-snippet:-1","max-image-preview":"max-image-preview:large","max-video-preview":"max-video-preview:-1"},"canonical":"https:\/\/www.pumahue.cl\/temuco\/noticias\/celebramos-a-nuestros-profesores\/","og_locale":"es_ES","og_type":"article","og_title":"Celebramos a nuestros profesores - Colegio Pumahue Temuco","og_description":"La labor docente es una de las profesiones con mayor responsabilidad en el \u00e1mbito laboral de un pa\u00eds, ya que los profesores son quienes est\u00e1n a cargo de la formaci\u00f3n de las mentes de ni\u00f1os y j\u00f3venes. Por ello, celebramos a todos los profesores de nuestro Colegio, adem\u00e1s de reconocer a aquellas personas que han [&hellip;]","og_url":"https:\/\/www.pumahue.cl\/temuco\/noticias\/celebramos-a-nuestros-profesores\/","og_site_name":"Colegio Pumahue Temuco","article_publisher":"http:\/\/www.facebook.com\/ColegiosPumahue","article_published_time":"2023-10-16T20:28:48+00:00","og_image":[{"width":836,"height":523,"url":"https:\/\/www.pumahue.cl\/temuco\/wp-content\/uploads\/sites\/49\/2023\/10\/premiacion-.jpg","type":"image\/jpeg"}],"author":"jorgedelcampo","twitter_card":"summary_large_image","twitter_misc":{"Escrito por":"jorgedelcampo","Tiempo de lectura":"2 minutos"},"schema":{"@context":"https:\/\/schema.org","@graph":[{"@type":"Article","@id":"https:\/\/www.pumahue.cl\/temuco\/noticias\/celebramos-a-nuestros-profesores\/#article","isPartOf":{"@id":"https:\/\/www.pumahue.cl\/temuco\/noticias\/celebramos-a-nuestros-profesores\/"},"author":{"name":"jorgedelcampo","@id":"https:\/\/www.pumahue.cl\/temuco\/#\/schema\/person\/0debeea140e397b5d490ee7e553255d8"},"headline":"Celebramos a nuestros profesores","datePublished":"2023-10-16T20:28:48+00:00","mainEntityOfPage":{"@id":"https:\/\/www.pumahue.cl\/temuco\/noticias\/celebramos-a-nuestros-profesores\/"},"wordCount":356,"commentCount":0,"publisher":{"@id":"https:\/\/www.pumahue.cl\/temuco\/#organization"},"image":{"@id":"https:\/\/www.pumahue.cl\/temuco\/noticias\/celebramos-a-nuestros-profesores\/#primaryimage"},"thumbnailUrl":"https:\/\/www.pumahue.cl\/temuco\/wp-content\/uploads\/sites\/49\/2023\/10\/premiacion-.jpg","articleSection":["Vida Escolar"],"inLanguage":"es","potentialAction":[{"@type":"CommentAction","name":"Comment","target":["https:\/\/www.pumahue.cl\/temuco\/noticias\/celebramos-a-nuestros-profesores\/#respond"]}]},{"@type":"WebPage","@id":"https:\/\/www.pumahue.cl\/temuco\/noticias\/celebramos-a-nuestros-profesores\/","url":"https:\/\/www.pumahue.cl\/temuco\/noticias\/celebramos-a-nuestros-profesores\/","name":"Celebramos a nuestros profesores - Colegio Pumahue Temuco","isPartOf":{"@id":"https:\/\/www.pumahue.cl\/temuco\/#website"},"primaryImageOfPage":{"@id":"https:\/\/www.pumahue.cl\/temuco\/noticias\/celebramos-a-nuestros-profesores\/#primaryimage"},"image":{"@id":"https:\/\/www.pumahue.cl\/temuco\/noticias\/celebramos-a-nuestros-profesores\/#primaryimage"},"thumbnailUrl":"https:\/\/www.pumahue.cl\/temuco\/wp-content\/uploads\/sites\/49\/2023\/10\/premiacion-.jpg","datePublished":"2023-10-16T20:28:48+00:00","breadcrumb":{"@id":"https:\/\/www.pumahue.cl\/temuco\/noticias\/celebramos-a-nuestros-profesores\/#breadcrumb"},"inLanguage":"es","potentialAction":[{"@type":"ReadAction","target":["https:\/\/www.pumahue.cl\/temuco\/noticias\/celebramos-a-nuestros-profesores\/"]}]},{"@type":"ImageObject","inLanguage":"es","@id":"https:\/\/www.pumahue.cl\/temuco\/noticias\/celebramos-a-nuestros-profesores\/#primaryimage","url":"https:\/\/www.pumahue.cl\/temuco\/wp-content\/uploads\/sites\/49\/2023\/10\/premiacion-.jpg","contentUrl":"https:\/\/www.pumahue.cl\/temuco\/wp-content\/uploads\/sites\/49\/2023\/10\/premiacion-.jpg","width":836,"height":523},{"@type":"BreadcrumbList","@id":"https:\/\/www.pumahue.cl\/temuco\/noticias\/celebramos-a-nuestros-profesores\/#breadcrumb","itemListElement":[{"@type":"ListItem","position":1,"name":"Home","item":"https:\/\/www.pumahue.cl\/temuco\/"},{"@type":"ListItem","position":2,"name":"Celebramos a nuestros profesores"}]},{"@type":"WebSite","@id":"https:\/\/www.pumahue.cl\/temuco\/#website","url":"https:\/\/www.pumahue.cl\/temuco\/","name":"Colegio Pumahue Temuco","description":"Parte de Cognita Schools","publisher":{"@id":"https:\/\/www.pumahue.cl\/temuco\/#organization"},"potentialAction":[{"@type":"SearchAction","target":{"@type":"EntryPoint","urlTemplate":"https:\/\/www.pumahue.cl\/temuco\/?s={search_term_string}"},"query-input":{"@type":"PropertyValueSpecification","valueRequired":true,"valueName":"search_term_string"}}],"inLanguage":"es"},{"@type":"Organization","@id":"https:\/\/www.pumahue.cl\/temuco\/#organization","name":"Colegio Pumahue Temuco","url":"https:\/\/www.pumahue.cl\/temuco\/","logo":{"@type":"ImageObject","inLanguage":"es","@id":"https:\/\/www.pumahue.cl\/temuco\/#\/schema\/logo\/image\/","url":"https:\/\/www.pumahue.cl\/temuco\/wp-content\/uploads\/sites\/49\/2025\/02\/cropped-logo_Pumahue_.png","contentUrl":"https:\/\/www.pumahue.cl\/temuco\/wp-content\/uploads\/sites\/49\/2025\/02\/cropped-logo_Pumahue_.png","width":512,"height":512,"caption":"Colegio Pumahue Temuco"},"image":{"@id":"https:\/\/www.pumahue.cl\/temuco\/#\/schema\/logo\/image\/"},"sameAs":["http:\/\/www.facebook.com\/ColegiosPumahue","https:\/\/www.instagram.com\/colegiopumahue_temuco","https:\/\/www.youtube.com\/@CognitaChile"]},{"@type":"Person","@id":"https:\/\/www.pumahue.cl\/temuco\/#\/schema\/person\/0debeea140e397b5d490ee7e553255d8","name":"jorgedelcampo","image":{"@type":"ImageObject","inLanguage":"es","@id":"https:\/\/www.pumahue.cl\/temuco\/#\/schema\/person\/image\/","url":"https:\/\/secure.gravatar.com\/avatar\/4a315f521213b2dc91dbda9bf799f711c8a98ab6f5606ec42cf5b33d1e762e8a?s=96&d=mm&r=g","contentUrl":"https:\/\/secure.gravatar.com\/avatar\/4a315f521213b2dc91dbda9bf799f711c8a98ab6f5606ec42cf5b33d1e762e8a?s=96&d=mm&r=g","caption":"jorgedelcampo"}}]}},"jetpack_featured_media_url":"https:\/\/www.pumahue.cl\/temuco\/wp-content\/uploads\/sites\/49\/2023\/10\/premiacion-.jpg","previous_post_ID":23879,"previous_post_title":"Triunfo sobre ruedas","previous_post_excerpt":"La hermosa ciudad de Quell\u00f3n fue el centro deportivo del patinaje, el pasado 7 y 8 de octubre, ocasi\u00f3n en que,\u00a0 Florencia Montes Barr\u00eda del 7\u00ba b\u00e1sico A, alcanz\u00f3 la cima en el 4to Campeonato de Patinaje Art\u00edstico de la Liga Elite Group en la categor\u00eda principiante B espoir. Este logro es el resultado de [&hellip;]","previous_post_link":"https:\/\/www.pumahue.cl\/temuco\/noticias\/triunfo-sobre-ruedas\/","previous_post_class":["post-23879","post","type-post","status-publish","format-standard","has-post-thumbnail","hentry","category-vida-escolar"],"next_post_ID":23905,"next_post_title":"Talento Pumahue","next_post_excerpt":"Una exitosa participaci\u00f3n como Cheerleaders obtuvo Isabella Garc\u00eda Faundez, estudiante de 2\u00b0 b\u00e1sico D, siendo parte del equipo Cheers Temuco, en campeonatos realizados en la ciudad de Concepci\u00f3n, a principios del mes de octubre.En campeonato Best Concepci\u00f3n, obtuvo doble medalla de oro y en campeonato X-Cheer Concepci\u00f3n logr\u00f3 medalla de oro con rutina perfecta Hit [&hellip;]","next_post_link":"https:\/\/www.pumahue.cl\/temuco\/noticias\/talento-pumahue\/","next_post_class":["post-23905","post","type-post","status-publish","format-standard","has-post-thumbnail","hentry","category-vida-escolar"],"jetpack_sharing_enabled":true,"_links":{"self":[{"href":"https:\/\/www.pumahue.cl\/temuco\/wp-json\/wp\/v2\/posts\/23886","targetHints":{"allow":["GET"]}}],"collection":[{"href":"https:\/\/www.pumahue.cl\/temuco\/wp-json\/wp\/v2\/posts"}],"about":[{"href":"https:\/\/www.pumahue.cl\/temuco\/wp-json\/wp\/v2\/types\/post"}],"author":[{"embeddable":true,"href":"https:\/\/www.pumahue.cl\/temuco\/wp-json\/wp\/v2\/users\/14"}],"replies":[{"embeddable":true,"href":"https:\/\/www.pumahue.cl\/temuco\/wp-json\/wp\/v2\/comments?post=23886"}],"version-history":[{"count":0,"href":"https:\/\/www.pumahue.cl\/temuco\/wp-json\/wp\/v2\/posts\/23886\/revisions"}],"wp:featuredmedia":[{"embeddable":true,"href":"https:\/\/www.pumahue.cl\/temuco\/wp-json\/wp\/v2\/media\/23887"}],"wp:attachment":[{"href":"https:\/\/www.pumahue.cl\/temuco\/wp-json\/wp\/v2\/media?parent=23886"}],"wp:term":[{"taxonomy":"category","embeddable":true,"href":"https:\/\/www.pumahue.cl\/temuco\/wp-json\/wp\/v2\/categories?post=23886"},{"taxonomy":"post_tag","embeddable":true,"href":"https:\/\/www.pumahue.cl\/temuco\/wp-json\/wp\/v2\/tags?post=23886"}],"curies":[{"name":"wp","href":"https:\/\/api.w.org\/{rel}","templated":true}]}}