{"id":23923,"date":"2023-10-19T17:28:31","date_gmt":"2023-10-19T20:28:31","guid":{"rendered":"https:\/\/www.pumahue.cl\/temuco\/?p=23923"},"modified":"2023-10-19T17:28:31","modified_gmt":"2023-10-19T20:28:31","slug":"visita-del-seremi-del-medio-ambiente","status":"publish","type":"post","link":"https:\/\/www.pumahue.cl\/temuco\/noticias\/visita-del-seremi-del-medio-ambiente\/","title":{"rendered":"Visita del Seremi del Medio Ambiente"},"content":{"rendered":"\n<p>Una jornada llena de conocimientos e informaci\u00f3n vivieron los peque\u00f1os del k\u00ednder D y los estudiantes de la Brigada Ecol\u00f3gica, quienes compartieron con el Seremi del Medio Ambiente de La Araucan\u00eda, F\u00e9lix Contreras y la profesional de la Unidad de Educaci\u00f3n Ambiental de la misma cartera, Nataly San Mart\u00edn.<\/p>\n\n\n\n<p>Los ni\u00f1os y ni\u00f1as del k\u00ednder D realizaron una serie de preguntas sobre la exposici\u00f3n de los invitados y adem\u00e1s, le mostraron a la autoridad la manera en que ellos colaboran con el proceso de reciclaje, usando los contenedores que se encuentran en nuestro establecimiento.<\/p>\n\n\n\n<p>Asimismo, la brigada ecol\u00f3gica comparti\u00f3 una conversaci\u00f3n con la autoridad regional, destacando los conocimientos que tienen todos los integrantes de este grupo de comprometidos j\u00f3venes defensores del medio ambiente. \u00a0<\/p>\n"},"excerpt":{"rendered":"<p>Una jornada llena de conocimientos e informaci\u00f3n vivieron los peque\u00f1os del k\u00ednder D y los estudiantes de la Brigada Ecol\u00f3gica, quienes compartieron con el Seremi del Medio Ambiente de La Araucan\u00eda, F\u00e9lix Contreras y la profesional de la Unidad de Educaci\u00f3n Ambiental de la misma cartera, Nataly San Mart\u00edn. Los ni\u00f1os y ni\u00f1as del k\u00ednder [&hellip;]<\/p>\n","protected":false},"author":14,"featured_media":23924,"comment_status":"open","ping_status":"open","sticky":false,"template":"","format":"standard","meta":{"_acf_changed":false,"content-type":"","_jetpack_memberships_contains_paid_content":false,"footnotes":""},"categories":[1],"tags":[],"class_list":["post-23923","post","type-post","status-publish","format-standard","has-post-thumbnail","hentry","category-vida-escolar"],"acf":[],"yoast_head":"<!-- This site is optimized with the Yoast SEO plugin v27.1.1 - https:\/\/yoast.com\/product\/yoast-seo-wordpress\/ -->\n<title>Visita del Seremi del Medio Ambiente - Colegio Pumahue Temuco<\/title>\n<meta name=\"robots\" content=\"index, follow, max-snippet:-1, max-image-preview:large, max-video-preview:-1\" \/>\n<link rel=\"canonical\" href=\"https:\/\/www.pumahue.cl\/temuco\/noticias\/visita-del-seremi-del-medio-ambiente\/\" \/>\n<meta property=\"og:locale\" content=\"es_ES\" \/>\n<meta property=\"og:type\" content=\"article\" \/>\n<meta property=\"og:title\" content=\"Visita del Seremi del Medio Ambiente - Colegio Pumahue Temuco\" \/>\n<meta property=\"og:description\" content=\"Una jornada llena de conocimientos e informaci\u00f3n vivieron los peque\u00f1os del k\u00ednder D y los estudiantes de la Brigada Ecol\u00f3gica, quienes compartieron con el Seremi del Medio Ambiente de La Araucan\u00eda, F\u00e9lix Contreras y la profesional de la Unidad de Educaci\u00f3n Ambiental de la misma cartera, Nataly San Mart\u00edn. Los ni\u00f1os y ni\u00f1as del k\u00ednder [&hellip;]\" \/>\n<meta property=\"og:url\" content=\"https:\/\/www.pumahue.cl\/temuco\/noticias\/visita-del-seremi-del-medio-ambiente\/\" \/>\n<meta property=\"og:site_name\" content=\"Colegio Pumahue Temuco\" \/>\n<meta property=\"article:publisher\" content=\"http:\/\/www.facebook.com\/ColegiosPumahue\" \/>\n<meta property=\"article:published_time\" content=\"2023-10-19T20:28:31+00:00\" \/>\n<meta property=\"og:image\" content=\"https:\/\/www.pumahue.cl\/temuco\/wp-content\/uploads\/sites\/49\/2023\/10\/foto-7.jpg\" \/>\n\t<meta property=\"og:image:width\" content=\"836\" \/>\n\t<meta property=\"og:image:height\" content=\"523\" \/>\n\t<meta property=\"og:image:type\" content=\"image\/jpeg\" \/>\n<meta name=\"author\" content=\"jorgedelcampo\" \/>\n<meta name=\"twitter:card\" content=\"summary_large_image\" \/>\n<meta name=\"twitter:label1\" content=\"Escrito por\" \/>\n\t<meta name=\"twitter:data1\" content=\"jorgedelcampo\" \/>\n\t<meta name=\"twitter:label2\" content=\"Tiempo de lectura\" \/>\n\t<meta name=\"twitter:data2\" content=\"1 minuto\" \/>\n<script type=\"application\/ld+json\" class=\"yoast-schema-graph\">{\"@context\":\"https:\/\/schema.org\",\"@graph\":[{\"@type\":\"Article\",\"@id\":\"https:\/\/www.pumahue.cl\/temuco\/noticias\/visita-del-seremi-del-medio-ambiente\/#article\",\"isPartOf\":{\"@id\":\"https:\/\/www.pumahue.cl\/temuco\/noticias\/visita-del-seremi-del-medio-ambiente\/\"},\"author\":{\"name\":\"jorgedelcampo\",\"@id\":\"https:\/\/www.pumahue.cl\/temuco\/#\/schema\/person\/0debeea140e397b5d490ee7e553255d8\"},\"headline\":\"Visita del Seremi del Medio Ambiente\",\"datePublished\":\"2023-10-19T20:28:31+00:00\",\"mainEntityOfPage\":{\"@id\":\"https:\/\/www.pumahue.cl\/temuco\/noticias\/visita-del-seremi-del-medio-ambiente\/\"},\"wordCount\":145,\"commentCount\":0,\"publisher\":{\"@id\":\"https:\/\/www.pumahue.cl\/temuco\/#organization\"},\"image\":{\"@id\":\"https:\/\/www.pumahue.cl\/temuco\/noticias\/visita-del-seremi-del-medio-ambiente\/#primaryimage\"},\"thumbnailUrl\":\"https:\/\/www.pumahue.cl\/temuco\/wp-content\/uploads\/sites\/49\/2023\/10\/foto-7.jpg\",\"articleSection\":[\"Vida Escolar\"],\"inLanguage\":\"es\",\"potentialAction\":[{\"@type\":\"CommentAction\",\"name\":\"Comment\",\"target\":[\"https:\/\/www.pumahue.cl\/temuco\/noticias\/visita-del-seremi-del-medio-ambiente\/#respond\"]}]},{\"@type\":\"WebPage\",\"@id\":\"https:\/\/www.pumahue.cl\/temuco\/noticias\/visita-del-seremi-del-medio-ambiente\/\",\"url\":\"https:\/\/www.pumahue.cl\/temuco\/noticias\/visita-del-seremi-del-medio-ambiente\/\",\"name\":\"Visita del Seremi del Medio Ambiente - Colegio Pumahue Temuco\",\"isPartOf\":{\"@id\":\"https:\/\/www.pumahue.cl\/temuco\/#website\"},\"primaryImageOfPage\":{\"@id\":\"https:\/\/www.pumahue.cl\/temuco\/noticias\/visita-del-seremi-del-medio-ambiente\/#primaryimage\"},\"image\":{\"@id\":\"https:\/\/www.pumahue.cl\/temuco\/noticias\/visita-del-seremi-del-medio-ambiente\/#primaryimage\"},\"thumbnailUrl\":\"https:\/\/www.pumahue.cl\/temuco\/wp-content\/uploads\/sites\/49\/2023\/10\/foto-7.jpg\",\"datePublished\":\"2023-10-19T20:28:31+00:00\",\"breadcrumb\":{\"@id\":\"https:\/\/www.pumahue.cl\/temuco\/noticias\/visita-del-seremi-del-medio-ambiente\/#breadcrumb\"},\"inLanguage\":\"es\",\"potentialAction\":[{\"@type\":\"ReadAction\",\"target\":[\"https:\/\/www.pumahue.cl\/temuco\/noticias\/visita-del-seremi-del-medio-ambiente\/\"]}]},{\"@type\":\"ImageObject\",\"inLanguage\":\"es\",\"@id\":\"https:\/\/www.pumahue.cl\/temuco\/noticias\/visita-del-seremi-del-medio-ambiente\/#primaryimage\",\"url\":\"https:\/\/www.pumahue.cl\/temuco\/wp-content\/uploads\/sites\/49\/2023\/10\/foto-7.jpg\",\"contentUrl\":\"https:\/\/www.pumahue.cl\/temuco\/wp-content\/uploads\/sites\/49\/2023\/10\/foto-7.jpg\",\"width\":836,\"height\":523},{\"@type\":\"BreadcrumbList\",\"@id\":\"https:\/\/www.pumahue.cl\/temuco\/noticias\/visita-del-seremi-del-medio-ambiente\/#breadcrumb\",\"itemListElement\":[{\"@type\":\"ListItem\",\"position\":1,\"name\":\"Home\",\"item\":\"https:\/\/www.pumahue.cl\/temuco\/\"},{\"@type\":\"ListItem\",\"position\":2,\"name\":\"Visita del Seremi del Medio Ambiente\"}]},{\"@type\":\"WebSite\",\"@id\":\"https:\/\/www.pumahue.cl\/temuco\/#website\",\"url\":\"https:\/\/www.pumahue.cl\/temuco\/\",\"name\":\"Colegio Pumahue Temuco\",\"description\":\"Parte de Cognita Schools\",\"publisher\":{\"@id\":\"https:\/\/www.pumahue.cl\/temuco\/#organization\"},\"potentialAction\":[{\"@type\":\"SearchAction\",\"target\":{\"@type\":\"EntryPoint\",\"urlTemplate\":\"https:\/\/www.pumahue.cl\/temuco\/?s={search_term_string}\"},\"query-input\":{\"@type\":\"PropertyValueSpecification\",\"valueRequired\":true,\"valueName\":\"search_term_string\"}}],\"inLanguage\":\"es\"},{\"@type\":\"Organization\",\"@id\":\"https:\/\/www.pumahue.cl\/temuco\/#organization\",\"name\":\"Colegio Pumahue Temuco\",\"url\":\"https:\/\/www.pumahue.cl\/temuco\/\",\"logo\":{\"@type\":\"ImageObject\",\"inLanguage\":\"es\",\"@id\":\"https:\/\/www.pumahue.cl\/temuco\/#\/schema\/logo\/image\/\",\"url\":\"https:\/\/www.pumahue.cl\/temuco\/wp-content\/uploads\/sites\/49\/2025\/02\/cropped-logo_Pumahue_.png\",\"contentUrl\":\"https:\/\/www.pumahue.cl\/temuco\/wp-content\/uploads\/sites\/49\/2025\/02\/cropped-logo_Pumahue_.png\",\"width\":512,\"height\":512,\"caption\":\"Colegio Pumahue Temuco\"},\"image\":{\"@id\":\"https:\/\/www.pumahue.cl\/temuco\/#\/schema\/logo\/image\/\"},\"sameAs\":[\"http:\/\/www.facebook.com\/ColegiosPumahue\",\"https:\/\/www.instagram.com\/colegiopumahue_temuco\",\"https:\/\/www.youtube.com\/@CognitaChile\"]},{\"@type\":\"Person\",\"@id\":\"https:\/\/www.pumahue.cl\/temuco\/#\/schema\/person\/0debeea140e397b5d490ee7e553255d8\",\"name\":\"jorgedelcampo\",\"image\":{\"@type\":\"ImageObject\",\"inLanguage\":\"es\",\"@id\":\"https:\/\/www.pumahue.cl\/temuco\/#\/schema\/person\/image\/\",\"url\":\"https:\/\/secure.gravatar.com\/avatar\/4a315f521213b2dc91dbda9bf799f711c8a98ab6f5606ec42cf5b33d1e762e8a?s=96&d=mm&r=g\",\"contentUrl\":\"https:\/\/secure.gravatar.com\/avatar\/4a315f521213b2dc91dbda9bf799f711c8a98ab6f5606ec42cf5b33d1e762e8a?s=96&d=mm&r=g\",\"caption\":\"jorgedelcampo\"}}]}<\/script>\n<!-- \/ Yoast SEO plugin. -->","yoast_head_json":{"title":"Visita del Seremi del Medio Ambiente - Colegio Pumahue Temuco","robots":{"index":"index","follow":"follow","max-snippet":"max-snippet:-1","max-image-preview":"max-image-preview:large","max-video-preview":"max-video-preview:-1"},"canonical":"https:\/\/www.pumahue.cl\/temuco\/noticias\/visita-del-seremi-del-medio-ambiente\/","og_locale":"es_ES","og_type":"article","og_title":"Visita del Seremi del Medio Ambiente - Colegio Pumahue Temuco","og_description":"Una jornada llena de conocimientos e informaci\u00f3n vivieron los peque\u00f1os del k\u00ednder D y los estudiantes de la Brigada Ecol\u00f3gica, quienes compartieron con el Seremi del Medio Ambiente de La Araucan\u00eda, F\u00e9lix Contreras y la profesional de la Unidad de Educaci\u00f3n Ambiental de la misma cartera, Nataly San Mart\u00edn. Los ni\u00f1os y ni\u00f1as del k\u00ednder [&hellip;]","og_url":"https:\/\/www.pumahue.cl\/temuco\/noticias\/visita-del-seremi-del-medio-ambiente\/","og_site_name":"Colegio Pumahue Temuco","article_publisher":"http:\/\/www.facebook.com\/ColegiosPumahue","article_published_time":"2023-10-19T20:28:31+00:00","og_image":[{"width":836,"height":523,"url":"https:\/\/www.pumahue.cl\/temuco\/wp-content\/uploads\/sites\/49\/2023\/10\/foto-7.jpg","type":"image\/jpeg"}],"author":"jorgedelcampo","twitter_card":"summary_large_image","twitter_misc":{"Escrito por":"jorgedelcampo","Tiempo de lectura":"1 minuto"},"schema":{"@context":"https:\/\/schema.org","@graph":[{"@type":"Article","@id":"https:\/\/www.pumahue.cl\/temuco\/noticias\/visita-del-seremi-del-medio-ambiente\/#article","isPartOf":{"@id":"https:\/\/www.pumahue.cl\/temuco\/noticias\/visita-del-seremi-del-medio-ambiente\/"},"author":{"name":"jorgedelcampo","@id":"https:\/\/www.pumahue.cl\/temuco\/#\/schema\/person\/0debeea140e397b5d490ee7e553255d8"},"headline":"Visita del Seremi del Medio Ambiente","datePublished":"2023-10-19T20:28:31+00:00","mainEntityOfPage":{"@id":"https:\/\/www.pumahue.cl\/temuco\/noticias\/visita-del-seremi-del-medio-ambiente\/"},"wordCount":145,"commentCount":0,"publisher":{"@id":"https:\/\/www.pumahue.cl\/temuco\/#organization"},"image":{"@id":"https:\/\/www.pumahue.cl\/temuco\/noticias\/visita-del-seremi-del-medio-ambiente\/#primaryimage"},"thumbnailUrl":"https:\/\/www.pumahue.cl\/temuco\/wp-content\/uploads\/sites\/49\/2023\/10\/foto-7.jpg","articleSection":["Vida Escolar"],"inLanguage":"es","potentialAction":[{"@type":"CommentAction","name":"Comment","target":["https:\/\/www.pumahue.cl\/temuco\/noticias\/visita-del-seremi-del-medio-ambiente\/#respond"]}]},{"@type":"WebPage","@id":"https:\/\/www.pumahue.cl\/temuco\/noticias\/visita-del-seremi-del-medio-ambiente\/","url":"https:\/\/www.pumahue.cl\/temuco\/noticias\/visita-del-seremi-del-medio-ambiente\/","name":"Visita del Seremi del Medio Ambiente - Colegio Pumahue Temuco","isPartOf":{"@id":"https:\/\/www.pumahue.cl\/temuco\/#website"},"primaryImageOfPage":{"@id":"https:\/\/www.pumahue.cl\/temuco\/noticias\/visita-del-seremi-del-medio-ambiente\/#primaryimage"},"image":{"@id":"https:\/\/www.pumahue.cl\/temuco\/noticias\/visita-del-seremi-del-medio-ambiente\/#primaryimage"},"thumbnailUrl":"https:\/\/www.pumahue.cl\/temuco\/wp-content\/uploads\/sites\/49\/2023\/10\/foto-7.jpg","datePublished":"2023-10-19T20:28:31+00:00","breadcrumb":{"@id":"https:\/\/www.pumahue.cl\/temuco\/noticias\/visita-del-seremi-del-medio-ambiente\/#breadcrumb"},"inLanguage":"es","potentialAction":[{"@type":"ReadAction","target":["https:\/\/www.pumahue.cl\/temuco\/noticias\/visita-del-seremi-del-medio-ambiente\/"]}]},{"@type":"ImageObject","inLanguage":"es","@id":"https:\/\/www.pumahue.cl\/temuco\/noticias\/visita-del-seremi-del-medio-ambiente\/#primaryimage","url":"https:\/\/www.pumahue.cl\/temuco\/wp-content\/uploads\/sites\/49\/2023\/10\/foto-7.jpg","contentUrl":"https:\/\/www.pumahue.cl\/temuco\/wp-content\/uploads\/sites\/49\/2023\/10\/foto-7.jpg","width":836,"height":523},{"@type":"BreadcrumbList","@id":"https:\/\/www.pumahue.cl\/temuco\/noticias\/visita-del-seremi-del-medio-ambiente\/#breadcrumb","itemListElement":[{"@type":"ListItem","position":1,"name":"Home","item":"https:\/\/www.pumahue.cl\/temuco\/"},{"@type":"ListItem","position":2,"name":"Visita del Seremi del Medio Ambiente"}]},{"@type":"WebSite","@id":"https:\/\/www.pumahue.cl\/temuco\/#website","url":"https:\/\/www.pumahue.cl\/temuco\/","name":"Colegio Pumahue Temuco","description":"Parte de Cognita Schools","publisher":{"@id":"https:\/\/www.pumahue.cl\/temuco\/#organization"},"potentialAction":[{"@type":"SearchAction","target":{"@type":"EntryPoint","urlTemplate":"https:\/\/www.pumahue.cl\/temuco\/?s={search_term_string}"},"query-input":{"@type":"PropertyValueSpecification","valueRequired":true,"valueName":"search_term_string"}}],"inLanguage":"es"},{"@type":"Organization","@id":"https:\/\/www.pumahue.cl\/temuco\/#organization","name":"Colegio Pumahue Temuco","url":"https:\/\/www.pumahue.cl\/temuco\/","logo":{"@type":"ImageObject","inLanguage":"es","@id":"https:\/\/www.pumahue.cl\/temuco\/#\/schema\/logo\/image\/","url":"https:\/\/www.pumahue.cl\/temuco\/wp-content\/uploads\/sites\/49\/2025\/02\/cropped-logo_Pumahue_.png","contentUrl":"https:\/\/www.pumahue.cl\/temuco\/wp-content\/uploads\/sites\/49\/2025\/02\/cropped-logo_Pumahue_.png","width":512,"height":512,"caption":"Colegio Pumahue Temuco"},"image":{"@id":"https:\/\/www.pumahue.cl\/temuco\/#\/schema\/logo\/image\/"},"sameAs":["http:\/\/www.facebook.com\/ColegiosPumahue","https:\/\/www.instagram.com\/colegiopumahue_temuco","https:\/\/www.youtube.com\/@CognitaChile"]},{"@type":"Person","@id":"https:\/\/www.pumahue.cl\/temuco\/#\/schema\/person\/0debeea140e397b5d490ee7e553255d8","name":"jorgedelcampo","image":{"@type":"ImageObject","inLanguage":"es","@id":"https:\/\/www.pumahue.cl\/temuco\/#\/schema\/person\/image\/","url":"https:\/\/secure.gravatar.com\/avatar\/4a315f521213b2dc91dbda9bf799f711c8a98ab6f5606ec42cf5b33d1e762e8a?s=96&d=mm&r=g","contentUrl":"https:\/\/secure.gravatar.com\/avatar\/4a315f521213b2dc91dbda9bf799f711c8a98ab6f5606ec42cf5b33d1e762e8a?s=96&d=mm&r=g","caption":"jorgedelcampo"}}]}},"jetpack_featured_media_url":"https:\/\/www.pumahue.cl\/temuco\/wp-content\/uploads\/sites\/49\/2023\/10\/foto-7.jpg","previous_post_ID":23908,"previous_post_title":"Desaf\u00edo biling\u00fce","previous_post_excerpt":"Margarita Maitre y Tamara Manterola del 4\u00b0 b\u00e1sico C biling\u00fce han sido seleccionadas para asistir a la semi final y final del concurso de recitaci\u00f3n de poes\u00edas en ingl\u00e9s, organizado por English-Speaking Union Chile. Las estudiantes han sido motivadas y preparadas por su profesora biling\u00fce Miss Melissa Wilder para enfrentar este desaf\u00edo, en el que [&hellip;]","previous_post_link":"https:\/\/www.pumahue.cl\/temuco\/noticias\/desafio-bilingue\/","previous_post_class":["post-23908","post","type-post","status-publish","format-standard","has-post-thumbnail","hentry","category-vida-escolar"],"next_post_ID":23933,"next_post_title":"Gran profesor, gran deportista","next_post_excerpt":"Nuestra secci\u00f3n de talentos Pumahue se enorgullece en entregar una fant\u00e1stica noticia, nos referimos a la participaci\u00f3n de Mister Arturo Melcher en el Campeonato Nacional M\u00e1ster Coronel 2023 realizado en la ciudad de Concepci\u00f3n. En este certamen, en el que participaron representantes de todo el pa\u00eds, Mister Arturo se coron\u00f3 como Campe\u00f3n Nacional M\u00e1ster, obteniendo [&hellip;]","next_post_link":"https:\/\/www.pumahue.cl\/temuco\/noticias\/gran-profesor-gran-deportista\/","next_post_class":["post-23933","post","type-post","status-publish","format-standard","has-post-thumbnail","hentry","category-vida-escolar"],"jetpack_sharing_enabled":true,"_links":{"self":[{"href":"https:\/\/www.pumahue.cl\/temuco\/wp-json\/wp\/v2\/posts\/23923","targetHints":{"allow":["GET"]}}],"collection":[{"href":"https:\/\/www.pumahue.cl\/temuco\/wp-json\/wp\/v2\/posts"}],"about":[{"href":"https:\/\/www.pumahue.cl\/temuco\/wp-json\/wp\/v2\/types\/post"}],"author":[{"embeddable":true,"href":"https:\/\/www.pumahue.cl\/temuco\/wp-json\/wp\/v2\/users\/14"}],"replies":[{"embeddable":true,"href":"https:\/\/www.pumahue.cl\/temuco\/wp-json\/wp\/v2\/comments?post=23923"}],"version-history":[{"count":0,"href":"https:\/\/www.pumahue.cl\/temuco\/wp-json\/wp\/v2\/posts\/23923\/revisions"}],"wp:featuredmedia":[{"embeddable":true,"href":"https:\/\/www.pumahue.cl\/temuco\/wp-json\/wp\/v2\/media\/23924"}],"wp:attachment":[{"href":"https:\/\/www.pumahue.cl\/temuco\/wp-json\/wp\/v2\/media?parent=23923"}],"wp:term":[{"taxonomy":"category","embeddable":true,"href":"https:\/\/www.pumahue.cl\/temuco\/wp-json\/wp\/v2\/categories?post=23923"},{"taxonomy":"post_tag","embeddable":true,"href":"https:\/\/www.pumahue.cl\/temuco\/wp-json\/wp\/v2\/tags?post=23923"}],"curies":[{"name":"wp","href":"https:\/\/api.w.org\/{rel}","templated":true}]}}