{"id":23971,"date":"2023-10-31T16:59:04","date_gmt":"2023-10-31T19:59:04","guid":{"rendered":"https:\/\/www.pumahue.cl\/temuco\/?p=23971"},"modified":"2023-10-31T16:59:04","modified_gmt":"2023-10-31T19:59:04","slug":"nueva-directora-de-ensenanza-basica","status":"publish","type":"post","link":"https:\/\/www.pumahue.cl\/temuco\/noticias\/nueva-directora-de-ensenanza-basica\/","title":{"rendered":"Nueva directora de Ense\u00f1anza B\u00e1sica"},"content":{"rendered":"\n<p>A partir del martes 31 de octubre, nuestro colegio dio la bienvenida oficial a la nuestra nueva Directora de Educaci\u00f3n B\u00e1sica, Miss Pamela Lagos Ferrada&nbsp;, quien se integr\u00f3 al equipo directivo.<\/p>\n\n\n\n<p>Cabe mencionar que miss Pamela cuenta con una amplia experiencia y conocimientos adquiridos a lo largo de su carrera, siendo parte de nuestra comunidad educativa desde el a\u00f1o 2017, desempe\u00f1\u00e1ndose desde el a\u00f1o 2018 como Jefa del Departamento de Matem\u00e1ticas.<\/p>\n\n\n\n<p>Miss Pamela estudi\u00f3 Pedagog\u00eda en Educaci\u00f3n Media, menci\u00f3n matem\u00e1ticas (U. Andr\u00e9s Bello), adem\u00e1s de &nbsp;Ingenier\u00eda Forestal (Universidad de La Frontera); Asimismo cuenta con un &nbsp;Magister en Curriculum y Evaluaci\u00f3n (U. Mayor) y un diplomado en Did\u00e1cticas de las Matem\u00e1ticas &nbsp;(U. Alberto Hurtado).<\/p>\n\n\n\n<p>Como Directora de Estudio de Educaci\u00f3n B\u00e1sica, &nbsp;Miss Pamela ser\u00e1 responsable de guiar y apoyar a los profesores en la implementaci\u00f3n de las mejores pr\u00e1cticas pedag\u00f3gicas, as\u00ed como en la planificaci\u00f3n y evaluaci\u00f3n de los programas de estudio. Su objetivo principal ser\u00e1 asegurar que nuestros estudiantes reciban una educaci\u00f3n de calidad y que se les brinden las herramientas necesarias para alcanzar su m\u00e1ximo potencial.<\/p>\n\n\n\n<p>Estamos seguros de que su experiencia y visi\u00f3n enriquecer\u00e1n nuestra comunidad educativa y contribuir\u00e1n al crecimiento y desarrollo de nuestros estudiantes&nbsp;y&nbsp;nuestro colegio.<\/p>\n"},"excerpt":{"rendered":"<p>A partir del martes 31 de octubre, nuestro colegio dio la bienvenida oficial a la nuestra nueva Directora de Educaci\u00f3n B\u00e1sica, Miss Pamela Lagos Ferrada&nbsp;, quien se integr\u00f3 al equipo directivo. Cabe mencionar que miss Pamela cuenta con una amplia experiencia y conocimientos adquiridos a lo largo de su carrera, siendo parte de nuestra comunidad [&hellip;]<\/p>\n","protected":false},"author":14,"featured_media":23972,"comment_status":"open","ping_status":"open","sticky":false,"template":"","format":"standard","meta":{"_acf_changed":false,"content-type":"","_jetpack_memberships_contains_paid_content":false,"footnotes":""},"categories":[1],"tags":[],"class_list":["post-23971","post","type-post","status-publish","format-standard","has-post-thumbnail","hentry","category-vida-escolar"],"acf":[],"yoast_head":"<!-- This site is optimized with the Yoast SEO plugin v27.1.1 - https:\/\/yoast.com\/product\/yoast-seo-wordpress\/ -->\n<title>Nueva directora de Ense\u00f1anza B\u00e1sica - Colegio Pumahue Temuco<\/title>\n<meta name=\"robots\" content=\"index, follow, max-snippet:-1, max-image-preview:large, max-video-preview:-1\" \/>\n<link rel=\"canonical\" href=\"https:\/\/www.pumahue.cl\/temuco\/noticias\/nueva-directora-de-ensenanza-basica\/\" \/>\n<meta property=\"og:locale\" content=\"es_ES\" \/>\n<meta property=\"og:type\" content=\"article\" \/>\n<meta property=\"og:title\" content=\"Nueva directora de Ense\u00f1anza B\u00e1sica - Colegio Pumahue Temuco\" \/>\n<meta property=\"og:description\" content=\"A partir del martes 31 de octubre, nuestro colegio dio la bienvenida oficial a la nuestra nueva Directora de Educaci\u00f3n B\u00e1sica, Miss Pamela Lagos Ferrada&nbsp;, quien se integr\u00f3 al equipo directivo. Cabe mencionar que miss Pamela cuenta con una amplia experiencia y conocimientos adquiridos a lo largo de su carrera, siendo parte de nuestra comunidad [&hellip;]\" \/>\n<meta property=\"og:url\" content=\"https:\/\/www.pumahue.cl\/temuco\/noticias\/nueva-directora-de-ensenanza-basica\/\" \/>\n<meta property=\"og:site_name\" content=\"Colegio Pumahue Temuco\" \/>\n<meta property=\"article:publisher\" content=\"http:\/\/www.facebook.com\/ColegiosPumahue\" \/>\n<meta property=\"article:published_time\" content=\"2023-10-31T19:59:04+00:00\" \/>\n<meta property=\"og:image\" content=\"https:\/\/www.pumahue.cl\/temuco\/wp-content\/uploads\/sites\/49\/2023\/11\/Miss-Pamela-.png\" \/>\n\t<meta property=\"og:image:width\" content=\"836\" \/>\n\t<meta property=\"og:image:height\" content=\"523\" \/>\n\t<meta property=\"og:image:type\" content=\"image\/png\" \/>\n<meta name=\"author\" content=\"jorgedelcampo\" \/>\n<meta name=\"twitter:card\" content=\"summary_large_image\" \/>\n<meta name=\"twitter:label1\" content=\"Escrito por\" \/>\n\t<meta name=\"twitter:data1\" content=\"jorgedelcampo\" \/>\n\t<meta name=\"twitter:label2\" content=\"Tiempo de lectura\" \/>\n\t<meta name=\"twitter:data2\" content=\"1 minuto\" \/>\n<script type=\"application\/ld+json\" class=\"yoast-schema-graph\">{\"@context\":\"https:\/\/schema.org\",\"@graph\":[{\"@type\":\"Article\",\"@id\":\"https:\/\/www.pumahue.cl\/temuco\/noticias\/nueva-directora-de-ensenanza-basica\/#article\",\"isPartOf\":{\"@id\":\"https:\/\/www.pumahue.cl\/temuco\/noticias\/nueva-directora-de-ensenanza-basica\/\"},\"author\":{\"name\":\"jorgedelcampo\",\"@id\":\"https:\/\/www.pumahue.cl\/temuco\/#\/schema\/person\/0debeea140e397b5d490ee7e553255d8\"},\"headline\":\"Nueva directora de Ense\u00f1anza B\u00e1sica\",\"datePublished\":\"2023-10-31T19:59:04+00:00\",\"mainEntityOfPage\":{\"@id\":\"https:\/\/www.pumahue.cl\/temuco\/noticias\/nueva-directora-de-ensenanza-basica\/\"},\"wordCount\":240,\"commentCount\":0,\"publisher\":{\"@id\":\"https:\/\/www.pumahue.cl\/temuco\/#organization\"},\"image\":{\"@id\":\"https:\/\/www.pumahue.cl\/temuco\/noticias\/nueva-directora-de-ensenanza-basica\/#primaryimage\"},\"thumbnailUrl\":\"https:\/\/www.pumahue.cl\/temuco\/wp-content\/uploads\/sites\/49\/2023\/11\/Miss-Pamela-.png\",\"articleSection\":[\"Vida Escolar\"],\"inLanguage\":\"es\",\"potentialAction\":[{\"@type\":\"CommentAction\",\"name\":\"Comment\",\"target\":[\"https:\/\/www.pumahue.cl\/temuco\/noticias\/nueva-directora-de-ensenanza-basica\/#respond\"]}]},{\"@type\":\"WebPage\",\"@id\":\"https:\/\/www.pumahue.cl\/temuco\/noticias\/nueva-directora-de-ensenanza-basica\/\",\"url\":\"https:\/\/www.pumahue.cl\/temuco\/noticias\/nueva-directora-de-ensenanza-basica\/\",\"name\":\"Nueva directora de Ense\u00f1anza B\u00e1sica - Colegio Pumahue Temuco\",\"isPartOf\":{\"@id\":\"https:\/\/www.pumahue.cl\/temuco\/#website\"},\"primaryImageOfPage\":{\"@id\":\"https:\/\/www.pumahue.cl\/temuco\/noticias\/nueva-directora-de-ensenanza-basica\/#primaryimage\"},\"image\":{\"@id\":\"https:\/\/www.pumahue.cl\/temuco\/noticias\/nueva-directora-de-ensenanza-basica\/#primaryimage\"},\"thumbnailUrl\":\"https:\/\/www.pumahue.cl\/temuco\/wp-content\/uploads\/sites\/49\/2023\/11\/Miss-Pamela-.png\",\"datePublished\":\"2023-10-31T19:59:04+00:00\",\"breadcrumb\":{\"@id\":\"https:\/\/www.pumahue.cl\/temuco\/noticias\/nueva-directora-de-ensenanza-basica\/#breadcrumb\"},\"inLanguage\":\"es\",\"potentialAction\":[{\"@type\":\"ReadAction\",\"target\":[\"https:\/\/www.pumahue.cl\/temuco\/noticias\/nueva-directora-de-ensenanza-basica\/\"]}]},{\"@type\":\"ImageObject\",\"inLanguage\":\"es\",\"@id\":\"https:\/\/www.pumahue.cl\/temuco\/noticias\/nueva-directora-de-ensenanza-basica\/#primaryimage\",\"url\":\"https:\/\/www.pumahue.cl\/temuco\/wp-content\/uploads\/sites\/49\/2023\/11\/Miss-Pamela-.png\",\"contentUrl\":\"https:\/\/www.pumahue.cl\/temuco\/wp-content\/uploads\/sites\/49\/2023\/11\/Miss-Pamela-.png\",\"width\":836,\"height\":523},{\"@type\":\"BreadcrumbList\",\"@id\":\"https:\/\/www.pumahue.cl\/temuco\/noticias\/nueva-directora-de-ensenanza-basica\/#breadcrumb\",\"itemListElement\":[{\"@type\":\"ListItem\",\"position\":1,\"name\":\"Home\",\"item\":\"https:\/\/www.pumahue.cl\/temuco\/\"},{\"@type\":\"ListItem\",\"position\":2,\"name\":\"Nueva directora de Ense\u00f1anza B\u00e1sica\"}]},{\"@type\":\"WebSite\",\"@id\":\"https:\/\/www.pumahue.cl\/temuco\/#website\",\"url\":\"https:\/\/www.pumahue.cl\/temuco\/\",\"name\":\"Colegio Pumahue Temuco\",\"description\":\"Parte de Cognita Schools\",\"publisher\":{\"@id\":\"https:\/\/www.pumahue.cl\/temuco\/#organization\"},\"potentialAction\":[{\"@type\":\"SearchAction\",\"target\":{\"@type\":\"EntryPoint\",\"urlTemplate\":\"https:\/\/www.pumahue.cl\/temuco\/?s={search_term_string}\"},\"query-input\":{\"@type\":\"PropertyValueSpecification\",\"valueRequired\":true,\"valueName\":\"search_term_string\"}}],\"inLanguage\":\"es\"},{\"@type\":\"Organization\",\"@id\":\"https:\/\/www.pumahue.cl\/temuco\/#organization\",\"name\":\"Colegio Pumahue Temuco\",\"url\":\"https:\/\/www.pumahue.cl\/temuco\/\",\"logo\":{\"@type\":\"ImageObject\",\"inLanguage\":\"es\",\"@id\":\"https:\/\/www.pumahue.cl\/temuco\/#\/schema\/logo\/image\/\",\"url\":\"https:\/\/www.pumahue.cl\/temuco\/wp-content\/uploads\/sites\/49\/2025\/02\/cropped-logo_Pumahue_.png\",\"contentUrl\":\"https:\/\/www.pumahue.cl\/temuco\/wp-content\/uploads\/sites\/49\/2025\/02\/cropped-logo_Pumahue_.png\",\"width\":512,\"height\":512,\"caption\":\"Colegio Pumahue Temuco\"},\"image\":{\"@id\":\"https:\/\/www.pumahue.cl\/temuco\/#\/schema\/logo\/image\/\"},\"sameAs\":[\"http:\/\/www.facebook.com\/ColegiosPumahue\",\"https:\/\/www.instagram.com\/colegiopumahue_temuco\",\"https:\/\/www.youtube.com\/@CognitaChile\"]},{\"@type\":\"Person\",\"@id\":\"https:\/\/www.pumahue.cl\/temuco\/#\/schema\/person\/0debeea140e397b5d490ee7e553255d8\",\"name\":\"jorgedelcampo\",\"image\":{\"@type\":\"ImageObject\",\"inLanguage\":\"es\",\"@id\":\"https:\/\/www.pumahue.cl\/temuco\/#\/schema\/person\/image\/\",\"url\":\"https:\/\/secure.gravatar.com\/avatar\/4a315f521213b2dc91dbda9bf799f711c8a98ab6f5606ec42cf5b33d1e762e8a?s=96&d=mm&r=g\",\"contentUrl\":\"https:\/\/secure.gravatar.com\/avatar\/4a315f521213b2dc91dbda9bf799f711c8a98ab6f5606ec42cf5b33d1e762e8a?s=96&d=mm&r=g\",\"caption\":\"jorgedelcampo\"}}]}<\/script>\n<!-- \/ Yoast SEO plugin. -->","yoast_head_json":{"title":"Nueva directora de Ense\u00f1anza B\u00e1sica - Colegio Pumahue Temuco","robots":{"index":"index","follow":"follow","max-snippet":"max-snippet:-1","max-image-preview":"max-image-preview:large","max-video-preview":"max-video-preview:-1"},"canonical":"https:\/\/www.pumahue.cl\/temuco\/noticias\/nueva-directora-de-ensenanza-basica\/","og_locale":"es_ES","og_type":"article","og_title":"Nueva directora de Ense\u00f1anza B\u00e1sica - Colegio Pumahue Temuco","og_description":"A partir del martes 31 de octubre, nuestro colegio dio la bienvenida oficial a la nuestra nueva Directora de Educaci\u00f3n B\u00e1sica, Miss Pamela Lagos Ferrada&nbsp;, quien se integr\u00f3 al equipo directivo. Cabe mencionar que miss Pamela cuenta con una amplia experiencia y conocimientos adquiridos a lo largo de su carrera, siendo parte de nuestra comunidad [&hellip;]","og_url":"https:\/\/www.pumahue.cl\/temuco\/noticias\/nueva-directora-de-ensenanza-basica\/","og_site_name":"Colegio Pumahue Temuco","article_publisher":"http:\/\/www.facebook.com\/ColegiosPumahue","article_published_time":"2023-10-31T19:59:04+00:00","og_image":[{"width":836,"height":523,"url":"https:\/\/www.pumahue.cl\/temuco\/wp-content\/uploads\/sites\/49\/2023\/11\/Miss-Pamela-.png","type":"image\/png"}],"author":"jorgedelcampo","twitter_card":"summary_large_image","twitter_misc":{"Escrito por":"jorgedelcampo","Tiempo de lectura":"1 minuto"},"schema":{"@context":"https:\/\/schema.org","@graph":[{"@type":"Article","@id":"https:\/\/www.pumahue.cl\/temuco\/noticias\/nueva-directora-de-ensenanza-basica\/#article","isPartOf":{"@id":"https:\/\/www.pumahue.cl\/temuco\/noticias\/nueva-directora-de-ensenanza-basica\/"},"author":{"name":"jorgedelcampo","@id":"https:\/\/www.pumahue.cl\/temuco\/#\/schema\/person\/0debeea140e397b5d490ee7e553255d8"},"headline":"Nueva directora de Ense\u00f1anza B\u00e1sica","datePublished":"2023-10-31T19:59:04+00:00","mainEntityOfPage":{"@id":"https:\/\/www.pumahue.cl\/temuco\/noticias\/nueva-directora-de-ensenanza-basica\/"},"wordCount":240,"commentCount":0,"publisher":{"@id":"https:\/\/www.pumahue.cl\/temuco\/#organization"},"image":{"@id":"https:\/\/www.pumahue.cl\/temuco\/noticias\/nueva-directora-de-ensenanza-basica\/#primaryimage"},"thumbnailUrl":"https:\/\/www.pumahue.cl\/temuco\/wp-content\/uploads\/sites\/49\/2023\/11\/Miss-Pamela-.png","articleSection":["Vida Escolar"],"inLanguage":"es","potentialAction":[{"@type":"CommentAction","name":"Comment","target":["https:\/\/www.pumahue.cl\/temuco\/noticias\/nueva-directora-de-ensenanza-basica\/#respond"]}]},{"@type":"WebPage","@id":"https:\/\/www.pumahue.cl\/temuco\/noticias\/nueva-directora-de-ensenanza-basica\/","url":"https:\/\/www.pumahue.cl\/temuco\/noticias\/nueva-directora-de-ensenanza-basica\/","name":"Nueva directora de Ense\u00f1anza B\u00e1sica - Colegio Pumahue Temuco","isPartOf":{"@id":"https:\/\/www.pumahue.cl\/temuco\/#website"},"primaryImageOfPage":{"@id":"https:\/\/www.pumahue.cl\/temuco\/noticias\/nueva-directora-de-ensenanza-basica\/#primaryimage"},"image":{"@id":"https:\/\/www.pumahue.cl\/temuco\/noticias\/nueva-directora-de-ensenanza-basica\/#primaryimage"},"thumbnailUrl":"https:\/\/www.pumahue.cl\/temuco\/wp-content\/uploads\/sites\/49\/2023\/11\/Miss-Pamela-.png","datePublished":"2023-10-31T19:59:04+00:00","breadcrumb":{"@id":"https:\/\/www.pumahue.cl\/temuco\/noticias\/nueva-directora-de-ensenanza-basica\/#breadcrumb"},"inLanguage":"es","potentialAction":[{"@type":"ReadAction","target":["https:\/\/www.pumahue.cl\/temuco\/noticias\/nueva-directora-de-ensenanza-basica\/"]}]},{"@type":"ImageObject","inLanguage":"es","@id":"https:\/\/www.pumahue.cl\/temuco\/noticias\/nueva-directora-de-ensenanza-basica\/#primaryimage","url":"https:\/\/www.pumahue.cl\/temuco\/wp-content\/uploads\/sites\/49\/2023\/11\/Miss-Pamela-.png","contentUrl":"https:\/\/www.pumahue.cl\/temuco\/wp-content\/uploads\/sites\/49\/2023\/11\/Miss-Pamela-.png","width":836,"height":523},{"@type":"BreadcrumbList","@id":"https:\/\/www.pumahue.cl\/temuco\/noticias\/nueva-directora-de-ensenanza-basica\/#breadcrumb","itemListElement":[{"@type":"ListItem","position":1,"name":"Home","item":"https:\/\/www.pumahue.cl\/temuco\/"},{"@type":"ListItem","position":2,"name":"Nueva directora de Ense\u00f1anza B\u00e1sica"}]},{"@type":"WebSite","@id":"https:\/\/www.pumahue.cl\/temuco\/#website","url":"https:\/\/www.pumahue.cl\/temuco\/","name":"Colegio Pumahue Temuco","description":"Parte de Cognita Schools","publisher":{"@id":"https:\/\/www.pumahue.cl\/temuco\/#organization"},"potentialAction":[{"@type":"SearchAction","target":{"@type":"EntryPoint","urlTemplate":"https:\/\/www.pumahue.cl\/temuco\/?s={search_term_string}"},"query-input":{"@type":"PropertyValueSpecification","valueRequired":true,"valueName":"search_term_string"}}],"inLanguage":"es"},{"@type":"Organization","@id":"https:\/\/www.pumahue.cl\/temuco\/#organization","name":"Colegio Pumahue Temuco","url":"https:\/\/www.pumahue.cl\/temuco\/","logo":{"@type":"ImageObject","inLanguage":"es","@id":"https:\/\/www.pumahue.cl\/temuco\/#\/schema\/logo\/image\/","url":"https:\/\/www.pumahue.cl\/temuco\/wp-content\/uploads\/sites\/49\/2025\/02\/cropped-logo_Pumahue_.png","contentUrl":"https:\/\/www.pumahue.cl\/temuco\/wp-content\/uploads\/sites\/49\/2025\/02\/cropped-logo_Pumahue_.png","width":512,"height":512,"caption":"Colegio Pumahue Temuco"},"image":{"@id":"https:\/\/www.pumahue.cl\/temuco\/#\/schema\/logo\/image\/"},"sameAs":["http:\/\/www.facebook.com\/ColegiosPumahue","https:\/\/www.instagram.com\/colegiopumahue_temuco","https:\/\/www.youtube.com\/@CognitaChile"]},{"@type":"Person","@id":"https:\/\/www.pumahue.cl\/temuco\/#\/schema\/person\/0debeea140e397b5d490ee7e553255d8","name":"jorgedelcampo","image":{"@type":"ImageObject","inLanguage":"es","@id":"https:\/\/www.pumahue.cl\/temuco\/#\/schema\/person\/image\/","url":"https:\/\/secure.gravatar.com\/avatar\/4a315f521213b2dc91dbda9bf799f711c8a98ab6f5606ec42cf5b33d1e762e8a?s=96&d=mm&r=g","contentUrl":"https:\/\/secure.gravatar.com\/avatar\/4a315f521213b2dc91dbda9bf799f711c8a98ab6f5606ec42cf5b33d1e762e8a?s=96&d=mm&r=g","caption":"jorgedelcampo"}}]}},"jetpack_featured_media_url":"https:\/\/www.pumahue.cl\/temuco\/wp-content\/uploads\/sites\/49\/2023\/11\/Miss-Pamela-.png","previous_post_ID":24053,"previous_post_title":"Experiencia internacional","previous_post_excerpt":"Mart\u00edn Rifo, Stefano Cicareli, Crist\u00f3bal Burgos, Nicol\u00e1s Venegas, Fernando Coquidan, Tom\u00e1s Salinas y Ricardo Medina estudiantes del 5\u00b0A\u00f1o C Biling\u00fce obtuvieron el segundo lugar en la Copa Amistad categor\u00eda 2012\/2013 que tuvo lugar dentro de las actividades de MCUP 2023 (Torneo Internacional de F\u00fatbol infantil) realizado en la ciudad de Mendoza, Argentina. En dicho evento, [&hellip;]","previous_post_link":"https:\/\/www.pumahue.cl\/temuco\/noticias\/experiencia-internacional\/","previous_post_class":["post-24053","post","type-post","status-publish","format-standard","has-post-thumbnail","hentry","category-vida-escolar"],"next_post_ID":23999,"next_post_title":"Traspaso de estandarte","next_post_excerpt":"Hoy se vivi\u00f3 un hito muy relevante en nuestro Colegio: el Traspaso de Estandarte, ocasi\u00f3n en que los estudiantes de los IV Medios, en su \u00faltimo a\u00f1o, le entregan el pabell\u00f3n patrio y el estandarte del colegio a los estudiantes de los III medios, como un s\u00edmbolo que les otorga la misi\u00f3n de mantener la [&hellip;]","next_post_link":"https:\/\/www.pumahue.cl\/temuco\/noticias\/cambio-de-estandarte\/","next_post_class":["post-23999","post","type-post","status-publish","format-standard","has-post-thumbnail","hentry","category-vida-escolar"],"jetpack_sharing_enabled":true,"_links":{"self":[{"href":"https:\/\/www.pumahue.cl\/temuco\/wp-json\/wp\/v2\/posts\/23971","targetHints":{"allow":["GET"]}}],"collection":[{"href":"https:\/\/www.pumahue.cl\/temuco\/wp-json\/wp\/v2\/posts"}],"about":[{"href":"https:\/\/www.pumahue.cl\/temuco\/wp-json\/wp\/v2\/types\/post"}],"author":[{"embeddable":true,"href":"https:\/\/www.pumahue.cl\/temuco\/wp-json\/wp\/v2\/users\/14"}],"replies":[{"embeddable":true,"href":"https:\/\/www.pumahue.cl\/temuco\/wp-json\/wp\/v2\/comments?post=23971"}],"version-history":[{"count":0,"href":"https:\/\/www.pumahue.cl\/temuco\/wp-json\/wp\/v2\/posts\/23971\/revisions"}],"wp:featuredmedia":[{"embeddable":true,"href":"https:\/\/www.pumahue.cl\/temuco\/wp-json\/wp\/v2\/media\/23972"}],"wp:attachment":[{"href":"https:\/\/www.pumahue.cl\/temuco\/wp-json\/wp\/v2\/media?parent=23971"}],"wp:term":[{"taxonomy":"category","embeddable":true,"href":"https:\/\/www.pumahue.cl\/temuco\/wp-json\/wp\/v2\/categories?post=23971"},{"taxonomy":"post_tag","embeddable":true,"href":"https:\/\/www.pumahue.cl\/temuco\/wp-json\/wp\/v2\/tags?post=23971"}],"curies":[{"name":"wp","href":"https:\/\/api.w.org\/{rel}","templated":true}]}}