{"id":24039,"date":"2023-11-08T18:45:07","date_gmt":"2023-11-08T21:45:07","guid":{"rendered":"https:\/\/www.pumahue.cl\/temuco\/?p=24039"},"modified":"2023-11-08T18:45:07","modified_gmt":"2023-11-08T21:45:07","slug":"celebracion-bafopu","status":"publish","type":"post","link":"https:\/\/www.pumahue.cl\/temuco\/noticias\/celebracion-bafopu\/","title":{"rendered":"Celebraci\u00f3n BAFOPU"},"content":{"rendered":"\n<p>El Ballet Folcl\u00f3rico del Colegio Pumahue se present\u00f3 este lunes 06 de noviembre en el Aula Magna de la Universidad Cat\u00f3lica de Temuco, brindando un espect\u00e1culo de alta calidad art\u00edstica que dej\u00f3 muy satisfecho al p\u00fablico que presenci\u00f3 la Gala Art\u00edstica de primavera denominada \u201cChile de Norte a Sur\u201d.<\/p>\n\n\n\n<p>Hermoso vestuario, destreza de bailarines y din\u00e1micas coreograf\u00edas se hicieron presentes en esta gala del BAFOPU, que este a\u00f1o cumple 11 a\u00f1os de trayectoria.<\/p>\n\n\n\n<p>La nostalgia tambi\u00e9n se hizo presente en el escenario con la presentaci\u00f3n de los j\u00f3venes bailarines Sofia Mondaca y Joaqu\u00edn De La O, quienes se presentan por \u00faltima vez en los escenarios de nuestra ciudad, como estudiantes del colegio, ya que este a\u00f1o se licencian de IV medio.<\/p>\n\n\n\n<p>Finalmente queremos agradecemos a su directora, Miss Carolina Mella por el cari\u00f1o y dedicaci\u00f3n que le otorga a cada presentaci\u00f3n. Asimismo, queremos felicitar a los estudiantes, quienes nos han maravillado durante este a\u00f1o 2023 con hermosos cuadros musicales. <\/p>\n"},"excerpt":{"rendered":"<p>El Ballet Folcl\u00f3rico del Colegio Pumahue se present\u00f3 este lunes 06 de noviembre en el Aula Magna de la Universidad Cat\u00f3lica de Temuco, brindando un espect\u00e1culo de alta calidad art\u00edstica que dej\u00f3 muy satisfecho al p\u00fablico que presenci\u00f3 la Gala Art\u00edstica de primavera denominada \u201cChile de Norte a Sur\u201d. Hermoso vestuario, destreza de bailarines y [&hellip;]<\/p>\n","protected":false},"author":14,"featured_media":24040,"comment_status":"open","ping_status":"open","sticky":false,"template":"","format":"standard","meta":{"_acf_changed":false,"content-type":"","_jetpack_memberships_contains_paid_content":false,"footnotes":""},"categories":[1],"tags":[],"class_list":["post-24039","post","type-post","status-publish","format-standard","has-post-thumbnail","hentry","category-vida-escolar"],"acf":[],"yoast_head":"<!-- This site is optimized with the Yoast SEO plugin v27.1.1 - https:\/\/yoast.com\/product\/yoast-seo-wordpress\/ -->\n<title>Celebraci\u00f3n BAFOPU - Colegio Pumahue Temuco<\/title>\n<meta name=\"robots\" content=\"index, follow, max-snippet:-1, max-image-preview:large, max-video-preview:-1\" \/>\n<link rel=\"canonical\" href=\"https:\/\/www.pumahue.cl\/temuco\/noticias\/celebracion-bafopu\/\" \/>\n<meta property=\"og:locale\" content=\"es_ES\" \/>\n<meta property=\"og:type\" content=\"article\" \/>\n<meta property=\"og:title\" content=\"Celebraci\u00f3n BAFOPU - Colegio Pumahue Temuco\" \/>\n<meta property=\"og:description\" content=\"El Ballet Folcl\u00f3rico del Colegio Pumahue se present\u00f3 este lunes 06 de noviembre en el Aula Magna de la Universidad Cat\u00f3lica de Temuco, brindando un espect\u00e1culo de alta calidad art\u00edstica que dej\u00f3 muy satisfecho al p\u00fablico que presenci\u00f3 la Gala Art\u00edstica de primavera denominada \u201cChile de Norte a Sur\u201d. Hermoso vestuario, destreza de bailarines y [&hellip;]\" \/>\n<meta property=\"og:url\" content=\"https:\/\/www.pumahue.cl\/temuco\/noticias\/celebracion-bafopu\/\" \/>\n<meta property=\"og:site_name\" content=\"Colegio Pumahue Temuco\" \/>\n<meta property=\"article:publisher\" content=\"http:\/\/www.facebook.com\/ColegiosPumahue\" \/>\n<meta property=\"article:published_time\" content=\"2023-11-08T21:45:07+00:00\" \/>\n<meta property=\"og:image\" content=\"https:\/\/www.pumahue.cl\/temuco\/wp-content\/uploads\/sites\/49\/2023\/11\/bafopu-9.png\" \/>\n\t<meta property=\"og:image:width\" content=\"836\" \/>\n\t<meta property=\"og:image:height\" content=\"523\" \/>\n\t<meta property=\"og:image:type\" content=\"image\/png\" \/>\n<meta name=\"author\" content=\"jorgedelcampo\" \/>\n<meta name=\"twitter:card\" content=\"summary_large_image\" \/>\n<meta name=\"twitter:label1\" content=\"Escrito por\" \/>\n\t<meta name=\"twitter:data1\" content=\"jorgedelcampo\" \/>\n\t<meta name=\"twitter:label2\" content=\"Tiempo de lectura\" \/>\n\t<meta name=\"twitter:data2\" content=\"1 minuto\" \/>\n<script type=\"application\/ld+json\" class=\"yoast-schema-graph\">{\"@context\":\"https:\/\/schema.org\",\"@graph\":[{\"@type\":\"Article\",\"@id\":\"https:\/\/www.pumahue.cl\/temuco\/noticias\/celebracion-bafopu\/#article\",\"isPartOf\":{\"@id\":\"https:\/\/www.pumahue.cl\/temuco\/noticias\/celebracion-bafopu\/\"},\"author\":{\"name\":\"jorgedelcampo\",\"@id\":\"https:\/\/www.pumahue.cl\/temuco\/#\/schema\/person\/0debeea140e397b5d490ee7e553255d8\"},\"headline\":\"Celebraci\u00f3n BAFOPU\",\"datePublished\":\"2023-11-08T21:45:07+00:00\",\"mainEntityOfPage\":{\"@id\":\"https:\/\/www.pumahue.cl\/temuco\/noticias\/celebracion-bafopu\/\"},\"wordCount\":178,\"commentCount\":0,\"publisher\":{\"@id\":\"https:\/\/www.pumahue.cl\/temuco\/#organization\"},\"image\":{\"@id\":\"https:\/\/www.pumahue.cl\/temuco\/noticias\/celebracion-bafopu\/#primaryimage\"},\"thumbnailUrl\":\"https:\/\/www.pumahue.cl\/temuco\/wp-content\/uploads\/sites\/49\/2023\/11\/bafopu-9.png\",\"articleSection\":[\"Vida Escolar\"],\"inLanguage\":\"es\",\"potentialAction\":[{\"@type\":\"CommentAction\",\"name\":\"Comment\",\"target\":[\"https:\/\/www.pumahue.cl\/temuco\/noticias\/celebracion-bafopu\/#respond\"]}]},{\"@type\":\"WebPage\",\"@id\":\"https:\/\/www.pumahue.cl\/temuco\/noticias\/celebracion-bafopu\/\",\"url\":\"https:\/\/www.pumahue.cl\/temuco\/noticias\/celebracion-bafopu\/\",\"name\":\"Celebraci\u00f3n BAFOPU - Colegio Pumahue Temuco\",\"isPartOf\":{\"@id\":\"https:\/\/www.pumahue.cl\/temuco\/#website\"},\"primaryImageOfPage\":{\"@id\":\"https:\/\/www.pumahue.cl\/temuco\/noticias\/celebracion-bafopu\/#primaryimage\"},\"image\":{\"@id\":\"https:\/\/www.pumahue.cl\/temuco\/noticias\/celebracion-bafopu\/#primaryimage\"},\"thumbnailUrl\":\"https:\/\/www.pumahue.cl\/temuco\/wp-content\/uploads\/sites\/49\/2023\/11\/bafopu-9.png\",\"datePublished\":\"2023-11-08T21:45:07+00:00\",\"breadcrumb\":{\"@id\":\"https:\/\/www.pumahue.cl\/temuco\/noticias\/celebracion-bafopu\/#breadcrumb\"},\"inLanguage\":\"es\",\"potentialAction\":[{\"@type\":\"ReadAction\",\"target\":[\"https:\/\/www.pumahue.cl\/temuco\/noticias\/celebracion-bafopu\/\"]}]},{\"@type\":\"ImageObject\",\"inLanguage\":\"es\",\"@id\":\"https:\/\/www.pumahue.cl\/temuco\/noticias\/celebracion-bafopu\/#primaryimage\",\"url\":\"https:\/\/www.pumahue.cl\/temuco\/wp-content\/uploads\/sites\/49\/2023\/11\/bafopu-9.png\",\"contentUrl\":\"https:\/\/www.pumahue.cl\/temuco\/wp-content\/uploads\/sites\/49\/2023\/11\/bafopu-9.png\",\"width\":836,\"height\":523},{\"@type\":\"BreadcrumbList\",\"@id\":\"https:\/\/www.pumahue.cl\/temuco\/noticias\/celebracion-bafopu\/#breadcrumb\",\"itemListElement\":[{\"@type\":\"ListItem\",\"position\":1,\"name\":\"Home\",\"item\":\"https:\/\/www.pumahue.cl\/temuco\/\"},{\"@type\":\"ListItem\",\"position\":2,\"name\":\"Celebraci\u00f3n BAFOPU\"}]},{\"@type\":\"WebSite\",\"@id\":\"https:\/\/www.pumahue.cl\/temuco\/#website\",\"url\":\"https:\/\/www.pumahue.cl\/temuco\/\",\"name\":\"Colegio Pumahue Temuco\",\"description\":\"Parte de Cognita Schools\",\"publisher\":{\"@id\":\"https:\/\/www.pumahue.cl\/temuco\/#organization\"},\"potentialAction\":[{\"@type\":\"SearchAction\",\"target\":{\"@type\":\"EntryPoint\",\"urlTemplate\":\"https:\/\/www.pumahue.cl\/temuco\/?s={search_term_string}\"},\"query-input\":{\"@type\":\"PropertyValueSpecification\",\"valueRequired\":true,\"valueName\":\"search_term_string\"}}],\"inLanguage\":\"es\"},{\"@type\":\"Organization\",\"@id\":\"https:\/\/www.pumahue.cl\/temuco\/#organization\",\"name\":\"Colegio Pumahue Temuco\",\"url\":\"https:\/\/www.pumahue.cl\/temuco\/\",\"logo\":{\"@type\":\"ImageObject\",\"inLanguage\":\"es\",\"@id\":\"https:\/\/www.pumahue.cl\/temuco\/#\/schema\/logo\/image\/\",\"url\":\"https:\/\/www.pumahue.cl\/temuco\/wp-content\/uploads\/sites\/49\/2025\/02\/cropped-logo_Pumahue_.png\",\"contentUrl\":\"https:\/\/www.pumahue.cl\/temuco\/wp-content\/uploads\/sites\/49\/2025\/02\/cropped-logo_Pumahue_.png\",\"width\":512,\"height\":512,\"caption\":\"Colegio Pumahue Temuco\"},\"image\":{\"@id\":\"https:\/\/www.pumahue.cl\/temuco\/#\/schema\/logo\/image\/\"},\"sameAs\":[\"http:\/\/www.facebook.com\/ColegiosPumahue\",\"https:\/\/www.instagram.com\/colegiopumahue_temuco\",\"https:\/\/www.youtube.com\/@CognitaChile\"]},{\"@type\":\"Person\",\"@id\":\"https:\/\/www.pumahue.cl\/temuco\/#\/schema\/person\/0debeea140e397b5d490ee7e553255d8\",\"name\":\"jorgedelcampo\",\"image\":{\"@type\":\"ImageObject\",\"inLanguage\":\"es\",\"@id\":\"https:\/\/www.pumahue.cl\/temuco\/#\/schema\/person\/image\/\",\"url\":\"https:\/\/secure.gravatar.com\/avatar\/4a315f521213b2dc91dbda9bf799f711c8a98ab6f5606ec42cf5b33d1e762e8a?s=96&d=mm&r=g\",\"contentUrl\":\"https:\/\/secure.gravatar.com\/avatar\/4a315f521213b2dc91dbda9bf799f711c8a98ab6f5606ec42cf5b33d1e762e8a?s=96&d=mm&r=g\",\"caption\":\"jorgedelcampo\"}}]}<\/script>\n<!-- \/ Yoast SEO plugin. -->","yoast_head_json":{"title":"Celebraci\u00f3n BAFOPU - Colegio Pumahue Temuco","robots":{"index":"index","follow":"follow","max-snippet":"max-snippet:-1","max-image-preview":"max-image-preview:large","max-video-preview":"max-video-preview:-1"},"canonical":"https:\/\/www.pumahue.cl\/temuco\/noticias\/celebracion-bafopu\/","og_locale":"es_ES","og_type":"article","og_title":"Celebraci\u00f3n BAFOPU - Colegio Pumahue Temuco","og_description":"El Ballet Folcl\u00f3rico del Colegio Pumahue se present\u00f3 este lunes 06 de noviembre en el Aula Magna de la Universidad Cat\u00f3lica de Temuco, brindando un espect\u00e1culo de alta calidad art\u00edstica que dej\u00f3 muy satisfecho al p\u00fablico que presenci\u00f3 la Gala Art\u00edstica de primavera denominada \u201cChile de Norte a Sur\u201d. Hermoso vestuario, destreza de bailarines y [&hellip;]","og_url":"https:\/\/www.pumahue.cl\/temuco\/noticias\/celebracion-bafopu\/","og_site_name":"Colegio Pumahue Temuco","article_publisher":"http:\/\/www.facebook.com\/ColegiosPumahue","article_published_time":"2023-11-08T21:45:07+00:00","og_image":[{"width":836,"height":523,"url":"https:\/\/www.pumahue.cl\/temuco\/wp-content\/uploads\/sites\/49\/2023\/11\/bafopu-9.png","type":"image\/png"}],"author":"jorgedelcampo","twitter_card":"summary_large_image","twitter_misc":{"Escrito por":"jorgedelcampo","Tiempo de lectura":"1 minuto"},"schema":{"@context":"https:\/\/schema.org","@graph":[{"@type":"Article","@id":"https:\/\/www.pumahue.cl\/temuco\/noticias\/celebracion-bafopu\/#article","isPartOf":{"@id":"https:\/\/www.pumahue.cl\/temuco\/noticias\/celebracion-bafopu\/"},"author":{"name":"jorgedelcampo","@id":"https:\/\/www.pumahue.cl\/temuco\/#\/schema\/person\/0debeea140e397b5d490ee7e553255d8"},"headline":"Celebraci\u00f3n BAFOPU","datePublished":"2023-11-08T21:45:07+00:00","mainEntityOfPage":{"@id":"https:\/\/www.pumahue.cl\/temuco\/noticias\/celebracion-bafopu\/"},"wordCount":178,"commentCount":0,"publisher":{"@id":"https:\/\/www.pumahue.cl\/temuco\/#organization"},"image":{"@id":"https:\/\/www.pumahue.cl\/temuco\/noticias\/celebracion-bafopu\/#primaryimage"},"thumbnailUrl":"https:\/\/www.pumahue.cl\/temuco\/wp-content\/uploads\/sites\/49\/2023\/11\/bafopu-9.png","articleSection":["Vida Escolar"],"inLanguage":"es","potentialAction":[{"@type":"CommentAction","name":"Comment","target":["https:\/\/www.pumahue.cl\/temuco\/noticias\/celebracion-bafopu\/#respond"]}]},{"@type":"WebPage","@id":"https:\/\/www.pumahue.cl\/temuco\/noticias\/celebracion-bafopu\/","url":"https:\/\/www.pumahue.cl\/temuco\/noticias\/celebracion-bafopu\/","name":"Celebraci\u00f3n BAFOPU - Colegio Pumahue Temuco","isPartOf":{"@id":"https:\/\/www.pumahue.cl\/temuco\/#website"},"primaryImageOfPage":{"@id":"https:\/\/www.pumahue.cl\/temuco\/noticias\/celebracion-bafopu\/#primaryimage"},"image":{"@id":"https:\/\/www.pumahue.cl\/temuco\/noticias\/celebracion-bafopu\/#primaryimage"},"thumbnailUrl":"https:\/\/www.pumahue.cl\/temuco\/wp-content\/uploads\/sites\/49\/2023\/11\/bafopu-9.png","datePublished":"2023-11-08T21:45:07+00:00","breadcrumb":{"@id":"https:\/\/www.pumahue.cl\/temuco\/noticias\/celebracion-bafopu\/#breadcrumb"},"inLanguage":"es","potentialAction":[{"@type":"ReadAction","target":["https:\/\/www.pumahue.cl\/temuco\/noticias\/celebracion-bafopu\/"]}]},{"@type":"ImageObject","inLanguage":"es","@id":"https:\/\/www.pumahue.cl\/temuco\/noticias\/celebracion-bafopu\/#primaryimage","url":"https:\/\/www.pumahue.cl\/temuco\/wp-content\/uploads\/sites\/49\/2023\/11\/bafopu-9.png","contentUrl":"https:\/\/www.pumahue.cl\/temuco\/wp-content\/uploads\/sites\/49\/2023\/11\/bafopu-9.png","width":836,"height":523},{"@type":"BreadcrumbList","@id":"https:\/\/www.pumahue.cl\/temuco\/noticias\/celebracion-bafopu\/#breadcrumb","itemListElement":[{"@type":"ListItem","position":1,"name":"Home","item":"https:\/\/www.pumahue.cl\/temuco\/"},{"@type":"ListItem","position":2,"name":"Celebraci\u00f3n BAFOPU"}]},{"@type":"WebSite","@id":"https:\/\/www.pumahue.cl\/temuco\/#website","url":"https:\/\/www.pumahue.cl\/temuco\/","name":"Colegio Pumahue Temuco","description":"Parte de Cognita Schools","publisher":{"@id":"https:\/\/www.pumahue.cl\/temuco\/#organization"},"potentialAction":[{"@type":"SearchAction","target":{"@type":"EntryPoint","urlTemplate":"https:\/\/www.pumahue.cl\/temuco\/?s={search_term_string}"},"query-input":{"@type":"PropertyValueSpecification","valueRequired":true,"valueName":"search_term_string"}}],"inLanguage":"es"},{"@type":"Organization","@id":"https:\/\/www.pumahue.cl\/temuco\/#organization","name":"Colegio Pumahue Temuco","url":"https:\/\/www.pumahue.cl\/temuco\/","logo":{"@type":"ImageObject","inLanguage":"es","@id":"https:\/\/www.pumahue.cl\/temuco\/#\/schema\/logo\/image\/","url":"https:\/\/www.pumahue.cl\/temuco\/wp-content\/uploads\/sites\/49\/2025\/02\/cropped-logo_Pumahue_.png","contentUrl":"https:\/\/www.pumahue.cl\/temuco\/wp-content\/uploads\/sites\/49\/2025\/02\/cropped-logo_Pumahue_.png","width":512,"height":512,"caption":"Colegio Pumahue Temuco"},"image":{"@id":"https:\/\/www.pumahue.cl\/temuco\/#\/schema\/logo\/image\/"},"sameAs":["http:\/\/www.facebook.com\/ColegiosPumahue","https:\/\/www.instagram.com\/colegiopumahue_temuco","https:\/\/www.youtube.com\/@CognitaChile"]},{"@type":"Person","@id":"https:\/\/www.pumahue.cl\/temuco\/#\/schema\/person\/0debeea140e397b5d490ee7e553255d8","name":"jorgedelcampo","image":{"@type":"ImageObject","inLanguage":"es","@id":"https:\/\/www.pumahue.cl\/temuco\/#\/schema\/person\/image\/","url":"https:\/\/secure.gravatar.com\/avatar\/4a315f521213b2dc91dbda9bf799f711c8a98ab6f5606ec42cf5b33d1e762e8a?s=96&d=mm&r=g","contentUrl":"https:\/\/secure.gravatar.com\/avatar\/4a315f521213b2dc91dbda9bf799f711c8a98ab6f5606ec42cf5b33d1e762e8a?s=96&d=mm&r=g","caption":"jorgedelcampo"}}]}},"jetpack_featured_media_url":"https:\/\/www.pumahue.cl\/temuco\/wp-content\/uploads\/sites\/49\/2023\/11\/bafopu-9.png","previous_post_ID":24036,"previous_post_title":"School of the Future 2023","previous_post_excerpt":"Desde el 06 al 08 de noviembre se desarroll\u00f3 en nuestro colegio el School of the Future 2023, jornadas especiales en que se presentaron diferentes proyectos de estudiantes que dan cuenta de sus competencias digitales aplicadas al aprendizaje y a la vida en sociedad. Este a\u00f1o las tem\u00e1ticas fueron determinadas seg\u00fan ciclo de ense\u00f1anza, por [&hellip;]","previous_post_link":"https:\/\/www.pumahue.cl\/temuco\/noticias\/school-of-the-future-2023\/","previous_post_class":["post-24036","post","type-post","status-publish","format-standard","has-post-thumbnail","hentry","category-vida-escolar"],"next_post_ID":24063,"next_post_title":"F\u00fatbol del Pumahue se luce en Campeonato Municipal\u00a0","next_post_excerpt":"Desde el lunes 06 de noviembre \u201cLos Pumas\u201d de nuestro colegio se encuentran participando en el \u201cCampeonato de F\u00fatbol Municipal Primavera 2023\u201d, donde participan las categor\u00edas 2011\/12 a cargo de Mister Alvaro Ortiz y la Categor\u00eda 2013\/14 a cargo de Mister Jos\u00e9 Moreno. Hasta la publicaci\u00f3n de esta nota, la categor\u00eda 2011\/12, gan\u00f3 al Colegio [&hellip;]","next_post_link":"https:\/\/www.pumahue.cl\/temuco\/noticias\/futbol-del-pumahue-se-luce-en-campeonato-municipal\/","next_post_class":["post-24063","post","type-post","status-publish","format-standard","has-post-thumbnail","hentry","category-vida-escolar"],"jetpack_sharing_enabled":true,"_links":{"self":[{"href":"https:\/\/www.pumahue.cl\/temuco\/wp-json\/wp\/v2\/posts\/24039","targetHints":{"allow":["GET"]}}],"collection":[{"href":"https:\/\/www.pumahue.cl\/temuco\/wp-json\/wp\/v2\/posts"}],"about":[{"href":"https:\/\/www.pumahue.cl\/temuco\/wp-json\/wp\/v2\/types\/post"}],"author":[{"embeddable":true,"href":"https:\/\/www.pumahue.cl\/temuco\/wp-json\/wp\/v2\/users\/14"}],"replies":[{"embeddable":true,"href":"https:\/\/www.pumahue.cl\/temuco\/wp-json\/wp\/v2\/comments?post=24039"}],"version-history":[{"count":0,"href":"https:\/\/www.pumahue.cl\/temuco\/wp-json\/wp\/v2\/posts\/24039\/revisions"}],"wp:featuredmedia":[{"embeddable":true,"href":"https:\/\/www.pumahue.cl\/temuco\/wp-json\/wp\/v2\/media\/24040"}],"wp:attachment":[{"href":"https:\/\/www.pumahue.cl\/temuco\/wp-json\/wp\/v2\/media?parent=24039"}],"wp:term":[{"taxonomy":"category","embeddable":true,"href":"https:\/\/www.pumahue.cl\/temuco\/wp-json\/wp\/v2\/categories?post=24039"},{"taxonomy":"post_tag","embeddable":true,"href":"https:\/\/www.pumahue.cl\/temuco\/wp-json\/wp\/v2\/tags?post=24039"}],"curies":[{"name":"wp","href":"https:\/\/api.w.org\/{rel}","templated":true}]}}