{"id":25086,"date":"2024-06-24T14:11:01","date_gmt":"2024-06-24T18:11:01","guid":{"rendered":"https:\/\/www.pumahue.cl\/temuco\/?p=25086"},"modified":"2024-06-24T14:11:01","modified_gmt":"2024-06-24T18:11:01","slug":"participacion-de-nuestros-alumnos-en-campeonato-de-matematicas","status":"publish","type":"post","link":"https:\/\/www.pumahue.cl\/temuco\/noticias\/participacion-de-nuestros-alumnos-en-campeonato-de-matematicas\/","title":{"rendered":"Participaci\u00f3n de nuestros alumnos en Campeonato de Matem\u00e1ticas"},"content":{"rendered":"\n<p>Estamos orgullosos de nuestros alumnos, quienes han demostrado sus brillantes capacidades y nos han representado con gran profesionalismo en este campeonato. \u00a1Felicidades a todos por su destacada participaci\u00f3n!<\/p>\n\n\n\n<p>Con gran alegr\u00eda compartimos con ustedes la n\u00f3mina de ganadores del campeonato de matem\u00e1ticas de la Universidad de la Frontera. <\/p>\n\n\n\n<p>Queremos reconocer y felicitar a estos talentosos estudiantes por su destacado logro. <\/p>\n\n\n\n<p><strong>Categor\u00eda B\u00e1sica:  <\/strong><\/p>\n\n\n\n<p>4\u00b0A: Lucas Palomino, plata. <\/p>\n\n\n\n<p>4\u00b0D:Maximiliano Bustos, oro . <\/p>\n\n\n\n<p>5\u00b0A: Amanda Alarc\u00f3n, bronce.  <\/p>\n\n\n\n<p>5\u00b0B: Ignacio Varela, plata .<\/p>\n\n\n\n<p><strong>Categor\u00eda Media: <\/strong><\/p>\n\n\n\n<p>7\u00b0A: An\u00edbal Sep\u00falveda, bronce.<\/p>\n\n\n\n<p> 8\u00b0B: Diego Moraga, oro.<\/p>\n\n\n\n<p>III A: Vicente Acu\u00f1a, plata.<\/p>\n\n\n\n<p>III C: Gabriel Galarza, plata. <\/p>\n\n\n\n<p>IV A: Ignacio Schuwirth, plata. <\/p>\n\n\n\n<p><\/p>\n"},"excerpt":{"rendered":"<p>Estamos orgullosos de nuestros alumnos, quienes han demostrado sus brillantes capacidades y nos han representado con gran profesionalismo en este campeonato. \u00a1Felicidades a todos por su destacada participaci\u00f3n! Con gran alegr\u00eda compartimos con ustedes la n\u00f3mina de ganadores del campeonato de matem\u00e1ticas de la Universidad de la Frontera. Queremos reconocer y felicitar a estos talentosos [&hellip;]<\/p>\n","protected":false},"author":14,"featured_media":25087,"comment_status":"open","ping_status":"open","sticky":false,"template":"","format":"standard","meta":{"_acf_changed":false,"content-type":"","_jetpack_memberships_contains_paid_content":false,"footnotes":""},"categories":[1],"tags":[],"class_list":["post-25086","post","type-post","status-publish","format-standard","has-post-thumbnail","hentry","category-vida-escolar"],"acf":[],"yoast_head":"<!-- This site is optimized with the Yoast SEO plugin v27.1.1 - https:\/\/yoast.com\/product\/yoast-seo-wordpress\/ -->\n<title>Participaci\u00f3n de nuestros alumnos en Campeonato de Matem\u00e1ticas - Colegio Pumahue Temuco<\/title>\n<meta name=\"robots\" content=\"index, follow, max-snippet:-1, max-image-preview:large, max-video-preview:-1\" \/>\n<link rel=\"canonical\" href=\"https:\/\/www.pumahue.cl\/temuco\/noticias\/participacion-de-nuestros-alumnos-en-campeonato-de-matematicas\/\" \/>\n<meta property=\"og:locale\" content=\"es_ES\" \/>\n<meta property=\"og:type\" content=\"article\" \/>\n<meta property=\"og:title\" content=\"Participaci\u00f3n de nuestros alumnos en Campeonato de Matem\u00e1ticas - Colegio Pumahue Temuco\" \/>\n<meta property=\"og:description\" content=\"Estamos orgullosos de nuestros alumnos, quienes han demostrado sus brillantes capacidades y nos han representado con gran profesionalismo en este campeonato. \u00a1Felicidades a todos por su destacada participaci\u00f3n! Con gran alegr\u00eda compartimos con ustedes la n\u00f3mina de ganadores del campeonato de matem\u00e1ticas de la Universidad de la Frontera. Queremos reconocer y felicitar a estos talentosos [&hellip;]\" \/>\n<meta property=\"og:url\" content=\"https:\/\/www.pumahue.cl\/temuco\/noticias\/participacion-de-nuestros-alumnos-en-campeonato-de-matematicas\/\" \/>\n<meta property=\"og:site_name\" content=\"Colegio Pumahue Temuco\" \/>\n<meta property=\"article:publisher\" content=\"http:\/\/www.facebook.com\/ColegiosPumahue\" \/>\n<meta property=\"article:published_time\" content=\"2024-06-24T18:11:01+00:00\" \/>\n<meta property=\"og:image\" content=\"https:\/\/www.pumahue.cl\/temuco\/wp-content\/uploads\/sites\/49\/2024\/06\/Olimpiadas-Colegio-Pumahue-Temuco-1.png\" \/>\n\t<meta property=\"og:image:width\" content=\"836\" \/>\n\t<meta property=\"og:image:height\" content=\"523\" \/>\n\t<meta property=\"og:image:type\" content=\"image\/png\" \/>\n<meta name=\"author\" content=\"jorgedelcampo\" \/>\n<meta name=\"twitter:card\" content=\"summary_large_image\" \/>\n<meta name=\"twitter:label1\" content=\"Escrito por\" \/>\n\t<meta name=\"twitter:data1\" content=\"jorgedelcampo\" \/>\n\t<meta name=\"twitter:label2\" content=\"Tiempo de lectura\" \/>\n\t<meta name=\"twitter:data2\" content=\"1 minuto\" \/>\n<script type=\"application\/ld+json\" class=\"yoast-schema-graph\">{\"@context\":\"https:\/\/schema.org\",\"@graph\":[{\"@type\":\"Article\",\"@id\":\"https:\/\/www.pumahue.cl\/temuco\/noticias\/participacion-de-nuestros-alumnos-en-campeonato-de-matematicas\/#article\",\"isPartOf\":{\"@id\":\"https:\/\/www.pumahue.cl\/temuco\/noticias\/participacion-de-nuestros-alumnos-en-campeonato-de-matematicas\/\"},\"author\":{\"name\":\"jorgedelcampo\",\"@id\":\"https:\/\/www.pumahue.cl\/temuco\/#\/schema\/person\/0debeea140e397b5d490ee7e553255d8\"},\"headline\":\"Participaci\u00f3n de nuestros alumnos en Campeonato de Matem\u00e1ticas\",\"datePublished\":\"2024-06-24T18:11:01+00:00\",\"mainEntityOfPage\":{\"@id\":\"https:\/\/www.pumahue.cl\/temuco\/noticias\/participacion-de-nuestros-alumnos-en-campeonato-de-matematicas\/\"},\"wordCount\":124,\"commentCount\":0,\"publisher\":{\"@id\":\"https:\/\/www.pumahue.cl\/temuco\/#organization\"},\"image\":{\"@id\":\"https:\/\/www.pumahue.cl\/temuco\/noticias\/participacion-de-nuestros-alumnos-en-campeonato-de-matematicas\/#primaryimage\"},\"thumbnailUrl\":\"https:\/\/www.pumahue.cl\/temuco\/wp-content\/uploads\/sites\/49\/2024\/06\/Olimpiadas-Colegio-Pumahue-Temuco-1.png\",\"articleSection\":[\"Vida Escolar\"],\"inLanguage\":\"es\",\"potentialAction\":[{\"@type\":\"CommentAction\",\"name\":\"Comment\",\"target\":[\"https:\/\/www.pumahue.cl\/temuco\/noticias\/participacion-de-nuestros-alumnos-en-campeonato-de-matematicas\/#respond\"]}]},{\"@type\":\"WebPage\",\"@id\":\"https:\/\/www.pumahue.cl\/temuco\/noticias\/participacion-de-nuestros-alumnos-en-campeonato-de-matematicas\/\",\"url\":\"https:\/\/www.pumahue.cl\/temuco\/noticias\/participacion-de-nuestros-alumnos-en-campeonato-de-matematicas\/\",\"name\":\"Participaci\u00f3n de nuestros alumnos en Campeonato de Matem\u00e1ticas - Colegio Pumahue Temuco\",\"isPartOf\":{\"@id\":\"https:\/\/www.pumahue.cl\/temuco\/#website\"},\"primaryImageOfPage\":{\"@id\":\"https:\/\/www.pumahue.cl\/temuco\/noticias\/participacion-de-nuestros-alumnos-en-campeonato-de-matematicas\/#primaryimage\"},\"image\":{\"@id\":\"https:\/\/www.pumahue.cl\/temuco\/noticias\/participacion-de-nuestros-alumnos-en-campeonato-de-matematicas\/#primaryimage\"},\"thumbnailUrl\":\"https:\/\/www.pumahue.cl\/temuco\/wp-content\/uploads\/sites\/49\/2024\/06\/Olimpiadas-Colegio-Pumahue-Temuco-1.png\",\"datePublished\":\"2024-06-24T18:11:01+00:00\",\"breadcrumb\":{\"@id\":\"https:\/\/www.pumahue.cl\/temuco\/noticias\/participacion-de-nuestros-alumnos-en-campeonato-de-matematicas\/#breadcrumb\"},\"inLanguage\":\"es\",\"potentialAction\":[{\"@type\":\"ReadAction\",\"target\":[\"https:\/\/www.pumahue.cl\/temuco\/noticias\/participacion-de-nuestros-alumnos-en-campeonato-de-matematicas\/\"]}]},{\"@type\":\"ImageObject\",\"inLanguage\":\"es\",\"@id\":\"https:\/\/www.pumahue.cl\/temuco\/noticias\/participacion-de-nuestros-alumnos-en-campeonato-de-matematicas\/#primaryimage\",\"url\":\"https:\/\/www.pumahue.cl\/temuco\/wp-content\/uploads\/sites\/49\/2024\/06\/Olimpiadas-Colegio-Pumahue-Temuco-1.png\",\"contentUrl\":\"https:\/\/www.pumahue.cl\/temuco\/wp-content\/uploads\/sites\/49\/2024\/06\/Olimpiadas-Colegio-Pumahue-Temuco-1.png\",\"width\":836,\"height\":523},{\"@type\":\"BreadcrumbList\",\"@id\":\"https:\/\/www.pumahue.cl\/temuco\/noticias\/participacion-de-nuestros-alumnos-en-campeonato-de-matematicas\/#breadcrumb\",\"itemListElement\":[{\"@type\":\"ListItem\",\"position\":1,\"name\":\"Home\",\"item\":\"https:\/\/www.pumahue.cl\/temuco\/\"},{\"@type\":\"ListItem\",\"position\":2,\"name\":\"Participaci\u00f3n de nuestros alumnos en Campeonato de Matem\u00e1ticas\"}]},{\"@type\":\"WebSite\",\"@id\":\"https:\/\/www.pumahue.cl\/temuco\/#website\",\"url\":\"https:\/\/www.pumahue.cl\/temuco\/\",\"name\":\"Colegio Pumahue Temuco\",\"description\":\"Parte de Cognita Schools\",\"publisher\":{\"@id\":\"https:\/\/www.pumahue.cl\/temuco\/#organization\"},\"potentialAction\":[{\"@type\":\"SearchAction\",\"target\":{\"@type\":\"EntryPoint\",\"urlTemplate\":\"https:\/\/www.pumahue.cl\/temuco\/?s={search_term_string}\"},\"query-input\":{\"@type\":\"PropertyValueSpecification\",\"valueRequired\":true,\"valueName\":\"search_term_string\"}}],\"inLanguage\":\"es\"},{\"@type\":\"Organization\",\"@id\":\"https:\/\/www.pumahue.cl\/temuco\/#organization\",\"name\":\"Colegio Pumahue Temuco\",\"url\":\"https:\/\/www.pumahue.cl\/temuco\/\",\"logo\":{\"@type\":\"ImageObject\",\"inLanguage\":\"es\",\"@id\":\"https:\/\/www.pumahue.cl\/temuco\/#\/schema\/logo\/image\/\",\"url\":\"https:\/\/www.pumahue.cl\/temuco\/wp-content\/uploads\/sites\/49\/2025\/02\/cropped-logo_Pumahue_.png\",\"contentUrl\":\"https:\/\/www.pumahue.cl\/temuco\/wp-content\/uploads\/sites\/49\/2025\/02\/cropped-logo_Pumahue_.png\",\"width\":512,\"height\":512,\"caption\":\"Colegio Pumahue Temuco\"},\"image\":{\"@id\":\"https:\/\/www.pumahue.cl\/temuco\/#\/schema\/logo\/image\/\"},\"sameAs\":[\"http:\/\/www.facebook.com\/ColegiosPumahue\",\"https:\/\/www.instagram.com\/colegiopumahue_temuco\",\"https:\/\/www.youtube.com\/@CognitaChile\"]},{\"@type\":\"Person\",\"@id\":\"https:\/\/www.pumahue.cl\/temuco\/#\/schema\/person\/0debeea140e397b5d490ee7e553255d8\",\"name\":\"jorgedelcampo\",\"image\":{\"@type\":\"ImageObject\",\"inLanguage\":\"es\",\"@id\":\"https:\/\/www.pumahue.cl\/temuco\/#\/schema\/person\/image\/\",\"url\":\"https:\/\/secure.gravatar.com\/avatar\/4a315f521213b2dc91dbda9bf799f711c8a98ab6f5606ec42cf5b33d1e762e8a?s=96&d=mm&r=g\",\"contentUrl\":\"https:\/\/secure.gravatar.com\/avatar\/4a315f521213b2dc91dbda9bf799f711c8a98ab6f5606ec42cf5b33d1e762e8a?s=96&d=mm&r=g\",\"caption\":\"jorgedelcampo\"}}]}<\/script>\n<!-- \/ Yoast SEO plugin. -->","yoast_head_json":{"title":"Participaci\u00f3n de nuestros alumnos en Campeonato de Matem\u00e1ticas - Colegio Pumahue Temuco","robots":{"index":"index","follow":"follow","max-snippet":"max-snippet:-1","max-image-preview":"max-image-preview:large","max-video-preview":"max-video-preview:-1"},"canonical":"https:\/\/www.pumahue.cl\/temuco\/noticias\/participacion-de-nuestros-alumnos-en-campeonato-de-matematicas\/","og_locale":"es_ES","og_type":"article","og_title":"Participaci\u00f3n de nuestros alumnos en Campeonato de Matem\u00e1ticas - Colegio Pumahue Temuco","og_description":"Estamos orgullosos de nuestros alumnos, quienes han demostrado sus brillantes capacidades y nos han representado con gran profesionalismo en este campeonato. \u00a1Felicidades a todos por su destacada participaci\u00f3n! Con gran alegr\u00eda compartimos con ustedes la n\u00f3mina de ganadores del campeonato de matem\u00e1ticas de la Universidad de la Frontera. Queremos reconocer y felicitar a estos talentosos [&hellip;]","og_url":"https:\/\/www.pumahue.cl\/temuco\/noticias\/participacion-de-nuestros-alumnos-en-campeonato-de-matematicas\/","og_site_name":"Colegio Pumahue Temuco","article_publisher":"http:\/\/www.facebook.com\/ColegiosPumahue","article_published_time":"2024-06-24T18:11:01+00:00","og_image":[{"width":836,"height":523,"url":"https:\/\/www.pumahue.cl\/temuco\/wp-content\/uploads\/sites\/49\/2024\/06\/Olimpiadas-Colegio-Pumahue-Temuco-1.png","type":"image\/png"}],"author":"jorgedelcampo","twitter_card":"summary_large_image","twitter_misc":{"Escrito por":"jorgedelcampo","Tiempo de lectura":"1 minuto"},"schema":{"@context":"https:\/\/schema.org","@graph":[{"@type":"Article","@id":"https:\/\/www.pumahue.cl\/temuco\/noticias\/participacion-de-nuestros-alumnos-en-campeonato-de-matematicas\/#article","isPartOf":{"@id":"https:\/\/www.pumahue.cl\/temuco\/noticias\/participacion-de-nuestros-alumnos-en-campeonato-de-matematicas\/"},"author":{"name":"jorgedelcampo","@id":"https:\/\/www.pumahue.cl\/temuco\/#\/schema\/person\/0debeea140e397b5d490ee7e553255d8"},"headline":"Participaci\u00f3n de nuestros alumnos en Campeonato de Matem\u00e1ticas","datePublished":"2024-06-24T18:11:01+00:00","mainEntityOfPage":{"@id":"https:\/\/www.pumahue.cl\/temuco\/noticias\/participacion-de-nuestros-alumnos-en-campeonato-de-matematicas\/"},"wordCount":124,"commentCount":0,"publisher":{"@id":"https:\/\/www.pumahue.cl\/temuco\/#organization"},"image":{"@id":"https:\/\/www.pumahue.cl\/temuco\/noticias\/participacion-de-nuestros-alumnos-en-campeonato-de-matematicas\/#primaryimage"},"thumbnailUrl":"https:\/\/www.pumahue.cl\/temuco\/wp-content\/uploads\/sites\/49\/2024\/06\/Olimpiadas-Colegio-Pumahue-Temuco-1.png","articleSection":["Vida Escolar"],"inLanguage":"es","potentialAction":[{"@type":"CommentAction","name":"Comment","target":["https:\/\/www.pumahue.cl\/temuco\/noticias\/participacion-de-nuestros-alumnos-en-campeonato-de-matematicas\/#respond"]}]},{"@type":"WebPage","@id":"https:\/\/www.pumahue.cl\/temuco\/noticias\/participacion-de-nuestros-alumnos-en-campeonato-de-matematicas\/","url":"https:\/\/www.pumahue.cl\/temuco\/noticias\/participacion-de-nuestros-alumnos-en-campeonato-de-matematicas\/","name":"Participaci\u00f3n de nuestros alumnos en Campeonato de Matem\u00e1ticas - Colegio Pumahue Temuco","isPartOf":{"@id":"https:\/\/www.pumahue.cl\/temuco\/#website"},"primaryImageOfPage":{"@id":"https:\/\/www.pumahue.cl\/temuco\/noticias\/participacion-de-nuestros-alumnos-en-campeonato-de-matematicas\/#primaryimage"},"image":{"@id":"https:\/\/www.pumahue.cl\/temuco\/noticias\/participacion-de-nuestros-alumnos-en-campeonato-de-matematicas\/#primaryimage"},"thumbnailUrl":"https:\/\/www.pumahue.cl\/temuco\/wp-content\/uploads\/sites\/49\/2024\/06\/Olimpiadas-Colegio-Pumahue-Temuco-1.png","datePublished":"2024-06-24T18:11:01+00:00","breadcrumb":{"@id":"https:\/\/www.pumahue.cl\/temuco\/noticias\/participacion-de-nuestros-alumnos-en-campeonato-de-matematicas\/#breadcrumb"},"inLanguage":"es","potentialAction":[{"@type":"ReadAction","target":["https:\/\/www.pumahue.cl\/temuco\/noticias\/participacion-de-nuestros-alumnos-en-campeonato-de-matematicas\/"]}]},{"@type":"ImageObject","inLanguage":"es","@id":"https:\/\/www.pumahue.cl\/temuco\/noticias\/participacion-de-nuestros-alumnos-en-campeonato-de-matematicas\/#primaryimage","url":"https:\/\/www.pumahue.cl\/temuco\/wp-content\/uploads\/sites\/49\/2024\/06\/Olimpiadas-Colegio-Pumahue-Temuco-1.png","contentUrl":"https:\/\/www.pumahue.cl\/temuco\/wp-content\/uploads\/sites\/49\/2024\/06\/Olimpiadas-Colegio-Pumahue-Temuco-1.png","width":836,"height":523},{"@type":"BreadcrumbList","@id":"https:\/\/www.pumahue.cl\/temuco\/noticias\/participacion-de-nuestros-alumnos-en-campeonato-de-matematicas\/#breadcrumb","itemListElement":[{"@type":"ListItem","position":1,"name":"Home","item":"https:\/\/www.pumahue.cl\/temuco\/"},{"@type":"ListItem","position":2,"name":"Participaci\u00f3n de nuestros alumnos en Campeonato de Matem\u00e1ticas"}]},{"@type":"WebSite","@id":"https:\/\/www.pumahue.cl\/temuco\/#website","url":"https:\/\/www.pumahue.cl\/temuco\/","name":"Colegio Pumahue Temuco","description":"Parte de Cognita Schools","publisher":{"@id":"https:\/\/www.pumahue.cl\/temuco\/#organization"},"potentialAction":[{"@type":"SearchAction","target":{"@type":"EntryPoint","urlTemplate":"https:\/\/www.pumahue.cl\/temuco\/?s={search_term_string}"},"query-input":{"@type":"PropertyValueSpecification","valueRequired":true,"valueName":"search_term_string"}}],"inLanguage":"es"},{"@type":"Organization","@id":"https:\/\/www.pumahue.cl\/temuco\/#organization","name":"Colegio Pumahue Temuco","url":"https:\/\/www.pumahue.cl\/temuco\/","logo":{"@type":"ImageObject","inLanguage":"es","@id":"https:\/\/www.pumahue.cl\/temuco\/#\/schema\/logo\/image\/","url":"https:\/\/www.pumahue.cl\/temuco\/wp-content\/uploads\/sites\/49\/2025\/02\/cropped-logo_Pumahue_.png","contentUrl":"https:\/\/www.pumahue.cl\/temuco\/wp-content\/uploads\/sites\/49\/2025\/02\/cropped-logo_Pumahue_.png","width":512,"height":512,"caption":"Colegio Pumahue Temuco"},"image":{"@id":"https:\/\/www.pumahue.cl\/temuco\/#\/schema\/logo\/image\/"},"sameAs":["http:\/\/www.facebook.com\/ColegiosPumahue","https:\/\/www.instagram.com\/colegiopumahue_temuco","https:\/\/www.youtube.com\/@CognitaChile"]},{"@type":"Person","@id":"https:\/\/www.pumahue.cl\/temuco\/#\/schema\/person\/0debeea140e397b5d490ee7e553255d8","name":"jorgedelcampo","image":{"@type":"ImageObject","inLanguage":"es","@id":"https:\/\/www.pumahue.cl\/temuco\/#\/schema\/person\/image\/","url":"https:\/\/secure.gravatar.com\/avatar\/4a315f521213b2dc91dbda9bf799f711c8a98ab6f5606ec42cf5b33d1e762e8a?s=96&d=mm&r=g","contentUrl":"https:\/\/secure.gravatar.com\/avatar\/4a315f521213b2dc91dbda9bf799f711c8a98ab6f5606ec42cf5b33d1e762e8a?s=96&d=mm&r=g","caption":"jorgedelcampo"}}]}},"jetpack_featured_media_url":"https:\/\/www.pumahue.cl\/temuco\/wp-content\/uploads\/sites\/49\/2024\/06\/Olimpiadas-Colegio-Pumahue-Temuco-1.png","previous_post_ID":25081,"previous_post_title":"BraveUp : Prevenci\u00f3n y Detecci\u00f3n de problemas de Convivencia Escolar","previous_post_excerpt":"Nos complace informarles sobre la implementaci\u00f3n de BraveUp en nuestro colegio, una nueva herramienta para apoyar a nuestros Equipos Directivos y de Convivencia Escolar en la comprensi\u00f3n y gesti\u00f3n de las relaciones entre nuestros estudiantes, aspirando a potenciar relaciones sanas y positivas, prevenir conflictos e intervenir de manera efectiva en caso de que surjan situaciones [&hellip;]","previous_post_link":"https:\/\/www.pumahue.cl\/temuco\/noticias\/que-es-brave-up\/","previous_post_class":["post-25081","post","type-post","status-publish","format-standard","has-post-thumbnail","hentry","category-vida-escolar"],"next_post_ID":25094,"next_post_title":"Colegio Pumahue Temuco, participa en taller de convivencia escolar con Superintendencia de Educaci\u00f3n","next_post_excerpt":"Queremos informarles que el pasado mi\u00e9rcoles 5 de junio, nuestro Rector Franklin \u00c1vila, el equipo directivo y Javiera Sandoval, delegada de Salvaguarda (DSL) participaron en un taller organizado por la red de colegios Cognita y la Superintendencia de Educaci\u00f3n. La jornada online\u00a0cont\u00f3 con la presencia del Superintendente Nacional de Educaci\u00f3n, Mauricio Farias, el director regional [&hellip;]","next_post_link":"https:\/\/www.pumahue.cl\/temuco\/noticias\/colegio-pumahue-temuco-participa-en-taller-de-convivencia-escolar-con-superintendencia-de-educacion\/","next_post_class":["post-25094","post","type-post","status-publish","format-standard","has-post-thumbnail","hentry","category-vida-escolar"],"jetpack_sharing_enabled":true,"_links":{"self":[{"href":"https:\/\/www.pumahue.cl\/temuco\/wp-json\/wp\/v2\/posts\/25086","targetHints":{"allow":["GET"]}}],"collection":[{"href":"https:\/\/www.pumahue.cl\/temuco\/wp-json\/wp\/v2\/posts"}],"about":[{"href":"https:\/\/www.pumahue.cl\/temuco\/wp-json\/wp\/v2\/types\/post"}],"author":[{"embeddable":true,"href":"https:\/\/www.pumahue.cl\/temuco\/wp-json\/wp\/v2\/users\/14"}],"replies":[{"embeddable":true,"href":"https:\/\/www.pumahue.cl\/temuco\/wp-json\/wp\/v2\/comments?post=25086"}],"version-history":[{"count":0,"href":"https:\/\/www.pumahue.cl\/temuco\/wp-json\/wp\/v2\/posts\/25086\/revisions"}],"wp:featuredmedia":[{"embeddable":true,"href":"https:\/\/www.pumahue.cl\/temuco\/wp-json\/wp\/v2\/media\/25087"}],"wp:attachment":[{"href":"https:\/\/www.pumahue.cl\/temuco\/wp-json\/wp\/v2\/media?parent=25086"}],"wp:term":[{"taxonomy":"category","embeddable":true,"href":"https:\/\/www.pumahue.cl\/temuco\/wp-json\/wp\/v2\/categories?post=25086"},{"taxonomy":"post_tag","embeddable":true,"href":"https:\/\/www.pumahue.cl\/temuco\/wp-json\/wp\/v2\/tags?post=25086"}],"curies":[{"name":"wp","href":"https:\/\/api.w.org\/{rel}","templated":true}]}}