{"id":25102,"date":"2024-06-28T14:55:14","date_gmt":"2024-06-28T18:55:14","guid":{"rendered":"https:\/\/www.pumahue.cl\/temuco\/?p=25102"},"modified":"2024-06-28T14:55:14","modified_gmt":"2024-06-28T18:55:14","slug":"bienvenida-vacaciones-de-invierno","status":"publish","type":"post","link":"https:\/\/www.pumahue.cl\/temuco\/noticias\/bienvenida-vacaciones-de-invierno\/","title":{"rendered":"Bienvenida Vacaciones de Invierno"},"content":{"rendered":"\n<p>Hemos concluimos un semestre lleno de aprendizajes, desaf\u00edos superados y momentos inolvidables.<\/p>\n\n\n\n<p>Cada uno de ustedes ha puesto su mejor esfuerzo, demostrando resiliencia, creatividad y un esp\u00edritu incansable de superaci\u00f3n. Ahora, llega el momento de tomar un merecido descanso. Las vacaciones de invierno son una oportunidad perfecta para recargar energ\u00edas, disfrutar del calor del hogar, compartir con la familia y amigos, y, por supuesto, dedicar tiempo a aquellas actividades que nos apasionan y nos hacen felices.<\/p>\n\n\n\n<p>Que estas vacaciones les brinden momentos de alegr\u00eda, reflexi\u00f3n y renovaci\u00f3n. Agradecemos a todos por su dedicaci\u00f3n y compromiso durante estos meses. Nos sentimos orgullosos de cada uno de ustedes y esperamos verlos de regreso, renovados y listos para continuar este maravilloso viaje de aprendizaje y crecimiento. \u00a1Felices vacaciones de invierno!<\/p>\n\n\n\n<p>&nbsp;Con cari\u00f1o y aprecio, El Equipo del Colegio Pumahue Temuco.<\/p>\n"},"excerpt":{"rendered":"<p>Hemos concluimos un semestre lleno de aprendizajes, desaf\u00edos superados y momentos inolvidables. Cada uno de ustedes ha puesto su mejor esfuerzo, demostrando resiliencia, creatividad y un esp\u00edritu incansable de superaci\u00f3n. Ahora, llega el momento de tomar un merecido descanso. Las vacaciones de invierno son una oportunidad perfecta para recargar energ\u00edas, disfrutar del calor del hogar, [&hellip;]<\/p>\n","protected":false},"author":14,"featured_media":127073,"comment_status":"open","ping_status":"open","sticky":false,"template":"","format":"standard","meta":{"_acf_changed":false,"content-type":"","_jetpack_memberships_contains_paid_content":false,"footnotes":""},"categories":[1],"tags":[],"class_list":["post-25102","post","type-post","status-publish","format-standard","has-post-thumbnail","hentry","category-vida-escolar"],"acf":[],"yoast_head":"<!-- This site is optimized with the Yoast SEO plugin v27.1.1 - https:\/\/yoast.com\/product\/yoast-seo-wordpress\/ -->\n<title>Bienvenida Vacaciones de Invierno - Colegio Pumahue Temuco<\/title>\n<meta name=\"robots\" content=\"index, follow, max-snippet:-1, max-image-preview:large, max-video-preview:-1\" \/>\n<link rel=\"canonical\" href=\"https:\/\/www.pumahue.cl\/temuco\/noticias\/bienvenida-vacaciones-de-invierno\/\" \/>\n<meta property=\"og:locale\" content=\"es_ES\" \/>\n<meta property=\"og:type\" content=\"article\" \/>\n<meta property=\"og:title\" content=\"Bienvenida Vacaciones de Invierno - Colegio Pumahue Temuco\" \/>\n<meta property=\"og:description\" content=\"Hemos concluimos un semestre lleno de aprendizajes, desaf\u00edos superados y momentos inolvidables. Cada uno de ustedes ha puesto su mejor esfuerzo, demostrando resiliencia, creatividad y un esp\u00edritu incansable de superaci\u00f3n. Ahora, llega el momento de tomar un merecido descanso. Las vacaciones de invierno son una oportunidad perfecta para recargar energ\u00edas, disfrutar del calor del hogar, [&hellip;]\" \/>\n<meta property=\"og:url\" content=\"https:\/\/www.pumahue.cl\/temuco\/noticias\/bienvenida-vacaciones-de-invierno\/\" \/>\n<meta property=\"og:site_name\" content=\"Colegio Pumahue Temuco\" \/>\n<meta property=\"article:publisher\" content=\"http:\/\/www.facebook.com\/ColegiosPumahue\" \/>\n<meta property=\"article:published_time\" content=\"2024-06-28T18:55:14+00:00\" \/>\n<meta property=\"og:image\" content=\"https:\/\/www.pumahue.cl\/temuco\/wp-content\/uploads\/sites\/49\/2024\/06\/Termino-1\u00b0-semestre-Colegio-Pumahue-Temuco-7.png\" \/>\n\t<meta property=\"og:image:width\" content=\"836\" \/>\n\t<meta property=\"og:image:height\" content=\"523\" \/>\n\t<meta property=\"og:image:type\" content=\"image\/png\" \/>\n<meta name=\"author\" content=\"jorgedelcampo\" \/>\n<meta name=\"twitter:card\" content=\"summary_large_image\" \/>\n<meta name=\"twitter:label1\" content=\"Escrito por\" \/>\n\t<meta name=\"twitter:data1\" content=\"jorgedelcampo\" \/>\n\t<meta name=\"twitter:label2\" content=\"Tiempo de lectura\" \/>\n\t<meta name=\"twitter:data2\" content=\"1 minuto\" \/>\n<script type=\"application\/ld+json\" class=\"yoast-schema-graph\">{\"@context\":\"https:\/\/schema.org\",\"@graph\":[{\"@type\":\"Article\",\"@id\":\"https:\/\/www.pumahue.cl\/temuco\/noticias\/bienvenida-vacaciones-de-invierno\/#article\",\"isPartOf\":{\"@id\":\"https:\/\/www.pumahue.cl\/temuco\/noticias\/bienvenida-vacaciones-de-invierno\/\"},\"author\":{\"name\":\"jorgedelcampo\",\"@id\":\"https:\/\/www.pumahue.cl\/temuco\/#\/schema\/person\/0debeea140e397b5d490ee7e553255d8\"},\"headline\":\"Bienvenida Vacaciones de Invierno\",\"datePublished\":\"2024-06-28T18:55:14+00:00\",\"mainEntityOfPage\":{\"@id\":\"https:\/\/www.pumahue.cl\/temuco\/noticias\/bienvenida-vacaciones-de-invierno\/\"},\"wordCount\":151,\"commentCount\":0,\"publisher\":{\"@id\":\"https:\/\/www.pumahue.cl\/temuco\/#organization\"},\"image\":{\"@id\":\"https:\/\/www.pumahue.cl\/temuco\/noticias\/bienvenida-vacaciones-de-invierno\/#primaryimage\"},\"thumbnailUrl\":\"https:\/\/www.pumahue.cl\/temuco\/wp-content\/uploads\/sites\/49\/2024\/06\/Termino-1\u00b0-semestre-Colegio-Pumahue-Temuco-7.png\",\"articleSection\":[\"Vida Escolar\"],\"inLanguage\":\"es\",\"potentialAction\":[{\"@type\":\"CommentAction\",\"name\":\"Comment\",\"target\":[\"https:\/\/www.pumahue.cl\/temuco\/noticias\/bienvenida-vacaciones-de-invierno\/#respond\"]}]},{\"@type\":\"WebPage\",\"@id\":\"https:\/\/www.pumahue.cl\/temuco\/noticias\/bienvenida-vacaciones-de-invierno\/\",\"url\":\"https:\/\/www.pumahue.cl\/temuco\/noticias\/bienvenida-vacaciones-de-invierno\/\",\"name\":\"Bienvenida Vacaciones de Invierno - Colegio Pumahue Temuco\",\"isPartOf\":{\"@id\":\"https:\/\/www.pumahue.cl\/temuco\/#website\"},\"primaryImageOfPage\":{\"@id\":\"https:\/\/www.pumahue.cl\/temuco\/noticias\/bienvenida-vacaciones-de-invierno\/#primaryimage\"},\"image\":{\"@id\":\"https:\/\/www.pumahue.cl\/temuco\/noticias\/bienvenida-vacaciones-de-invierno\/#primaryimage\"},\"thumbnailUrl\":\"https:\/\/www.pumahue.cl\/temuco\/wp-content\/uploads\/sites\/49\/2024\/06\/Termino-1\u00b0-semestre-Colegio-Pumahue-Temuco-7.png\",\"datePublished\":\"2024-06-28T18:55:14+00:00\",\"breadcrumb\":{\"@id\":\"https:\/\/www.pumahue.cl\/temuco\/noticias\/bienvenida-vacaciones-de-invierno\/#breadcrumb\"},\"inLanguage\":\"es\",\"potentialAction\":[{\"@type\":\"ReadAction\",\"target\":[\"https:\/\/www.pumahue.cl\/temuco\/noticias\/bienvenida-vacaciones-de-invierno\/\"]}]},{\"@type\":\"ImageObject\",\"inLanguage\":\"es\",\"@id\":\"https:\/\/www.pumahue.cl\/temuco\/noticias\/bienvenida-vacaciones-de-invierno\/#primaryimage\",\"url\":\"https:\/\/www.pumahue.cl\/temuco\/wp-content\/uploads\/sites\/49\/2024\/06\/Termino-1\u00b0-semestre-Colegio-Pumahue-Temuco-7.png\",\"contentUrl\":\"https:\/\/www.pumahue.cl\/temuco\/wp-content\/uploads\/sites\/49\/2024\/06\/Termino-1\u00b0-semestre-Colegio-Pumahue-Temuco-7.png\",\"width\":836,\"height\":523},{\"@type\":\"BreadcrumbList\",\"@id\":\"https:\/\/www.pumahue.cl\/temuco\/noticias\/bienvenida-vacaciones-de-invierno\/#breadcrumb\",\"itemListElement\":[{\"@type\":\"ListItem\",\"position\":1,\"name\":\"Home\",\"item\":\"https:\/\/www.pumahue.cl\/temuco\/\"},{\"@type\":\"ListItem\",\"position\":2,\"name\":\"Bienvenida Vacaciones de Invierno\"}]},{\"@type\":\"WebSite\",\"@id\":\"https:\/\/www.pumahue.cl\/temuco\/#website\",\"url\":\"https:\/\/www.pumahue.cl\/temuco\/\",\"name\":\"Colegio Pumahue Temuco\",\"description\":\"Parte de Cognita Schools\",\"publisher\":{\"@id\":\"https:\/\/www.pumahue.cl\/temuco\/#organization\"},\"potentialAction\":[{\"@type\":\"SearchAction\",\"target\":{\"@type\":\"EntryPoint\",\"urlTemplate\":\"https:\/\/www.pumahue.cl\/temuco\/?s={search_term_string}\"},\"query-input\":{\"@type\":\"PropertyValueSpecification\",\"valueRequired\":true,\"valueName\":\"search_term_string\"}}],\"inLanguage\":\"es\"},{\"@type\":\"Organization\",\"@id\":\"https:\/\/www.pumahue.cl\/temuco\/#organization\",\"name\":\"Colegio Pumahue Temuco\",\"url\":\"https:\/\/www.pumahue.cl\/temuco\/\",\"logo\":{\"@type\":\"ImageObject\",\"inLanguage\":\"es\",\"@id\":\"https:\/\/www.pumahue.cl\/temuco\/#\/schema\/logo\/image\/\",\"url\":\"https:\/\/www.pumahue.cl\/temuco\/wp-content\/uploads\/sites\/49\/2025\/02\/cropped-logo_Pumahue_.png\",\"contentUrl\":\"https:\/\/www.pumahue.cl\/temuco\/wp-content\/uploads\/sites\/49\/2025\/02\/cropped-logo_Pumahue_.png\",\"width\":512,\"height\":512,\"caption\":\"Colegio Pumahue Temuco\"},\"image\":{\"@id\":\"https:\/\/www.pumahue.cl\/temuco\/#\/schema\/logo\/image\/\"},\"sameAs\":[\"http:\/\/www.facebook.com\/ColegiosPumahue\",\"https:\/\/www.instagram.com\/colegiopumahue_temuco\",\"https:\/\/www.youtube.com\/@CognitaChile\"]},{\"@type\":\"Person\",\"@id\":\"https:\/\/www.pumahue.cl\/temuco\/#\/schema\/person\/0debeea140e397b5d490ee7e553255d8\",\"name\":\"jorgedelcampo\",\"image\":{\"@type\":\"ImageObject\",\"inLanguage\":\"es\",\"@id\":\"https:\/\/www.pumahue.cl\/temuco\/#\/schema\/person\/image\/\",\"url\":\"https:\/\/secure.gravatar.com\/avatar\/4a315f521213b2dc91dbda9bf799f711c8a98ab6f5606ec42cf5b33d1e762e8a?s=96&d=mm&r=g\",\"contentUrl\":\"https:\/\/secure.gravatar.com\/avatar\/4a315f521213b2dc91dbda9bf799f711c8a98ab6f5606ec42cf5b33d1e762e8a?s=96&d=mm&r=g\",\"caption\":\"jorgedelcampo\"}}]}<\/script>\n<!-- \/ Yoast SEO plugin. -->","yoast_head_json":{"title":"Bienvenida Vacaciones de Invierno - Colegio Pumahue Temuco","robots":{"index":"index","follow":"follow","max-snippet":"max-snippet:-1","max-image-preview":"max-image-preview:large","max-video-preview":"max-video-preview:-1"},"canonical":"https:\/\/www.pumahue.cl\/temuco\/noticias\/bienvenida-vacaciones-de-invierno\/","og_locale":"es_ES","og_type":"article","og_title":"Bienvenida Vacaciones de Invierno - Colegio Pumahue Temuco","og_description":"Hemos concluimos un semestre lleno de aprendizajes, desaf\u00edos superados y momentos inolvidables. Cada uno de ustedes ha puesto su mejor esfuerzo, demostrando resiliencia, creatividad y un esp\u00edritu incansable de superaci\u00f3n. Ahora, llega el momento de tomar un merecido descanso. Las vacaciones de invierno son una oportunidad perfecta para recargar energ\u00edas, disfrutar del calor del hogar, [&hellip;]","og_url":"https:\/\/www.pumahue.cl\/temuco\/noticias\/bienvenida-vacaciones-de-invierno\/","og_site_name":"Colegio Pumahue Temuco","article_publisher":"http:\/\/www.facebook.com\/ColegiosPumahue","article_published_time":"2024-06-28T18:55:14+00:00","og_image":[{"width":836,"height":523,"url":"https:\/\/www.pumahue.cl\/temuco\/wp-content\/uploads\/sites\/49\/2024\/06\/Termino-1\u00b0-semestre-Colegio-Pumahue-Temuco-7.png","type":"image\/png"}],"author":"jorgedelcampo","twitter_card":"summary_large_image","twitter_misc":{"Escrito por":"jorgedelcampo","Tiempo de lectura":"1 minuto"},"schema":{"@context":"https:\/\/schema.org","@graph":[{"@type":"Article","@id":"https:\/\/www.pumahue.cl\/temuco\/noticias\/bienvenida-vacaciones-de-invierno\/#article","isPartOf":{"@id":"https:\/\/www.pumahue.cl\/temuco\/noticias\/bienvenida-vacaciones-de-invierno\/"},"author":{"name":"jorgedelcampo","@id":"https:\/\/www.pumahue.cl\/temuco\/#\/schema\/person\/0debeea140e397b5d490ee7e553255d8"},"headline":"Bienvenida Vacaciones de Invierno","datePublished":"2024-06-28T18:55:14+00:00","mainEntityOfPage":{"@id":"https:\/\/www.pumahue.cl\/temuco\/noticias\/bienvenida-vacaciones-de-invierno\/"},"wordCount":151,"commentCount":0,"publisher":{"@id":"https:\/\/www.pumahue.cl\/temuco\/#organization"},"image":{"@id":"https:\/\/www.pumahue.cl\/temuco\/noticias\/bienvenida-vacaciones-de-invierno\/#primaryimage"},"thumbnailUrl":"https:\/\/www.pumahue.cl\/temuco\/wp-content\/uploads\/sites\/49\/2024\/06\/Termino-1\u00b0-semestre-Colegio-Pumahue-Temuco-7.png","articleSection":["Vida Escolar"],"inLanguage":"es","potentialAction":[{"@type":"CommentAction","name":"Comment","target":["https:\/\/www.pumahue.cl\/temuco\/noticias\/bienvenida-vacaciones-de-invierno\/#respond"]}]},{"@type":"WebPage","@id":"https:\/\/www.pumahue.cl\/temuco\/noticias\/bienvenida-vacaciones-de-invierno\/","url":"https:\/\/www.pumahue.cl\/temuco\/noticias\/bienvenida-vacaciones-de-invierno\/","name":"Bienvenida Vacaciones de Invierno - Colegio Pumahue Temuco","isPartOf":{"@id":"https:\/\/www.pumahue.cl\/temuco\/#website"},"primaryImageOfPage":{"@id":"https:\/\/www.pumahue.cl\/temuco\/noticias\/bienvenida-vacaciones-de-invierno\/#primaryimage"},"image":{"@id":"https:\/\/www.pumahue.cl\/temuco\/noticias\/bienvenida-vacaciones-de-invierno\/#primaryimage"},"thumbnailUrl":"https:\/\/www.pumahue.cl\/temuco\/wp-content\/uploads\/sites\/49\/2024\/06\/Termino-1\u00b0-semestre-Colegio-Pumahue-Temuco-7.png","datePublished":"2024-06-28T18:55:14+00:00","breadcrumb":{"@id":"https:\/\/www.pumahue.cl\/temuco\/noticias\/bienvenida-vacaciones-de-invierno\/#breadcrumb"},"inLanguage":"es","potentialAction":[{"@type":"ReadAction","target":["https:\/\/www.pumahue.cl\/temuco\/noticias\/bienvenida-vacaciones-de-invierno\/"]}]},{"@type":"ImageObject","inLanguage":"es","@id":"https:\/\/www.pumahue.cl\/temuco\/noticias\/bienvenida-vacaciones-de-invierno\/#primaryimage","url":"https:\/\/www.pumahue.cl\/temuco\/wp-content\/uploads\/sites\/49\/2024\/06\/Termino-1\u00b0-semestre-Colegio-Pumahue-Temuco-7.png","contentUrl":"https:\/\/www.pumahue.cl\/temuco\/wp-content\/uploads\/sites\/49\/2024\/06\/Termino-1\u00b0-semestre-Colegio-Pumahue-Temuco-7.png","width":836,"height":523},{"@type":"BreadcrumbList","@id":"https:\/\/www.pumahue.cl\/temuco\/noticias\/bienvenida-vacaciones-de-invierno\/#breadcrumb","itemListElement":[{"@type":"ListItem","position":1,"name":"Home","item":"https:\/\/www.pumahue.cl\/temuco\/"},{"@type":"ListItem","position":2,"name":"Bienvenida Vacaciones de Invierno"}]},{"@type":"WebSite","@id":"https:\/\/www.pumahue.cl\/temuco\/#website","url":"https:\/\/www.pumahue.cl\/temuco\/","name":"Colegio Pumahue Temuco","description":"Parte de Cognita Schools","publisher":{"@id":"https:\/\/www.pumahue.cl\/temuco\/#organization"},"potentialAction":[{"@type":"SearchAction","target":{"@type":"EntryPoint","urlTemplate":"https:\/\/www.pumahue.cl\/temuco\/?s={search_term_string}"},"query-input":{"@type":"PropertyValueSpecification","valueRequired":true,"valueName":"search_term_string"}}],"inLanguage":"es"},{"@type":"Organization","@id":"https:\/\/www.pumahue.cl\/temuco\/#organization","name":"Colegio Pumahue Temuco","url":"https:\/\/www.pumahue.cl\/temuco\/","logo":{"@type":"ImageObject","inLanguage":"es","@id":"https:\/\/www.pumahue.cl\/temuco\/#\/schema\/logo\/image\/","url":"https:\/\/www.pumahue.cl\/temuco\/wp-content\/uploads\/sites\/49\/2025\/02\/cropped-logo_Pumahue_.png","contentUrl":"https:\/\/www.pumahue.cl\/temuco\/wp-content\/uploads\/sites\/49\/2025\/02\/cropped-logo_Pumahue_.png","width":512,"height":512,"caption":"Colegio Pumahue Temuco"},"image":{"@id":"https:\/\/www.pumahue.cl\/temuco\/#\/schema\/logo\/image\/"},"sameAs":["http:\/\/www.facebook.com\/ColegiosPumahue","https:\/\/www.instagram.com\/colegiopumahue_temuco","https:\/\/www.youtube.com\/@CognitaChile"]},{"@type":"Person","@id":"https:\/\/www.pumahue.cl\/temuco\/#\/schema\/person\/0debeea140e397b5d490ee7e553255d8","name":"jorgedelcampo","image":{"@type":"ImageObject","inLanguage":"es","@id":"https:\/\/www.pumahue.cl\/temuco\/#\/schema\/person\/image\/","url":"https:\/\/secure.gravatar.com\/avatar\/4a315f521213b2dc91dbda9bf799f711c8a98ab6f5606ec42cf5b33d1e762e8a?s=96&d=mm&r=g","contentUrl":"https:\/\/secure.gravatar.com\/avatar\/4a315f521213b2dc91dbda9bf799f711c8a98ab6f5606ec42cf5b33d1e762e8a?s=96&d=mm&r=g","caption":"jorgedelcampo"}}]}},"jetpack_featured_media_url":"https:\/\/www.pumahue.cl\/temuco\/wp-content\/uploads\/sites\/49\/2024\/06\/Termino-1\u00b0-semestre-Colegio-Pumahue-Temuco-7.png","previous_post_ID":25094,"previous_post_title":"Colegio Pumahue Temuco, participa en taller de convivencia escolar con Superintendencia de Educaci\u00f3n","previous_post_excerpt":"Queremos informarles que el pasado mi\u00e9rcoles 5 de junio, nuestro Rector Franklin \u00c1vila, el equipo directivo y Javiera Sandoval, delegada de Salvaguarda (DSL) participaron en un taller organizado por la red de colegios Cognita y la Superintendencia de Educaci\u00f3n. La jornada online\u00a0cont\u00f3 con la presencia del Superintendente Nacional de Educaci\u00f3n, Mauricio Farias, el director regional [&hellip;]","previous_post_link":"https:\/\/www.pumahue.cl\/temuco\/noticias\/colegio-pumahue-temuco-participa-en-taller-de-convivencia-escolar-con-superintendencia-de-educacion\/","previous_post_class":["post-25094","post","type-post","status-publish","format-standard","has-post-thumbnail","hentry","category-vida-escolar"],"next_post_ID":25204,"next_post_title":"La voz de los estudiantes","next_post_excerpt":"En el mes de Julio, una vez m\u00e1s nos reunimos con los Coordinadores Campur de 5\u00b0 a IV medio en nuestra reuni\u00f3n mensual. Este encuentro, en el que participan nuestro Rector, el equipo directivo y la encargada de convivencia escolar, tiene como objetivo escuchar la voz de los estudiantes. Instancia que nos brinda una oportunidad [&hellip;]","next_post_link":"https:\/\/www.pumahue.cl\/temuco\/noticias\/la-voz-de-los-estudiantes\/","next_post_class":["post-25204","post","type-post","status-publish","format-standard","has-post-thumbnail","hentry","category-vida-escolar"],"jetpack_sharing_enabled":true,"_links":{"self":[{"href":"https:\/\/www.pumahue.cl\/temuco\/wp-json\/wp\/v2\/posts\/25102","targetHints":{"allow":["GET"]}}],"collection":[{"href":"https:\/\/www.pumahue.cl\/temuco\/wp-json\/wp\/v2\/posts"}],"about":[{"href":"https:\/\/www.pumahue.cl\/temuco\/wp-json\/wp\/v2\/types\/post"}],"author":[{"embeddable":true,"href":"https:\/\/www.pumahue.cl\/temuco\/wp-json\/wp\/v2\/users\/14"}],"replies":[{"embeddable":true,"href":"https:\/\/www.pumahue.cl\/temuco\/wp-json\/wp\/v2\/comments?post=25102"}],"version-history":[{"count":0,"href":"https:\/\/www.pumahue.cl\/temuco\/wp-json\/wp\/v2\/posts\/25102\/revisions"}],"wp:featuredmedia":[{"embeddable":true,"href":"https:\/\/www.pumahue.cl\/temuco\/wp-json\/wp\/v2\/media\/127073"}],"wp:attachment":[{"href":"https:\/\/www.pumahue.cl\/temuco\/wp-json\/wp\/v2\/media?parent=25102"}],"wp:term":[{"taxonomy":"category","embeddable":true,"href":"https:\/\/www.pumahue.cl\/temuco\/wp-json\/wp\/v2\/categories?post=25102"},{"taxonomy":"post_tag","embeddable":true,"href":"https:\/\/www.pumahue.cl\/temuco\/wp-json\/wp\/v2\/tags?post=25102"}],"curies":[{"name":"wp","href":"https:\/\/api.w.org\/{rel}","templated":true}]}}